{"id":177204,"date":"2019-07-03T11:46:42","date_gmt":"2019-07-03T08:46:42","guid":{"rendered":"http:\/\/www.tvturk.com\/index.php\/balcovali-genclere-avrupa-piyangosu\/"},"modified":"2019-07-03T11:46:42","modified_gmt":"2019-07-03T08:46:42","slug":"balcovali-genclere-avrupa-piyangosu","status":"publish","type":"post","link":"http:\/\/www.tvturk.com\/index.php\/balcovali-genclere-avrupa-piyangosu\/","title":{"rendered":"Bal\u00e7oval\u0131 gen\u00e7lere Avrupa piyangosu"},"content":{"rendered":"<p>\u0130zmir\u2019de, Bal\u00e7ova Belediyesinin haz\u0131rlad\u0131\u011f\u0131 e\u011fitim program\u0131na kat\u0131lan \u00fcniversite mezunu gen\u00e7ler, hi\u00e7bir masraf yapmadan Avrupa\u2019daki uluslararas\u0131 \u015firketlerde 45 g\u00fcn staj yapacak.<\/p>\n<p>Bal\u00e7ova il\u00e7esinde, belediyenin haz\u0131rlad\u0131\u011f\u0131 proje il\u00e7ede ya\u015fayan gen\u00e7lere umut oldu. Bal\u00e7ova\u2019da ya\u015fayan \u00fcniversiteli gen\u00e7lerin e\u011fitim kalitesini y\u00fckselterek i\u015f bulmalar\u0131n\u0131 hedefleyen Bal\u00e7ova Belediyesi, bu ama\u00e7la haz\u0131rlad\u0131\u011f\u0131 projede art\u0131k sona gelindi. \u2019Uluslararas\u0131 Staj Merkezi\u2019 projesi ile Avrupa Birli\u011fi (AB) Bakanl\u0131\u011f\u0131 Ulusal Ajans\u0131 Erasmus-Gen\u00e7lik Program\u0131 K2 Stratejik Ortakl\u0131\u011f\u0131dan al\u0131nan 220 bin Euro hibe ile ba\u015flat\u0131lan projede \u00fcniversite mezunu gen\u00e7ler; Bel\u00e7ika, Portekiz, \u0130talya veya S\u0131rbistan\u2019daki uluslararas\u0131 \u015firketlerde hi\u00e7bir masraf yapmadan 45 g\u00fcn staj yapacak.<\/p>\n<p>Bal\u00e7ova\u2019da ikamet eden \u00fcniversite mezunu gen\u00e7ler aras\u0131nda yap\u0131lan elemelerden sonra programa kat\u0131lmaya hak kazanan 35 gen\u00e7, alt\u0131 ay s\u00fcrecek e\u011fitimlerinin yar\u0131s\u0131n\u0131 tamamlad\u0131. Bal\u00e7ova Belediyesinin proje orta\u011f\u0131 olan Originn Firmas\u0131nda; kodlama, y\u00f6neti\u015fim, halkla ili\u015fkiler, dijital tasar\u0131m gibi dersler alan gen\u00e7ler, alt\u0131 ay\u0131n sonunda bir s\u0131nava kat\u0131lacak. Bu s\u0131nav\u0131n sonunda ba\u015far\u0131l\u0131 olan gen\u00e7lerden 25\u2019i Bel\u00e7ika, Portekiz, \u0130talya veya S\u0131rbistan\u2019daki uluslararas\u0131 \u015firketlerde hi\u00e7bir masraf yapmadan 45 g\u00fcn staj yapacak.<\/p>\n<p>Di\u011fer 10 gen\u00e7 ise T\u00fcrkiye\u2019deki firmalarda staj yapacak. Sadece T\u00fcrkiye\u2019nin de\u011fil Avrupa\u2019n\u0131n da ilk Uluslararas\u0131 Staj Merkezi olma \u00f6zelli\u011fini ta\u015f\u0131ya projede e\u011fitim alan gen\u00e7leri ziyaret eden Bal\u00e7ova Belediye Ba\u015fkan\u0131 Fatma \u00c7alkaya, i\u015fsizlik sorunun T\u00fcrkiye\u2019nin en \u00f6nemli problemlerinin ba\u015f\u0131nda geldi\u011fini ifade ederek, &#8220;Biz e\u011fitimin her alan\u0131nda \u00e7ocuklar\u0131m\u0131z\u0131n gen\u00e7lerimizin yan\u0131nda olmaya gayret ediyoruz. \u0130\u015fsizlik var diye oturup bekleyemezdik. Buradaki e\u011fitimle Avrupa\u2019daki firmalarda bar\u0131nma, ula\u015f\u0131m, yemek gibi masraflar\u0131 olmadan rahatl\u0131kla staj yapabilecekler. Orada hem mesleki alanda hem de dil alan\u0131nda bir tecr\u00fcbe edinecekler. Ben hepsinin \u00e7ok ba\u015far\u0131l\u0131 olaca\u011f\u0131na inan\u0131yorum ama bir gencimizi bile kurtarabilirsek bu bizim i\u00e7in ba\u015far\u0131d\u0131r\u201d diye konu\u015ftu.<\/p>\n","protected":false},"excerpt":{"rendered":"<p>\u0130ZM\u0130R&#8217;DE, BAL\u00c7OVA BELED\u0130YES\u0130N\u0130N HAZIRLADI\u011eI E\u011e\u0130T\u0130M PROGRAMINA KATILAN \u00dcN\u0130VERS\u0130TE MEZUNU GEN\u00c7LER, H\u0130\u00c7B\u0130R MASRAF YAPMADAN AVRUPA\u2019DAK\u0130 ULUSLARARASI \u015e\u0130RKETLERDE 45 G\u00dcN STAJ YAPACAK.<\/p>\n","protected":false},"author":1,"featured_media":177205,"comment_status":"closed","ping_status":"open","sticky":false,"template":"","format":"standard","meta":{"jetpack_post_was_ever_published":false,"_jetpack_newsletter_access":"","_jetpack_dont_email_post_to_subs":false,"_jetpack_newsletter_tier_id":0,"_jetpack_memberships_contains_paywalled_content":false,"_jetpack_memberships_contains_paid_content":false,"footnotes":"","jetpack_publicize_message":"","jetpack_publicize_feature_enabled":true,"jetpack_social_post_already_shared":true,"jetpack_social_options":{"image_generator_settings":{"template":"highway","default_image_id":0,"font":"","enabled":false},"version":2}},"categories":[1],"tags":[392,43329,4624,39064],"class_list":["post-177204","post","type-post","status-publish","format-standard","has-post-thumbnail","hentry","category-genel","tag-avrupa","tag-balcovali","tag-genclere","tag-piyangosu"],"jetpack_publicize_connections":[],"jetpack_featured_media_url":"https:\/\/i0.wp.com\/www.tvturk.com\/wp-content\/uploads\/2019\/07\/balcovali-genclere-avrupa-piyangosu_6d00201.jpg?fit=1000%2C690","jetpack_sharing_enabled":true,"jetpack_shortlink":"https:\/\/wp.me\/paKIfm-K68","_links":{"self":[{"href":"http:\/\/www.tvturk.com\/index.php\/wp-json\/wp\/v2\/posts\/177204","targetHints":{"allow":["GET"]}}],"collection":[{"href":"http:\/\/www.tvturk.com\/index.php\/wp-json\/wp\/v2\/posts"}],"about":[{"href":"http:\/\/www.tvturk.com\/index.php\/wp-json\/wp\/v2\/types\/post"}],"author":[{"embeddable":true,"href":"http:\/\/www.tvturk.com\/index.php\/wp-json\/wp\/v2\/users\/1"}],"replies":[{"embeddable":true,"href":"http:\/\/www.tvturk.com\/index.php\/wp-json\/wp\/v2\/comments?post=177204"}],"version-history":[{"count":0,"href":"http:\/\/www.tvturk.com\/index.php\/wp-json\/wp\/v2\/posts\/177204\/revisions"}],"wp:featuredmedia":[{"embeddable":true,"href":"http:\/\/www.tvturk.com\/index.php\/wp-json\/wp\/v2\/media\/177205"}],"wp:attachment":[{"href":"http:\/\/www.tvturk.com\/index.php\/wp-json\/wp\/v2\/media?parent=177204"}],"wp:term":[{"taxonomy":"category","embeddable":true,"href":"http:\/\/www.tvturk.com\/index.php\/wp-json\/wp\/v2\/categories?post=177204"},{"taxonomy":"post_tag","embeddable":true,"href":"http:\/\/www.tvturk.com\/index.php\/wp-json\/wp\/v2\/tags?post=177204"}],"curies":[{"name":"wp","href":"https:\/\/api.w.org\/{rel}","templated":true}]}}