{"id":177236,"date":"2019-07-03T12:16:53","date_gmt":"2019-07-03T09:16:53","guid":{"rendered":"http:\/\/www.tvturk.com\/index.php\/kalbi-delik-ve-damarlari-ters-olan-aye-bebek-turkiyede-sagligina-kavustu\/"},"modified":"2019-07-03T12:16:53","modified_gmt":"2019-07-03T09:16:53","slug":"kalbi-delik-ve-damarlari-ters-olan-aye-bebek-turkiyede-sagligina-kavustu","status":"publish","type":"post","link":"http:\/\/www.tvturk.com\/index.php\/kalbi-delik-ve-damarlari-ters-olan-aye-bebek-turkiyede-sagligina-kavustu\/","title":{"rendered":"Kalbi delik ve damarlar\u0131 ters olan Aye bebek T\u00fcrkiye\u2019de sa\u011fl\u0131\u011f\u0131na kavu\u015ftu"},"content":{"rendered":"<p>Kalp damarlar\u0131 do\u011fu\u015ftan ters olan ve T\u00fcrk K\u0131z\u0131lay\u0131\u2019n\u0131n \u00f6nc\u00fcl\u00fc\u011f\u00fcnde tedavi i\u00e7in \u0130dlib\u2019ten T\u00fcrkiye\u2019ye getirilen Suriyeli Aye bebek sa\u011fl\u0131\u011f\u0131na kavu\u015ftu.<\/p>\n<p>Suriye\u2019de kurulan T\u00fcrk K\u0131z\u0131lay\u0131 kamplar\u0131nda yap\u0131lan tetkikler sonucunda sa\u011fl\u0131\u011f\u0131nda bir problem oldu\u011fu anla\u015f\u0131lan Aye bebek T\u00fcrkiye\u2019ye g\u00f6nderildi. Adana \u00c7ukurova \u00dcniversitesi Balcal\u0131 Hastanesi\u2019nde tedavi alt\u0131na al\u0131nan Aye bebe\u011fin kalbinde delik oldu\u011fu anla\u015f\u0131ld\u0131. Balcal\u0131 Hastanesi\u2019nde 20 g\u00fcn \u00f6nce ger\u00e7ekle\u015ftirilen ameliyat sonras\u0131nda tedavi ve bak\u0131m alt\u0131na al\u0131nan Aye bebek sa\u011fl\u0131\u011f\u0131na kavu\u015ftu ve taburcu olmay\u0131 bekliyor.<\/p>\n<p>Aya bebe\u011fe te\u015fhisi koyan ve ilk m\u00fcdahaleyi yapan Do\u00e7. Dr. Sevcan Al\u0131n\u00e7 Erdem, Aye\u2019nin tedavi i\u00e7in geldi\u011finde kalbinde geni\u015f bir delik oldu\u011funu fark ettiklerini, bu geni\u015f delik nedeniyle akci\u011fer bas\u0131nc\u0131n\u0131n y\u00fcksek oldu\u011funu belirtti. Erdem, \u201cBizim i\u00e7in en b\u00fcy\u00fck s\u0131k\u0131nt\u0131 akci\u011fer bas\u0131nc\u0131n\u0131n y\u00fcksek olmas\u0131yd\u0131. \u0130lk olarak Aye\u2019nin ameliyat \u015fans\u0131 var m\u0131 diye bakt\u0131k. Yapt\u0131\u011f\u0131m\u0131z tetkikler sonucunda ameliyat olabilece\u011fini g\u00f6rd\u00fck\u201d dedi.<\/p>\n<p>Aye\u2019nin kalbindeki geni\u015f deli\u011fi kapatt\u0131klar\u0131n\u0131 belirten Erdem, Aye\u2019nin ameliyat sonras\u0131 d\u00f6nemi rahat atlatabilmesi i\u00e7in kulak\u00e7\u0131klar aras\u0131nda k\u00fc\u00e7\u00fck bir a\u00e7\u0131kl\u0131k b\u0131rakt\u0131klar\u0131n\u0131 aktard\u0131. Erdem, &#8220;Bug\u00fcn yapt\u0131\u011f\u0131m\u0131z kontrolde Aye\u2019nin akci\u011fer bas\u0131nc\u0131 hala y\u00fcksek. Akci\u011fer bas\u0131nc\u0131 hen\u00fcz istedi\u011fimiz d\u00fczeylere inmedi ki zaten \u00e7ok erken. Ameliyat s\u00fcrecimiz bitti ama takip ve tedavi s\u00fcrecimiz devam edecek. \u0130la\u00e7lar\u0131n\u0131 d\u00fczenleyip Aye\u2019yi evine g\u00f6nderece\u011fiz. Daha sonra kontrollere gelecek&#8221; dedi.<\/p>\n<p>T\u00fcrk K\u0131z\u0131lay\u0131\u2019n\u0131n Suriye \u0130dlib\u2019te kurmu\u015f oldu\u011fu kamplarda oradaki insanlara yard\u0131m ettiklerini belirten T\u00fcrk K\u0131z\u0131lay\u0131 Y\u00f6netim Kurulu \u00dcyesi Ramazan Sayg\u0131l\u0131, \u201c1 ay \u00f6nce kamplar\u0131m\u0131zda \u00e7al\u0131\u015fan doktorlar\u0131m\u0131z Aye\u2019nin sa\u011fl\u0131k kontrollerinde bir sorun oldu\u011funu tespit edip T\u00fcrkiye\u2019ye getiriyorlar. Aye\u2019nin hastaneye yat\u0131\u015f\u0131 yap\u0131ld\u0131ktan sonra ailemizin bar\u0131nma ihtiyac\u0131 kar\u015f\u0131land\u0131. Doktorlar\u0131m\u0131z b\u00fct\u00fcn \u00e7abalar\u0131yla Aye\u2019nin kalbindeki deli\u011fi kapatt\u0131 ve Aye \u015fifaya ula\u015ft\u0131\u201d dedi.<\/p>\n<p>Erdem, art\u0131k taburcu s\u00fcrecine girdiklerini ve doktorlar\u0131n izin verdi\u011fi takdirde, Aya ve ailesini Suriye \u0130dlib\u2019te K\u0131z\u0131lay kamplar\u0131nda misafir etmeye devam edeceklerini s\u00f6yledi.<\/p>\n<p>Aye\u2019nin annesi Sevra El Muhammed ise doktorlar\u0131n Aye ile \u00e7ok iyi ilgilendi\u011fini s\u00f6yledi. Ula\u015f\u0131mlar\u0131nda ve bar\u0131nmalar\u0131nda kendilerine destek olan T\u00fcrk K\u0131z\u0131lay\u0131\u2019na ve T\u00fcrkiye\u2019ye te\u015fekk\u00fcr ettiklerini s\u00f6yledi.<\/p>\n","protected":false},"excerpt":{"rendered":"<p>KALP DAMARLARI DO\u011eU\u015eTAN TERS OLAN VE T\u00dcRK KIZILAYI\u2019NIN \u00d6NC\u00dcL\u00dc\u011e\u00dcNDE TEDAV\u0130 \u0130\u00c7\u0130N \u00c7ATI\u015eMALARIN S\u00dcRD\u00dc\u011e\u00dc \u0130DL\u0130B\u2019TEN T\u00dcRK\u0130YE\u2019YE GET\u0130R\u0130LEN SUR\u0130YEL\u0130 AYE BEBEK SA\u011eLI\u011eINA KAVU\u015eTU.<\/p>\n","protected":false},"author":1,"featured_media":177237,"comment_status":"closed","ping_status":"open","sticky":false,"template":"","format":"standard","meta":{"jetpack_post_was_ever_published":false,"_jetpack_newsletter_access":"","_jetpack_dont_email_post_to_subs":false,"_jetpack_newsletter_tier_id":0,"_jetpack_memberships_contains_paywalled_content":false,"_jetpack_memberships_contains_paid_content":false,"footnotes":"","jetpack_publicize_message":"","jetpack_publicize_feature_enabled":true,"jetpack_social_post_already_shared":true,"jetpack_social_options":{"image_generator_settings":{"template":"highway","default_image_id":0,"font":"","enabled":false},"version":2}},"categories":[1],"tags":[43342,2123,43341,5696,3726,1825,572,3705,583,2383],"class_list":["post-177236","post","type-post","status-publish","format-standard","has-post-thumbnail","hentry","category-genel","tag-aye","tag-bebek","tag-damarlari","tag-delik","tag-kalbi","tag-kavustu","tag-olan","tag-sagligina","tag-ters","tag-turkiyede"],"jetpack_publicize_connections":[],"jetpack_featured_media_url":"https:\/\/i0.wp.com\/www.tvturk.com\/wp-content\/uploads\/2019\/07\/kalbi-delik-ve-damarlari-ters-olan-aye-bebek-turkiyede-sagligina-kavustu_d5317a3.jpg?fit=1000%2C662","jetpack_sharing_enabled":true,"jetpack_shortlink":"https:\/\/wp.me\/paKIfm-K6E","_links":{"self":[{"href":"http:\/\/www.tvturk.com\/index.php\/wp-json\/wp\/v2\/posts\/177236","targetHints":{"allow":["GET"]}}],"collection":[{"href":"http:\/\/www.tvturk.com\/index.php\/wp-json\/wp\/v2\/posts"}],"about":[{"href":"http:\/\/www.tvturk.com\/index.php\/wp-json\/wp\/v2\/types\/post"}],"author":[{"embeddable":true,"href":"http:\/\/www.tvturk.com\/index.php\/wp-json\/wp\/v2\/users\/1"}],"replies":[{"embeddable":true,"href":"http:\/\/www.tvturk.com\/index.php\/wp-json\/wp\/v2\/comments?post=177236"}],"version-history":[{"count":0,"href":"http:\/\/www.tvturk.com\/index.php\/wp-json\/wp\/v2\/posts\/177236\/revisions"}],"wp:featuredmedia":[{"embeddable":true,"href":"http:\/\/www.tvturk.com\/index.php\/wp-json\/wp\/v2\/media\/177237"}],"wp:attachment":[{"href":"http:\/\/www.tvturk.com\/index.php\/wp-json\/wp\/v2\/media?parent=177236"}],"wp:term":[{"taxonomy":"category","embeddable":true,"href":"http:\/\/www.tvturk.com\/index.php\/wp-json\/wp\/v2\/categories?post=177236"},{"taxonomy":"post_tag","embeddable":true,"href":"http:\/\/www.tvturk.com\/index.php\/wp-json\/wp\/v2\/tags?post=177236"}],"curies":[{"name":"wp","href":"https:\/\/api.w.org\/{rel}","templated":true}]}}