{"id":177240,"date":"2019-07-03T12:17:09","date_gmt":"2019-07-03T09:17:09","guid":{"rendered":"http:\/\/www.tvturk.com\/index.php\/bozuyuk-belediyesi-idman-yurdu-kulubu-satildi\/"},"modified":"2019-07-03T12:17:09","modified_gmt":"2019-07-03T09:17:09","slug":"bozuyuk-belediyesi-idman-yurdu-kulubu-satildi","status":"publish","type":"post","link":"http:\/\/www.tvturk.com\/index.php\/bozuyuk-belediyesi-idman-yurdu-kulubu-satildi\/","title":{"rendered":"Boz\u00fcy\u00fck Belediyesi \u0130dman Yurdu Kul\u00fcb\u00fc sat\u0131ld\u0131"},"content":{"rendered":"<p>T\u00fcrkiye Voleybol Federasyonu Bayanlar 1. Ligi ekiplerinden Boz\u00fcy\u00fck Belediyesi \u0130dmanyurduspor Kul\u00fcb\u00fc Y\u00f6netim Kurulu Ba\u015fkan\u0131 Veli \u00c7elik, tak\u0131m\u0131n isim ve 1. ligdeki t\u00fcm haklar\u0131n\u0131 ilgisizlikten dolay\u0131 satmak zorunda kald\u0131klar\u0131n\u0131 s\u00f6yledi.<\/p>\n<p>Ba\u015fkan \u00c7elik, konuyla ilgili olarak yapt\u0131\u011f\u0131 a\u00e7\u0131klamada &#8220;Yerel se\u00e7imlerin ard\u0131ndan belediyede ya\u015fanan de\u011fi\u015fiklik sonras\u0131nda kul\u00fcb\u00fcm\u00fcz ve bayan voleybol tak\u0131m\u0131m\u0131z\u0131n gelece\u011fi ile ilgili olarak baz\u0131 g\u00f6r\u00fc\u015fmelerimiz oldu. Gerek ba\u015fkan yard\u0131mc\u0131lar\u0131yla gerekse belediye meclis \u00fcyelerimizle ve Belediye Ba\u015fkan\u0131m\u0131za yak\u0131n olan di\u011fer ki\u015filerle g\u00f6r\u00fc\u015fmeler yapt\u0131k. Kendilerine kul\u00fcb\u00fcm\u00fcz\u00fcn gelece\u011fi a\u00e7\u0131s\u0131ndan Belediye Ba\u015fkan\u0131m\u0131z\u0131n iste\u011fi do\u011frultusunda bir yol izleyebilece\u011fimizi de ilettik. Ayr\u0131ca kul\u00fcb\u00fcm\u00fcz\u00fcn il\u00e7emizi ve ilimizi pek \u00e7ok bran\u015fta ba\u015far\u0131yla temsil etti\u011fini ifade ettik. Bu ba\u015far\u0131lar\u0131n devam edebilmesi i\u00e7in gerekirse mevcut y\u00f6netimin istifaya haz\u0131r oldu\u011funu ve Belediye Ba\u015fkan\u0131m\u0131z\u0131n iste\u011fi do\u011frultusunda yeni bir y\u00f6netim olu\u015fturulabilece\u011fini dile getirdik. Bizim de yeni y\u00f6netime her t\u00fcrl\u00fc desteklerimizi esirgemeyece\u011fimizi ve her zaman yanlar\u0131nda olaca\u011f\u0131m\u0131z\u0131 ilettik&#8221; dedi.<\/p>\n<p>Tak\u0131mdan Boz\u00fcy\u00fck Belediyesi ismi kald\u0131r\u0131ld\u0131<\/p>\n<p>Ba\u015fkan\u0131n bu \u00e7a\u011fr\u0131ya olumsuz yan\u0131t verdi\u011fini belirten \u00c7elik, &#8220;Ancak t\u00fcm bu beyhude \u00e7abalar\u0131m\u0131z sonu\u00e7suz kald\u0131. Kendisi ba\u015fkan yard\u0131mc\u0131lar\u0131 arac\u0131l\u0131\u011f\u0131 ile bizlere, tak\u0131ma destek veremeyece\u011fini iletti. Bu geli\u015fmelerin ard\u0131ndan Belediye Ba\u015fkan\u0131m\u0131z Mehmet Talat Bakkalc\u0131o\u011flu, 20 May\u0131s tarihinde kul\u00fcb\u00fcm\u00fcze g\u00f6ndermi\u015f oldu\u011fu yaz\u0131da Boz\u00fcy\u00fck Belediyesi \u0130dman Yurdu Kul\u00fcb\u00fcnden Boz\u00fcy\u00fck Belediyesi isminin kald\u0131r\u0131lmas\u0131n\u0131 istedi. 30 May\u0131s\u2019ta kul\u00fcb\u00fcm\u00fcz\u00fcn y\u00f6netim kurulu toplanm\u0131\u015f olup ola\u011fan\u00fcst\u00fc genel kurul karar\u0131 al\u0131narak 17 Haziran tarihinde saat 18.00\u2019de dernek merkezinde yap\u0131lan ola\u011fan\u00fcst\u00fc genel kurulunda kul\u00fcb\u00fcm\u00fcz isminden Boz\u00fcy\u00fck Belediyesi ismi \u00e7\u0131kar\u0131ld\u0131. Kul\u00fcp ismi Boz\u00fcy\u00fck \u0130dman Yurdu Spor olarak oy \u00e7o\u011funlu\u011fuyla kabul edilmi\u015f olup t\u00fcz\u00fc\u011f\u00fcm\u00fcz\u00fcn 1 ve 10 maddeleri de\u011fi\u015ftirilerek y\u00f6netim kurulu asil ve yedek \u00fcyeleri se\u00e7imi yap\u0131ld\u0131. Bu tablo kar\u015f\u0131s\u0131nda biz de yeni y\u00f6netim olarak mecburen tak\u0131m\u0131n isim hakk\u0131n\u0131n sat\u0131lmas\u0131 y\u00f6n\u00fcnde karar ald\u0131k. Yap\u0131lan oylama sonucunda Boz\u00fcy\u00fck \u0130dmanyurdu Spor Kul\u00fcb\u00fc voleybol bayanlar tak\u0131m\u0131n\u0131n 1. Ligindeki yar\u0131\u015fma hakk\u0131n\u0131n t\u00fcm aktif ve pasifleriyle Nev\u015fehir Belediyesi Gen\u00e7lik ve Spor Kul\u00fcb\u00fc Derne\u011fine kat\u0131lanlar\u0131n oy birli\u011fiyle  devredilmesine karar verildi. Bug\u00fcn itibariyle de tak\u0131m\u0131m\u0131z\u0131n isim hakk\u0131n\u0131n sat\u0131\u015f\u0131n\u0131 ger\u00e7ekle\u015ftirmi\u015f bulunuyoruz. Kuru\u015funun ikinci y\u0131l\u0131nda b\u00fcy\u00fck bir ba\u015far\u0131 g\u00f6stererek 1. lige \u00e7\u0131kma ba\u015far\u0131s\u0131 g\u00f6steren Boz\u00fcy\u00fck Belediyesi voleybol tak\u0131m\u0131n\u0131n isim hakk\u0131n\u0131n sat\u0131lmas\u0131na hem bizler hem de Boz\u00fcy\u00fckl\u00fc sporseverler \u00e7ok \u00fcz\u00fcld\u00fc. Ancak \u00e7aresizlik i\u00e7inde b\u00f6yle bir karar almak zorunda kald\u0131\u011f\u0131m\u0131z\u0131 t\u00fcm sporseverlerin bilmesini istiyorum. Bundan sonra yine bizler elimizden geldi\u011fince yeni kul\u00fcb\u00fcm\u00fcz olan Boz\u00fcy\u00fck \u0130dmanyurduspor Kul\u00fcb\u00fc olarak spor ve sporcunun yan\u0131nda olaca\u011f\u0131z. Kamuoyuna \u00f6nemle duyurulur&#8221; a\u00e7\u0131klamas\u0131n\u0131 yapt\u0131.<\/p>\n","protected":false},"excerpt":{"rendered":"<p>T\u00dcRK\u0130YE VOLEYBOL FEDERASYONU BAYANLAR 1. L\u0130G\u0130 EK\u0130PLER\u0130NDEN BOZ\u00dcY\u00dcK BELED\u0130YES\u0130 \u0130DMANYURDUSPOR KUL\u00dcB\u00dc Y\u00d6NET\u0130M KURULU BA\u015eKANI VEL\u0130 \u00c7EL\u0130K, TAKIMIN \u0130S\u0130M VE 1. L\u0130GDEK\u0130 T\u00dcM HAKLARINI \u0130LG\u0130S\u0130ZL\u0130KTEN DOLAYI SATMAK ZORUNDA KALDIKLARINI S\u00d6YLED\u0130.<\/p>\n","protected":false},"author":1,"featured_media":177241,"comment_status":"closed","ping_status":"open","sticky":false,"template":"","format":"standard","meta":{"jetpack_post_was_ever_published":false,"_jetpack_newsletter_access":"","_jetpack_dont_email_post_to_subs":false,"_jetpack_newsletter_tier_id":0,"_jetpack_memberships_contains_paywalled_content":false,"_jetpack_memberships_contains_paid_content":false,"footnotes":"","jetpack_publicize_message":"","jetpack_publicize_feature_enabled":true,"jetpack_social_post_already_shared":true,"jetpack_social_options":{"image_generator_settings":{"template":"highway","default_image_id":0,"font":"","enabled":false},"version":2}},"categories":[657],"tags":[383,4422,8216,4029,5343,8217],"class_list":["post-177240","post","type-post","status-publish","format-standard","has-post-thumbnail","hentry","category-spor","tag-belediyesi","tag-bozuyuk","tag-idman","tag-kulubu","tag-satildi","tag-yurdu"],"jetpack_publicize_connections":[],"jetpack_featured_media_url":"https:\/\/i0.wp.com\/www.tvturk.com\/wp-content\/uploads\/2019\/07\/bozuyuk-belediyesi-idman-yurdu-kulubu-satildi_66600c3.jpg?fit=1000%2C374","jetpack_sharing_enabled":true,"jetpack_shortlink":"https:\/\/wp.me\/paKIfm-K6I","_links":{"self":[{"href":"http:\/\/www.tvturk.com\/index.php\/wp-json\/wp\/v2\/posts\/177240","targetHints":{"allow":["GET"]}}],"collection":[{"href":"http:\/\/www.tvturk.com\/index.php\/wp-json\/wp\/v2\/posts"}],"about":[{"href":"http:\/\/www.tvturk.com\/index.php\/wp-json\/wp\/v2\/types\/post"}],"author":[{"embeddable":true,"href":"http:\/\/www.tvturk.com\/index.php\/wp-json\/wp\/v2\/users\/1"}],"replies":[{"embeddable":true,"href":"http:\/\/www.tvturk.com\/index.php\/wp-json\/wp\/v2\/comments?post=177240"}],"version-history":[{"count":0,"href":"http:\/\/www.tvturk.com\/index.php\/wp-json\/wp\/v2\/posts\/177240\/revisions"}],"wp:featuredmedia":[{"embeddable":true,"href":"http:\/\/www.tvturk.com\/index.php\/wp-json\/wp\/v2\/media\/177241"}],"wp:attachment":[{"href":"http:\/\/www.tvturk.com\/index.php\/wp-json\/wp\/v2\/media?parent=177240"}],"wp:term":[{"taxonomy":"category","embeddable":true,"href":"http:\/\/www.tvturk.com\/index.php\/wp-json\/wp\/v2\/categories?post=177240"},{"taxonomy":"post_tag","embeddable":true,"href":"http:\/\/www.tvturk.com\/index.php\/wp-json\/wp\/v2\/tags?post=177240"}],"curies":[{"name":"wp","href":"https:\/\/api.w.org\/{rel}","templated":true}]}}