{"id":177244,"date":"2019-07-03T12:31:42","date_gmt":"2019-07-03T09:31:42","guid":{"rendered":"http:\/\/www.tvturk.com\/index.php\/turkiye-kuraklik-yasayan-namibyanin-yardim-cagrisina-duyarsiz-kalmadi\/"},"modified":"2019-07-03T12:31:42","modified_gmt":"2019-07-03T09:31:42","slug":"turkiye-kuraklik-yasayan-namibyanin-yardim-cagrisina-duyarsiz-kalmadi","status":"publish","type":"post","link":"http:\/\/www.tvturk.com\/index.php\/turkiye-kuraklik-yasayan-namibyanin-yardim-cagrisina-duyarsiz-kalmadi\/","title":{"rendered":"T\u00fcrkiye kurakl\u0131k ya\u015fayan Namibya\u2019n\u0131n yard\u0131m \u00e7a\u011fr\u0131s\u0131na duyars\u0131z kalmad\u0131"},"content":{"rendered":"<p>T\u00fcrk \u0130\u015fbirli\u011fi ve Koordinasyon Ajans\u0131 Ba\u015fkanl\u0131\u011f\u0131 (T\u0130KA), kurakl\u0131k ya\u015fanan Namibya\u2019da bin 552 \u00f6\u011frencinin e\u011fitim g\u00f6rd\u00fc\u011f\u00fc Katatura PPS Okulu\u2019a s\u00fct ve g\u0131da yard\u0131m\u0131nda bulundu.<\/p>\n<p>Namibya Cumhurba\u015fkan\u0131 Hage Geingob, \u00fclkede ya\u015fanan kurakl\u0131k nedeniyle &#8220;Ola\u011fan\u00fcst\u00fc Hal&#8221; ilan ederek 16 May\u0131s tarihinde Uluslararas\u0131 \u0130li\u015fkiler ve \u0130\u015f birli\u011fi Bakanl\u0131\u011f\u0131nca \u00fclkede ya\u015fanan kurakl\u0131ktan etkilenen topluluk ve \u00e7iftlik hayvanlar\u0131 i\u00e7in t\u00fcm diplomatik misyona yard\u0131m \u00e7a\u011fr\u0131s\u0131nda bulundu. E\u015f zamanl\u0131 olarak yay\u0131nlanan &#8220;Kurakl\u0131k Y\u00f6netim Plan\u0131&#8221; ile yard\u0131m plan\u0131nda \u00f6nceli\u011fin g\u0131da yard\u0131m\u0131, \u00f6zelinde ise okullar oldu\u011fu belirtildi. Namibya Acil Yard\u0131m Plan\u0131\u2019yla uyumlu olarak T\u0130KA taraf\u0131ndan yap\u0131lan ara\u015ft\u0131rma sonunda ba\u015fkentin k\u0131rsal Katatura b\u00f6lgesinde \u00f6\u011frencilere her g\u00fcn kahvalt\u0131 ve yemek verilen \u201cPeople Primary Scholl-PPS\u201d adl\u0131 devlet okulunun 1. s\u0131n\u0131ftan 7. s\u0131n\u0131fa kadar 273\u2019\u00fc yat\u0131l\u0131 toplam bin 552 \u00f6\u011frencisine y\u00f6nelik 3 bin 777 adet 500 mililitrelik s\u00fct ile g\u0131da yard\u0131m paketi da\u011f\u0131t\u0131ld\u0131. \u0130\u00e7erisinde 5\u2019er kilogram pirin\u00e7, \u015feker, un, mahangu, 100 gram kabartma tozu, 400 gram sabun olan 300\u2019er adet g\u0131da paketi da\u011f\u0131t\u0131ld\u0131. T\u0130KA taraf\u0131ndan sa\u011flanan g\u0131da deste\u011fi, T\u00fcrkiye\u2019nin Windhoek B\u00fcy\u00fckel\u00e7isi Berin Makbule Tulun, T\u0130KA Namibya Koordinat\u00f6r\u00fc \u00d6zlem G\u00fcven\u00e7, Namibya Milli E\u011fitim Bakanl\u0131\u011f\u0131 yetkilileri, PPS okul yetkilileri, medya, okul \u00f6\u011frencileri ve \u00f6\u011fretmenlerin kat\u0131l\u0131m\u0131yla d\u00fczenlenen programda okul yetkililerine teslim edildi. Namibyal\u0131 yetkililer, kurakl\u0131\u011fa kar\u015f\u0131 duyars\u0131z kalmad\u0131\u011f\u0131 i\u00e7in T\u00fcrkiye\u2019ye te\u015fekk\u00fcr ettiler.<\/p>\n","protected":false},"excerpt":{"rendered":"<p>T\u00dcRK \u0130\u015eB\u0130RL\u0130\u011e\u0130 VE KOORD\u0130NASYON AJANSI BA\u015eKANLI\u011eI (T\u0130KA) TARAFINDAN NAM\u0130BYA\u2019DA B\u0130N 552 \u00d6\u011eRENC\u0130S\u0130 BULUNAN KATATURA PPS OKULU\u2019NA S\u00dcT VE GIDA YARDIMI YAPILDI.<\/p>\n","protected":false},"author":1,"featured_media":177245,"comment_status":"closed","ping_status":"open","sticky":false,"template":"","format":"standard","meta":{"jetpack_post_was_ever_published":false,"_jetpack_newsletter_access":"","_jetpack_dont_email_post_to_subs":false,"_jetpack_newsletter_tier_id":0,"_jetpack_memberships_contains_paywalled_content":false,"_jetpack_memberships_contains_paid_content":false,"footnotes":"","jetpack_publicize_message":"","jetpack_publicize_feature_enabled":true,"jetpack_social_post_already_shared":true,"jetpack_social_options":{"image_generator_settings":{"template":"highway","default_image_id":0,"font":"","enabled":false},"version":2}},"categories":[1],"tags":[4439,18804,13178,36121,43344,453,1736,3462],"class_list":["post-177244","post","type-post","status-publish","format-standard","has-post-thumbnail","hentry","category-genel","tag-cagrisina","tag-duyarsiz","tag-kalmadi","tag-kuraklik","tag-namibyanin","tag-turkiye","tag-yardim","tag-yasayan"],"jetpack_publicize_connections":[],"jetpack_featured_media_url":"https:\/\/i0.wp.com\/www.tvturk.com\/wp-content\/uploads\/2019\/07\/turkiye-kuraklik-yasayan-namibyanin-yardim-cagrisina-duyarsiz-kalmadi_b7362ef.jpg?fit=720%2C480","jetpack_sharing_enabled":true,"jetpack_shortlink":"https:\/\/wp.me\/paKIfm-K6M","_links":{"self":[{"href":"http:\/\/www.tvturk.com\/index.php\/wp-json\/wp\/v2\/posts\/177244","targetHints":{"allow":["GET"]}}],"collection":[{"href":"http:\/\/www.tvturk.com\/index.php\/wp-json\/wp\/v2\/posts"}],"about":[{"href":"http:\/\/www.tvturk.com\/index.php\/wp-json\/wp\/v2\/types\/post"}],"author":[{"embeddable":true,"href":"http:\/\/www.tvturk.com\/index.php\/wp-json\/wp\/v2\/users\/1"}],"replies":[{"embeddable":true,"href":"http:\/\/www.tvturk.com\/index.php\/wp-json\/wp\/v2\/comments?post=177244"}],"version-history":[{"count":0,"href":"http:\/\/www.tvturk.com\/index.php\/wp-json\/wp\/v2\/posts\/177244\/revisions"}],"wp:featuredmedia":[{"embeddable":true,"href":"http:\/\/www.tvturk.com\/index.php\/wp-json\/wp\/v2\/media\/177245"}],"wp:attachment":[{"href":"http:\/\/www.tvturk.com\/index.php\/wp-json\/wp\/v2\/media?parent=177244"}],"wp:term":[{"taxonomy":"category","embeddable":true,"href":"http:\/\/www.tvturk.com\/index.php\/wp-json\/wp\/v2\/categories?post=177244"},{"taxonomy":"post_tag","embeddable":true,"href":"http:\/\/www.tvturk.com\/index.php\/wp-json\/wp\/v2\/tags?post=177244"}],"curies":[{"name":"wp","href":"https:\/\/api.w.org\/{rel}","templated":true}]}}