{"id":177246,"date":"2019-07-03T12:31:46","date_gmt":"2019-07-03T09:31:46","guid":{"rendered":"http:\/\/www.tvturk.com\/index.php\/engelli-cocuklar-bursayi-taniyacak\/"},"modified":"2019-07-03T12:31:46","modified_gmt":"2019-07-03T09:31:46","slug":"engelli-cocuklar-bursayi-taniyacak","status":"publish","type":"post","link":"http:\/\/www.tvturk.com\/index.php\/engelli-cocuklar-bursayi-taniyacak\/","title":{"rendered":"Engelli \u00e7ocuklar Bursa\u2019y\u0131 tan\u0131yacak"},"content":{"rendered":"<p>B\u00fcy\u00fck\u015fehir Belediyesi, \u2018engelsiz turizm\u2019 projesiyle y\u00fczlerce engelli \u00e7ocu\u011fa Bursa\u2019y\u0131 tan\u0131tacak.<\/p>\n<p>Bursa B\u00fcy\u00fck\u015fehir Belediyesi taraf\u0131ndan bug\u00fcn ba\u015flat\u0131lan \u2018engelsiz turizm\u2019 projesi dahilinde y\u00fczlerce engelli \u00e7ocuk Bursa\u2019y\u0131 gezip, tan\u0131yacak. \u0130ki g\u00fcn s\u00fcrecek gezilerin ilk etab\u0131 \u00e7ar\u015famba g\u00fcn\u00fc \u015fehir i\u00e7indeki k\u00fclt\u00fcrel ve tarihi yerler olarak belirlenirken, cuma g\u00fcn\u00fc ise Mudanya ve Uluda\u011f olmak \u00fczere do\u011fal g\u00fczellikler \u00e7ocuklara ve ailelerine g\u00f6sterilecek.<\/p>\n<p>Karag\u00f6z &#8211; Hacivat M\u00fczesi\u2019nden start alan projede \u00e7ocuklar B\u00fcy\u00fck\u015fehir Belediye Ba\u015fkan Alinur Akta\u015f\u2019la Karag\u00f6z &#8211; Hacivat oyununu izledi. Daha sonra 27 ki\u015filik 2 midib\u00fcsle Panorama 1326 Bursa Fetih M\u00fczesi\u2019ne hareket etti.<\/p>\n<p>Bursa\u2019da alt ve \u00fcst yap\u0131 \u00e7al\u0131\u015fmalar\u0131 devam ederken, sosyal projelere de imza atmaya \u00e7al\u0131\u015ft\u0131klar\u0131n\u0131 belirten Akta\u015f, \u201cHepinizin bildi\u011fi gibi Bas\u0131n Yay\u0131n Halkla \u0130li\u015fkiler Daire Ba\u015fkanl\u0131\u011f\u0131 Turizm Tan\u0131tma \u015eube M\u00fcd\u00fcrl\u00fc\u011f\u00fc taraf\u0131ndan 9 y\u0131ld\u0131r s\u00fcrd\u00fcr\u00fclen \u2018\u015fehrimi tan\u0131yorum\u2019 projesi kapsam\u0131nda 135 bin ki\u015fiye ula\u015ft\u0131k. UNESCO d\u00fcnya miras\u0131 Bursa\u2019m\u0131z\u0131n tarihi, do\u011fal g\u00fczelliklerini tan\u0131tmak, \u00f6zellikle \u015fehirde ya\u015fayan \u00e7ocuklar\u0131m\u0131za \u00f6\u011fretmek ve g\u00f6stermek noktas\u0131nda bir hedef g\u00fctmekteyiz. Bu projeden yola \u00e7\u0131karak \u2018engelsiz turizm\u2019 adl\u0131 alt\u0131na bir \u00e7al\u0131\u015fma yapt\u0131k. Turizm Tan\u0131tma \u015eube M\u00fcd\u00fcrl\u00fc\u011f\u00fc ve Engeliler \u015eube M\u00fcd\u00fcrl\u00fc\u011f\u00fc\u2019n\u00fcn ortakla\u015fa yapt\u0131\u011f\u0131 \u00e7al\u0131\u015fma sonucunda engelli vatanda\u015flar\u0131m\u0131za Bursa\u2019n\u0131n tarihi, do\u011fal, turistlik g\u00fczelliklerini, Uluda\u011f\u2019\u0131n\u0131, denizini beraberinde Hacivat &#8211; Karag\u00f6z\u2019\u00fcn\u00fc, 2 g\u00fcnl\u00fck \u015fehir merkezini kapsayan geziyle \u00e7ocuklar\u0131m\u0131za sunmaya \u00e7al\u0131\u015f\u0131yoruz. Bu sayede engelli \u00e7ocuklar\u0131n ailelerini de e\u011flendirmeyi, dinlendirmeyi hedefliyoruz. Bu vesileyle toplumumuzda engellilere y\u00f6nelik bir s\u00fcr\u00fc \u00e7al\u0131\u015fma yap\u0131l\u0131yor\u201d diye konu\u015ftu.<\/p>\n","protected":false},"excerpt":{"rendered":"<p>BURSA B\u00dcY\u00dcK\u015eEH\u0130R BELED\u0130YES\u0130 TARAFINDAN HAYATA GE\u00c7\u0130R\u0130LEN \u2018ENGELS\u0130Z TUR\u0130ZM\u2019 PROJES\u0130 KAPSAMINDA Y\u00dcZLERCE ENGELL\u0130 \u00c7OCU\u011eA BURSA\u2019YI TANITACAK.<\/p>\n","protected":false},"author":1,"featured_media":177247,"comment_status":"closed","ping_status":"open","sticky":false,"template":"","format":"standard","meta":{"jetpack_post_was_ever_published":false,"_jetpack_newsletter_access":"","_jetpack_dont_email_post_to_subs":false,"_jetpack_newsletter_tier_id":0,"_jetpack_memberships_contains_paywalled_content":false,"_jetpack_memberships_contains_paid_content":false,"footnotes":"","jetpack_publicize_message":"","jetpack_publicize_feature_enabled":true,"jetpack_social_post_already_shared":true,"jetpack_social_options":{"image_generator_settings":{"template":"highway","default_image_id":0,"font":"","enabled":false},"version":2}},"categories":[1],"tags":[9403,252,1784,33612],"class_list":["post-177246","post","type-post","status-publish","format-standard","has-post-thumbnail","hentry","category-genel","tag-bursayi","tag-cocuklar","tag-engelli","tag-taniyacak"],"jetpack_publicize_connections":[],"jetpack_featured_media_url":"https:\/\/i0.wp.com\/www.tvturk.com\/wp-content\/uploads\/2019\/07\/engelli-cocuklar-bursayi-taniyacak_fdd1f79.jpg?fit=1000%2C666","jetpack_sharing_enabled":true,"jetpack_shortlink":"https:\/\/wp.me\/paKIfm-K6O","_links":{"self":[{"href":"http:\/\/www.tvturk.com\/index.php\/wp-json\/wp\/v2\/posts\/177246","targetHints":{"allow":["GET"]}}],"collection":[{"href":"http:\/\/www.tvturk.com\/index.php\/wp-json\/wp\/v2\/posts"}],"about":[{"href":"http:\/\/www.tvturk.com\/index.php\/wp-json\/wp\/v2\/types\/post"}],"author":[{"embeddable":true,"href":"http:\/\/www.tvturk.com\/index.php\/wp-json\/wp\/v2\/users\/1"}],"replies":[{"embeddable":true,"href":"http:\/\/www.tvturk.com\/index.php\/wp-json\/wp\/v2\/comments?post=177246"}],"version-history":[{"count":0,"href":"http:\/\/www.tvturk.com\/index.php\/wp-json\/wp\/v2\/posts\/177246\/revisions"}],"wp:featuredmedia":[{"embeddable":true,"href":"http:\/\/www.tvturk.com\/index.php\/wp-json\/wp\/v2\/media\/177247"}],"wp:attachment":[{"href":"http:\/\/www.tvturk.com\/index.php\/wp-json\/wp\/v2\/media?parent=177246"}],"wp:term":[{"taxonomy":"category","embeddable":true,"href":"http:\/\/www.tvturk.com\/index.php\/wp-json\/wp\/v2\/categories?post=177246"},{"taxonomy":"post_tag","embeddable":true,"href":"http:\/\/www.tvturk.com\/index.php\/wp-json\/wp\/v2\/tags?post=177246"}],"curies":[{"name":"wp","href":"https:\/\/api.w.org\/{rel}","templated":true}]}}