{"id":177254,"date":"2019-07-03T12:46:28","date_gmt":"2019-07-03T09:46:28","guid":{"rendered":"http:\/\/www.tvturk.com\/index.php\/kiliste-arapca-tabelalarin-degistirilmesi-tum-turkiyeye-model-oldu\/"},"modified":"2019-07-03T12:46:28","modified_gmt":"2019-07-03T09:46:28","slug":"kiliste-arapca-tabelalarin-degistirilmesi-tum-turkiyeye-model-oldu","status":"publish","type":"post","link":"http:\/\/www.tvturk.com\/index.php\/kiliste-arapca-tabelalarin-degistirilmesi-tum-turkiyeye-model-oldu\/","title":{"rendered":"Kilis\u2019te Arap\u00e7a tabelalar\u0131n de\u011fi\u015ftirilmesi t\u00fcm T\u00fcrkiye\u2019ye model oldu"},"content":{"rendered":"<p>Kilis\u2019te Suriyelilerin i\u015f yerlerindeki Arap\u00e7a tabelalar\u0131n de\u011fi\u015ftirilmesinden sonra benzer uygulama t\u00fcm T\u00fcrkiye\u2019de ba\u015flad\u0131.<\/p>\n<p>Kilis Valisi Recep Soyt\u00fcrk\u2019\u00fcn talimat\u0131yla \u015eubat 2019 tarihinde Ticaret \u0130l M\u00fcd\u00fcr\u00fc \u0130smail \u0130ncesoy ba\u015fkanl\u0131\u011f\u0131nda olu\u015fturulan komisyonda Vergi Dairesi, Sosyal G\u00fcvenlik Kurumu, Tar\u0131m ve Orman \u0130l M\u00fcd\u00fcrl\u00fc\u011f\u00fc ile Kilis Belediyesi Zab\u0131ta M\u00fcd\u00fcrl\u00fc\u011f\u00fcnden g\u00f6revlilerle al\u0131nan karar do\u011frultusunda Suriyelilerin i\u015f yeri a\u00e7ma ruhsatlar\u0131n\u0131n kontrol edilmesi, Arap\u00e7a olan i\u015f yeri tabelalar\u0131n\u0131n T\u00fcrk\u00e7e tabela ile de\u011fi\u015ftirilmesi zorunlulu\u011fu getirilmi\u015fti. Tabelalar\u0131n y\u00fczde 75 T\u00fcrk\u00e7e, y\u00fczde 25 Arap\u00e7a olmas\u0131 karar\u0131 Suriyelilere tebli\u011f edilmi\u015fti. \u0130l genelinde ba\u015flat\u0131lan \u00e7al\u0131\u015fma ve denetimlerle 531 Suriyeliye ait tabelalar, Arap\u00e7adan T\u00fcrk\u00e7eye \u00e7evrildi.<\/p>\n<p>T\u00fcrk\u00e7e tabela uygulamas\u0131 ile ilgili bilgi veren Ticaret \u0130l M\u00fcd\u00fcr\u00fc \u0130smail \u0130ncesoy, Kilis Valisi Recep Soyt\u00fcrk\u2019\u00fcn talimat\u0131yla bir komisyon olu\u015fturduklar\u0131n\u0131 ifade ederek, \u201c\u0130lk \u00f6nce Suriyeli ka\u00e7 esnaf\u0131n bulundu\u011funun tespitini yapt\u0131k. Bu t\u00fcm esnaflar\u0131m\u0131z Arap\u00e7a tabelalar ile kendi i\u015f yerlerini tan\u0131t\u0131yorlard\u0131. 2 ay s\u00fcrecinde 531 Suriyeli esnaf oldu\u011funu tespit ettik. Bu esnaflar\u0131n baz\u0131lar\u0131n\u0131n vergi kay\u0131tlar\u0131 yoktu, vergi kayd\u0131n\u0131 ger\u00e7ekle\u015ftirdik. Haks\u0131z rekabeti \u00f6nlemek i\u00e7in herkesin vergi kayd\u0131n\u0131 yapt\u0131rmas\u0131n\u0131 sa\u011flad\u0131k. 531 Suriyeli esnaftan tabelalar\u0131 Arap\u00e7a olanlar\u0131n T\u00fcrk\u00e7eye \u00e7evrilmesini sa\u011flad\u0131k. 2 ay i\u00e7erisinde bu s\u00fcreci tamamlad\u0131k. tabelalarda 75\u2019i T\u00fcrk\u00e7e 25\u2019i ise Arap\u00e7a yaz\u0131lmak ko\u015fulu getirdik. Ama nerede ise tamam\u0131 tabelalar\u0131n\u0131 Arap\u00e7aya \u00e7evirdiler\u201d diye konu\u015ftu.<\/p>\n<p>\u00d6te yandan \u0130\u00e7i\u015fleri Bakan\u0131 S\u00fcleyman Soylu, bir televizyon kanal\u0131nda yapt\u0131\u011f\u0131 a\u00e7\u0131klamada Kilis\u2019teki uygulamay\u0131 \u00f6rnek g\u00f6stererek, \u00fclke genelinde tabelalara standart getirildi\u011fini a\u00e7\u0131klam\u0131\u015ft\u0131.<\/p>\n","protected":false},"excerpt":{"rendered":"<p>K\u0130L\u0130S\u2019TE, SUR\u0130YEL\u0130LER\u0130N \u0130\u015e YERLER\u0130NDEK\u0130 TABELALARIN DE\u011e\u0130\u015eT\u0130R\u0130LMES\u0130NDE E\u015eLEMLER\u0130N\u0130N TAMAMLANMASINDAN SONRA BENZER UYGULAMA T\u00dcM T\u00dcRK\u0130YE\u2019DE YAPILMAYA BA\u015eLANDI.<\/p>\n","protected":false},"author":1,"featured_media":177255,"comment_status":"closed","ping_status":"open","sticky":false,"template":"","format":"standard","meta":{"jetpack_post_was_ever_published":false,"_jetpack_newsletter_access":"","_jetpack_dont_email_post_to_subs":false,"_jetpack_newsletter_tier_id":0,"_jetpack_memberships_contains_paywalled_content":false,"_jetpack_memberships_contains_paid_content":false,"footnotes":"","jetpack_publicize_message":"","jetpack_publicize_feature_enabled":true,"jetpack_social_post_already_shared":true,"jetpack_social_options":{"image_generator_settings":{"template":"highway","default_image_id":0,"font":"","enabled":false},"version":2}},"categories":[1],"tags":[11157,26820,6273,1910,77,43346,1325,4071],"class_list":["post-177254","post","type-post","status-publish","format-standard","has-post-thumbnail","hentry","category-genel","tag-arapca","tag-degistirilmesi","tag-kiliste","tag-model","tag-oldu","tag-tabelalarin","tag-tum","tag-turkiyeye"],"jetpack_publicize_connections":[],"jetpack_featured_media_url":"https:\/\/i0.wp.com\/www.tvturk.com\/wp-content\/uploads\/2019\/07\/kiliste-arapca-tabelalarin-degistirilmesi-tum-turkiyeye-model-oldu_340bcb6.jpg?fit=1000%2C666","jetpack_sharing_enabled":true,"jetpack_shortlink":"https:\/\/wp.me\/paKIfm-K6W","_links":{"self":[{"href":"http:\/\/www.tvturk.com\/index.php\/wp-json\/wp\/v2\/posts\/177254","targetHints":{"allow":["GET"]}}],"collection":[{"href":"http:\/\/www.tvturk.com\/index.php\/wp-json\/wp\/v2\/posts"}],"about":[{"href":"http:\/\/www.tvturk.com\/index.php\/wp-json\/wp\/v2\/types\/post"}],"author":[{"embeddable":true,"href":"http:\/\/www.tvturk.com\/index.php\/wp-json\/wp\/v2\/users\/1"}],"replies":[{"embeddable":true,"href":"http:\/\/www.tvturk.com\/index.php\/wp-json\/wp\/v2\/comments?post=177254"}],"version-history":[{"count":0,"href":"http:\/\/www.tvturk.com\/index.php\/wp-json\/wp\/v2\/posts\/177254\/revisions"}],"wp:featuredmedia":[{"embeddable":true,"href":"http:\/\/www.tvturk.com\/index.php\/wp-json\/wp\/v2\/media\/177255"}],"wp:attachment":[{"href":"http:\/\/www.tvturk.com\/index.php\/wp-json\/wp\/v2\/media?parent=177254"}],"wp:term":[{"taxonomy":"category","embeddable":true,"href":"http:\/\/www.tvturk.com\/index.php\/wp-json\/wp\/v2\/categories?post=177254"},{"taxonomy":"post_tag","embeddable":true,"href":"http:\/\/www.tvturk.com\/index.php\/wp-json\/wp\/v2\/tags?post=177254"}],"curies":[{"name":"wp","href":"https:\/\/api.w.org\/{rel}","templated":true}]}}