{"id":177266,"date":"2019-07-03T13:01:50","date_gmt":"2019-07-03T10:01:50","guid":{"rendered":"http:\/\/www.tvturk.com\/index.php\/dunya-sampiyonluguna-engel-yok\/"},"modified":"2019-07-03T13:01:50","modified_gmt":"2019-07-03T10:01:50","slug":"dunya-sampiyonluguna-engel-yok","status":"publish","type":"post","link":"http:\/\/www.tvturk.com\/index.php\/dunya-sampiyonluguna-engel-yok\/","title":{"rendered":"D\u00fcnya \u015fampiyonlu\u011funa engel yok"},"content":{"rendered":"<p>2019 Para-Taekwondo D\u00fcnya \u015eampiyonas\u0131\u2019nda d\u00fcnya \u015fampiyonu olan down sendromlu sporcu Fat\u0131ma Kevser K\u0131dey\u015f, Ba\u015fak\u015fehir Belediye Ba\u015fkan\u0131 Yasin Karto\u011flu\u2019nu makam\u0131nda ziyaret etti.<\/p>\n<p>\u00d6zel bir okulda okuyan 8. s\u0131n\u0131f\u0131 \u00f6\u011frencisi 14 ya\u015f\u0131ndaki Fat\u0131ma Kevser K\u0131dey\u015f, ziyarete Okul M\u00fcd\u00fcr\u00fc G\u00f6khan Aydemir, Antren\u00f6r\u00fc Arzu \u00c7ay\u0131r ve annesi Leman K\u0131dey\u015f ile beraber kat\u0131ld\u0131.<\/p>\n<p>\u201cHerkes sporla ilgilenmeli\u201d<\/p>\n<p>Daha \u00f6nce Para Tekvando T\u00fcrkiye Poomse \u015eampiyonas\u0131\u2019nda T\u00fcrkiye ikincisi, 5-6 \u015eubat 2019 tarihlerinde Antalya\u2019da d\u00fczenlenen D\u00fcnya Para-Tekvando Yar\u0131\u015fmas\u0131\u2019nda ise Poomse kategorisinde alt\u0131n madalya kazanan Kevser, \u201cHerkese sporla ilgilenmelerini tavsiye ederim\u201d dedi.<\/p>\n<p>\u201c\u0130n\u015fallah bu ba\u015far\u0131 bir k\u0131v\u0131lc\u0131m olur\u201d<\/p>\n<p>Fat\u0131ma\u2019n\u0131n annesi Leman K\u0131dey\u015f de, yar\u0131\u015fmalara kat\u0131l\u0131rken d\u00fcnya \u015fampiyonlu\u011fu derecesini beklemediklerini dile getirerek, \u201cBir \u015feyin \u00fczerine d\u00fc\u015f\u00fcp \u00e7ok \u00e7al\u0131\u015f\u0131nca ger\u00e7ekten ba\u015far\u0131l\u0131yormu\u015f. Fat\u0131ma\u2019n\u0131n di\u011fer down sendromlu gen\u00e7ler ve aileleri taraf\u0131ndan \u00f6rnek al\u0131nmas\u0131n\u0131 isterim. Biz yar\u0131\u015fmalara derece alaca\u011f\u0131m\u0131z\u0131 d\u00fc\u015f\u00fcnerek gitmemi\u015ftik ama d\u00fcnya \u015fampiyonlu\u011funa kadar y\u00fckseldik. \u0130n\u015fallah bu ba\u015far\u0131 bir k\u0131v\u0131lc\u0131m olur\u201d \u015feklinde konu\u015ftu.<\/p>\n<p>\u201cHer t\u00fcrl\u00fc deste\u011fe haz\u0131r\u0131z\u201d<\/p>\n<p>Ba\u015fak\u015fehir Belediye Ba\u015fkan\u0131 Yasin Karto\u011flu ise, engelli bireyler i\u00e7in her t\u00fcrl\u00fc imkan\u0131 olu\u015fturmaya gayret ettiklerini vurgulayarak, \u201cBa\u015fak\u015fehir Belediyesi olarak engelli bireylerin k\u00fclt\u00fcr sanattan spora kadar hayat\u0131n her alan\u0131nda varl\u0131k g\u00f6sterebilmeleri i\u00e7in elimizden geleni yap\u0131yoruz. Engelsiz Tiyatro Toplulu\u011fumuz ve Engelsiz M\u00fczik Grubumuz \u015fimdiye kadar \u00e7e\u015fitli ba\u015far\u0131lara imza att\u0131lar. Engelli bireylerin de di\u011fer t\u00fcm vatanda\u015flar\u0131m\u0131z gibi topluma kazand\u0131r\u0131lmas\u0131 i\u00e7in maddi manevi her t\u00fcrl\u00fc deste\u011fe haz\u0131r\u0131z\u201d ifadelerini kulland\u0131.<\/p>\n<p>Ba\u015fkan Karto\u011flu, ziyaret sonunda konuklara hediye takdiminde bulundu.<\/p>\n","protected":false},"excerpt":{"rendered":"<p>\u00d6ZEL B\u0130R OKULDA OKUYAN 8. SINIFI \u00d6\u011eRENC\u0130S\u0130 14 YA\u015eINDAK\u0130 FATIMA KEVSER KIDEY\u015e, Z\u0130YARETE OKUL M\u00dcD\u00dcR\u00dc G\u00d6KHAN AYDEM\u0130R, ANTREN\u00d6R\u00dc ARZU \u00c7AYIR VE ANNES\u0130 LEMAN KIDEY\u015e \u0130LE BERABER KATILDI.<\/p>\n","protected":false},"author":1,"featured_media":177267,"comment_status":"closed","ping_status":"open","sticky":false,"template":"","format":"standard","meta":{"jetpack_post_was_ever_published":false,"_jetpack_newsletter_access":"","_jetpack_dont_email_post_to_subs":false,"_jetpack_newsletter_tier_id":0,"_jetpack_memberships_contains_paywalled_content":false,"_jetpack_memberships_contains_paid_content":false,"footnotes":"","jetpack_publicize_message":"","jetpack_publicize_feature_enabled":true,"jetpack_social_post_already_shared":true,"jetpack_social_options":{"image_generator_settings":{"template":"highway","default_image_id":0,"font":"","enabled":false},"version":2}},"categories":[1],"tags":[349,11939,30676,664],"class_list":["post-177266","post","type-post","status-publish","format-standard","has-post-thumbnail","hentry","category-genel","tag-dunya","tag-engel","tag-sampiyonluguna","tag-yok"],"jetpack_publicize_connections":[],"jetpack_featured_media_url":"https:\/\/i0.wp.com\/www.tvturk.com\/wp-content\/uploads\/2019\/07\/dunya-sampiyonluguna-engel-yok_33fdea3.jpg?fit=1000%2C667","jetpack_sharing_enabled":true,"jetpack_shortlink":"https:\/\/wp.me\/paKIfm-K78","_links":{"self":[{"href":"http:\/\/www.tvturk.com\/index.php\/wp-json\/wp\/v2\/posts\/177266","targetHints":{"allow":["GET"]}}],"collection":[{"href":"http:\/\/www.tvturk.com\/index.php\/wp-json\/wp\/v2\/posts"}],"about":[{"href":"http:\/\/www.tvturk.com\/index.php\/wp-json\/wp\/v2\/types\/post"}],"author":[{"embeddable":true,"href":"http:\/\/www.tvturk.com\/index.php\/wp-json\/wp\/v2\/users\/1"}],"replies":[{"embeddable":true,"href":"http:\/\/www.tvturk.com\/index.php\/wp-json\/wp\/v2\/comments?post=177266"}],"version-history":[{"count":0,"href":"http:\/\/www.tvturk.com\/index.php\/wp-json\/wp\/v2\/posts\/177266\/revisions"}],"wp:featuredmedia":[{"embeddable":true,"href":"http:\/\/www.tvturk.com\/index.php\/wp-json\/wp\/v2\/media\/177267"}],"wp:attachment":[{"href":"http:\/\/www.tvturk.com\/index.php\/wp-json\/wp\/v2\/media?parent=177266"}],"wp:term":[{"taxonomy":"category","embeddable":true,"href":"http:\/\/www.tvturk.com\/index.php\/wp-json\/wp\/v2\/categories?post=177266"},{"taxonomy":"post_tag","embeddable":true,"href":"http:\/\/www.tvturk.com\/index.php\/wp-json\/wp\/v2\/tags?post=177266"}],"curies":[{"name":"wp","href":"https:\/\/api.w.org\/{rel}","templated":true}]}}