{"id":177276,"date":"2019-07-03T13:02:32","date_gmt":"2019-07-03T10:02:32","guid":{"rendered":"http:\/\/www.tvturk.com\/index.php\/eda-ozrodoptan-buyuk-basari\/"},"modified":"2019-07-03T13:02:32","modified_gmt":"2019-07-03T10:02:32","slug":"eda-ozrodoptan-buyuk-basari","status":"publish","type":"post","link":"http:\/\/www.tvturk.com\/index.php\/eda-ozrodoptan-buyuk-basari\/","title":{"rendered":"Eda \u00d6zrodop\u2019tan b\u00fcy\u00fck ba\u015far\u0131"},"content":{"rendered":"<p>Bursa B\u00fcy\u00fck\u015fehir Belediyespor Kul\u00fcb\u00fc sporcusu Eda \u00d6zrodop, Portekiz\u2019de d\u00fczenlenen Biathle-Triathle Avrupa \u015fampiyonas\u0131nda g\u00fcm\u00fc\u015f madalya kazand\u0131.<\/p>\n<p>Uluslararas\u0131 Pentatlon Birli\u011fi (UIPM) taraf\u0131ndan d\u00fczenlenen Avrupa Biathle-Triathle \u015eampiyonas\u0131 Portekiz\u2019in Madeira adas\u0131nda ger\u00e7ekle\u015fti. Mill\u00ee formayla m\u00fccadele eden Bursa B\u00fcy\u00fck\u015fehir Belediyespor Kul\u00fcb\u00fc sporcusu Eda \u00d6zrodop U13 K\u0131zlar thriatle (y\u00fczme, ko\u015fu, lazerli silah kombinasyonu) dal\u0131nda 05:35,13 derecesiyle d\u00f6rd\u00fcnc\u00fc s\u0131rada yer ald\u0131. U13 Mix kategorisinde Tu\u011fra Y\u00fcksel ile birlikte yar\u0131\u015fan \u00d6zrodop, 11:22,07 derecesiyle ikinci olarak g\u00fcm\u00fc\u015f madalyan\u0131n sahibi oldu.<\/p>\n<p>\u00d6d\u00fcl sevinicini ailesiyle birlikte ya\u015fayan Eda \u00d6zrodop, T\u00fcrk bayra\u011f\u0131 ile k\u00fcrs\u00fcde olmaktan dolay\u0131 gururland\u0131\u011f\u0131n\u0131 s\u00f6yledi. Avrupa\u2019da ilk defa yar\u0131\u015fmaktan dolay\u0131 \u00e7ok heyecanl\u0131 oldu\u011funu belirten \u00d6zrodop, \u201cFarkl\u0131 \u00fclkelerden gelen sporcularla yar\u0131\u015fmak \u00e7ok g\u00fczel bir duyguydu. \u0130lk kez uluslararas\u0131 bir organizasyonda yer al\u0131yorum. Bu benim i\u00e7in \u00e7ok heyecanl\u0131 ve \u00f6nemli bir tecr\u00fcbe oldu. T\u00fcrk bayra\u011f\u0131m\u0131zla k\u00fcrs\u00fcde yer ald\u0131\u011f\u0131m i\u00e7in gururluyum.  Kazand\u0131\u011f\u0131m bu ba\u015far\u0131 bir ba\u015flang\u0131\u00e7.  Bu ba\u015far\u0131da ailem, antren\u00f6rlerim ve Bursa B\u00fcy\u00fck\u015fehir Belediyespor Kul\u00fcb\u00fc bana hep destek oldular. \u0130n\u015fallah bundan sonra daha fazla \u00e7al\u0131\u015farak uluslararas\u0131 yar\u0131\u015flarda \u015fampiyonluk ya\u015famak istiyorum\u201d diye konu\u015ftu.<\/p>\n<p>Portekiz\u2019de elde etti\u011fi ikincili\u011fin yan\u0131 s\u0131ra son iki y\u0131l\u0131n T\u00fcrkiye \u015eampiyonu olma \u00f6zelli\u011fi ta\u015f\u0131yan Eda \u00d6zrodop, Amerika\u2019da Biathle -Triathle D\u00fcnya \u015eampiyonas\u0131\u2019nda boy g\u00f6sterecek. Gen\u00e7 sporcu, 23-27 Ekim 2019 tarihlerinde Florida ey\u00e2letinde yap\u0131lacak yar\u0131\u015flarda mill\u00ee formayla madalya i\u00e7in m\u00fccadele edecek.<\/p>\n","protected":false},"excerpt":{"rendered":"<p>BURSA B\u00dcY\u00dcK\u015eEH\u0130R BELED\u0130YESPOR KUL\u00dcB\u00dc SPORCUSU EDA \u00d6ZRODOP, PORTEK\u0130Z\u2019DE D\u00dcZENLENEN B\u0130ATHLE-TR\u0130ATHLE AVRUPA \u015eAMP\u0130YONASINDA G\u00dcM\u00dc\u015e MADALYA KAZANDI.<\/p>\n","protected":false},"author":1,"featured_media":177277,"comment_status":"closed","ping_status":"open","sticky":false,"template":"","format":"standard","meta":{"jetpack_post_was_ever_published":false,"_jetpack_newsletter_access":"","_jetpack_dont_email_post_to_subs":false,"_jetpack_newsletter_tier_id":0,"_jetpack_memberships_contains_paywalled_content":false,"_jetpack_memberships_contains_paid_content":false,"footnotes":"","jetpack_publicize_message":"","jetpack_publicize_feature_enabled":true,"jetpack_social_post_already_shared":true,"jetpack_social_options":{"image_generator_settings":{"template":"highway","default_image_id":0,"font":"","enabled":false},"version":2}},"categories":[657],"tags":[436,545,37374,43354],"class_list":["post-177276","post","type-post","status-publish","format-standard","has-post-thumbnail","hentry","category-spor","tag-basari","tag-buyuk","tag-eda","tag-ozrodoptan"],"jetpack_publicize_connections":[],"jetpack_featured_media_url":"https:\/\/i0.wp.com\/www.tvturk.com\/wp-content\/uploads\/2019\/07\/eda-ozrodoptan-buyuk-basari_9ab730f.jpg?fit=960%2C640","jetpack_sharing_enabled":true,"jetpack_shortlink":"https:\/\/wp.me\/paKIfm-K7i","_links":{"self":[{"href":"http:\/\/www.tvturk.com\/index.php\/wp-json\/wp\/v2\/posts\/177276","targetHints":{"allow":["GET"]}}],"collection":[{"href":"http:\/\/www.tvturk.com\/index.php\/wp-json\/wp\/v2\/posts"}],"about":[{"href":"http:\/\/www.tvturk.com\/index.php\/wp-json\/wp\/v2\/types\/post"}],"author":[{"embeddable":true,"href":"http:\/\/www.tvturk.com\/index.php\/wp-json\/wp\/v2\/users\/1"}],"replies":[{"embeddable":true,"href":"http:\/\/www.tvturk.com\/index.php\/wp-json\/wp\/v2\/comments?post=177276"}],"version-history":[{"count":0,"href":"http:\/\/www.tvturk.com\/index.php\/wp-json\/wp\/v2\/posts\/177276\/revisions"}],"wp:featuredmedia":[{"embeddable":true,"href":"http:\/\/www.tvturk.com\/index.php\/wp-json\/wp\/v2\/media\/177277"}],"wp:attachment":[{"href":"http:\/\/www.tvturk.com\/index.php\/wp-json\/wp\/v2\/media?parent=177276"}],"wp:term":[{"taxonomy":"category","embeddable":true,"href":"http:\/\/www.tvturk.com\/index.php\/wp-json\/wp\/v2\/categories?post=177276"},{"taxonomy":"post_tag","embeddable":true,"href":"http:\/\/www.tvturk.com\/index.php\/wp-json\/wp\/v2\/tags?post=177276"}],"curies":[{"name":"wp","href":"https:\/\/api.w.org\/{rel}","templated":true}]}}