{"id":177284,"date":"2019-07-03T13:16:20","date_gmt":"2019-07-03T10:16:20","guid":{"rendered":"http:\/\/www.tvturk.com\/index.php\/uzungolde-suudi-turistlerin-acigini-onlar-kapatti\/"},"modified":"2019-07-03T13:16:20","modified_gmt":"2019-07-03T10:16:20","slug":"uzungolde-suudi-turistlerin-acigini-onlar-kapatti","status":"publish","type":"post","link":"http:\/\/www.tvturk.com\/index.php\/uzungolde-suudi-turistlerin-acigini-onlar-kapatti\/","title":{"rendered":"Uzung\u00f6l\u2019de Suudi turistlerin a\u00e7\u0131\u011f\u0131n\u0131 onlar kapatt\u0131"},"content":{"rendered":"<p>T\u00fcrkiye\u2019nin \u00f6nemli turizm merkezlerinden biri olan Uzung\u00f6l\u2019de say\u0131lar\u0131 her ge\u00e7en y\u0131l azalan Suudi Arabistan\u2019l\u0131 turistlerin a\u00e7\u0131\u011f\u0131n\u0131 K\u00f6rfez \u00fclkelerinden gelen di\u011fer turistler kapatt\u0131.<\/p>\n<p>Trabzon\u2019un \u00c7aykara il\u00e7esinde do\u011fal g\u00fczelli\u011fi ile yerli ve yabanc\u0131 turistlerin ilgisini \u00e7eken Uzung\u00f6l\u2019de otellerdeki doluluk oran\u0131 y\u00fczde 90\u2019lara ula\u015ft\u0131. Her mevsim ayr\u0131 bir g\u00fczelli\u011fe b\u00fcr\u00fcnen, gelen misafirlerini \u00e7am a\u011fa\u00e7lar\u0131n\u0131n ye\u015fil \u00f6rt\u00fcs\u00fcyle kar\u015f\u0131layan Uzung\u00f6l\u2019de beklenilen turistler yo\u011fun bir \u015fekilde gelmeye ba\u015flad\u0131. T\u00fcrkiye ile Suudi Arabistan aras\u0131nda son d\u00f6nemde ya\u015fanan siyasi gerilim nedeniyle say\u0131lar\u0131 her ge\u00e7en y\u0131l azalan Suudi Arabistan\u2019l\u0131 turistlerde bu y\u0131l y\u00fczde 60 oran\u0131nda bir azalma ya\u015fand\u0131. Suudi Arabistan\u2019l\u0131 turistlerin bu a\u00e7\u0131\u011f\u0131n\u0131 ise K\u00f6rfez \u00fclkelerinden gelen di\u011fer turistler kapatt\u0131. Ge\u00e7en sene tarihinin en yo\u011fun sezonunu ya\u015fayan Uzung\u00f6l\u2019\u00fcn bu sene de turizm rekorunu k\u0131rmas\u0131 bekleniyor.<\/p>\n<p>Konuyla ilgili a\u00e7\u0131klamalarda bulunan Uzung\u00f6l Turizmciler Derne\u011fi Ba\u015fakan Yard\u0131mc\u0131s\u0131 Murat Aky\u00fcz, Uzung\u00f6l\u2019de doluluk oran\u0131n\u0131n istenilen seviyede oldu\u011funu belirterek, &#8220;Eksik ya\u015fad\u0131\u011f\u0131m\u0131z tek durum Suudi Arabistan\u2019dan gelen misafirlerimizin azalmas\u0131. Bunu ge\u00e7en senede g\u00f6rm\u00fc\u015ft\u00fck. Bu sene biraz daha fazla g\u00f6rd\u00fck. Ama onlar\u0131n yerini dolduracak Irak\u2019l\u0131, \u0130ran\u2019l\u0131, Azerbaycan\u2019l\u0131 ve di\u011fer K\u00f6rfez \u00fclkelerinden gelen misafirlerimiz var. Onlar\u0131n a\u00e7\u0131\u011f\u0131n\u0131 ciddi manada dolduruyorlar. Yani Suudi konusunda ciddi s\u0131k\u0131nt\u0131lar ya\u015fam\u0131yoruz. Ge\u00e7en sene y\u00fczde 40 oran\u0131nda azalma vard\u0131 bu sene bu rakam y\u00fczde y\u00fczde 60\u2019\u0131n \u00fczerine \u00e7\u0131kt\u0131. Tabi bunlar siyasi gerilim y\u00fcz\u00fcnden&#8221; dedi.<\/p>\n<p>Y\u00fczde 50 yerli, y\u00fczde 50 yabanc\u0131 turist<\/p>\n<p>K\u00f6rfez \u00fclkelerinden gelen di\u011fer turistlerin Suudi\u2019li turistlerin oldu\u011fu yerlere gelmedi\u011fine dikkat \u00e7eken Aky\u00fcz, &#8220;Irak ve \u0130ran turistlerin potansiteli olduk\u00e7a y\u00fcksek. Bizim ikinci s\u0131rada Kuveytli misafirlerimiz var. Onlarda en ufak bir azalma yok. Bunun yan\u0131 s\u0131ra Bahreyn, Birle\u015fik Arap Emirlikleri, Katar ve di\u011fer K\u00f6rfez \u00fclkelerinden gelen misafirlerimizde yo\u011funluk var. Hatta onlar Suudi Arabistanl\u0131lar\u2019\u0131n oldu\u011fu yere pek gelmezler. Dolay\u0131s\u0131yla Suudi\u2019ler olmay\u0131nca biraz daha fazla gelmeye ba\u015flad\u0131lar. Uzung\u00f6l\u2019e \u015fuanda bakt\u0131\u011f\u0131m\u0131zda gelen turistlerin y\u00fczde 50\u2019sini yerli turistler olu\u015ftururken, y\u00fczde 50\u2019sini ise yabanc\u0131 turistler olu\u015fturuyor&#8221; \u015feklinde konu\u015ftu.<\/p>\n<p>Ge\u00e7en sene en yo\u011fun sezon ya\u015fand\u0131 ama istenilen \u00e7al\u0131\u015fmalar bitmedi<\/p>\n<p>Uzung\u00f6l\u2019de ge\u00e7en sene en yo\u011fun sezonunun ya\u015fand\u0131\u011f\u0131na dikkat \u00e7eken Aky\u00fcz, &#8220;Uzung\u00f6l\u2019\u00fc terdirgin eden en \u00f6nemli \u015fey yol. Yolumuz t\u0131kan\u0131yor. Onunla ilgili bir \u00e7\u00f6z\u00fcm bulamad\u0131k. \u015eu 2 sene i\u00e7inde bir katk\u0131 sunmaya ba\u015flad\u0131lar ama eksik. Gelen misafirler yolda s\u0131k\u0131nt\u0131lar ya\u015f\u0131yor. B\u00fcy\u00fck ara\u00e7lar yollar\u0131 ciddi anlamda t\u0131k\u0131yor. Uzung\u00f6l\u2019\u00fcn giri\u015finde bir otopark olu\u015fturularak bir \u00e7\u00f6z\u00fcm al\u0131nmas\u0131 gerekiyor. Ge\u00e7en sene g\u00fcnde ortalama 23 bin ara\u00e7 geliyordu. Bu 70-80 bin insan demektir. Uzung\u00f6l\u2019\u00fc sezona haz\u0131rlamam\u0131z gerekiyordu. Teleferik projesi olmazsa olmaz\u0131m\u0131z. Ama halen daha ba\u015flanmad\u0131. Bunlar\u0131n bitmesi laz\u0131m. Uzung\u00f6l\u2019\u00fc ziyaret etmek isteyen insanlar\u0131 sadece 3 ayda s\u0131n\u0131rl\u0131 kalmamas\u0131 laz\u0131m. Turist say\u0131s\u0131 her ge\u00e7en y\u0131l art\u0131yor. Ge\u00e7en sene biz Suudi\u2019li turistler gelmeyecek bir b\u00fcy\u00fck s\u0131k\u0131nt\u0131 ya\u015fayaca\u011f\u0131z diye d\u00fc\u015f\u00fcn\u00fcyorduk. Ama ge\u00e7en sene t\u00fcm sezonlar\u0131n en yo\u011fun sezonunu ya\u015fad\u0131k. Y\u00fczde 40 oran\u0131n Suudi\u2019li turistlerin azalmas\u0131na ra\u011fmen bu yo\u011funlu\u011fu ya\u015fad\u0131k. Bu sene say\u0131 daha da artacak&#8221; ifadelerini kulland\u0131.<\/p>\n<p>\u00d6te yandan Arap ve yerli turistler Uzung\u00f6l\u2019de deniz bisikletinden yama\u00e7 para\u015f\u00fct\u00fcne kadar bir \u00e7ok aktivite yapma imkan\u0131 da buluyor.<\/p>\n","protected":false},"excerpt":{"rendered":"<p>T\u00dcRK\u0130YE&#8217;N\u0130N \u00d6NEML\u0130 TUR\u0130ZM MERKEZLER\u0130NDEN B\u0130R\u0130 OLAN UZUNG\u00d6L&#8217;DE SAYILARI HER GE\u00c7EN YIL AZALAN SUUD\u0130 ARAB\u0130STAN&#8217;LI TUR\u0130STLER\u0130N A\u00c7I\u011eINI K\u00d6RFEZ \u00dcLKELER\u0130NDEN GELEN D\u0130\u011eER TUR\u0130STLER KAPATTI.<\/p>\n","protected":false},"author":1,"featured_media":177285,"comment_status":"closed","ping_status":"open","sticky":false,"template":"","format":"standard","meta":{"jetpack_post_was_ever_published":false,"_jetpack_newsletter_access":"","_jetpack_dont_email_post_to_subs":false,"_jetpack_newsletter_tier_id":0,"_jetpack_memberships_contains_paywalled_content":false,"_jetpack_memberships_contains_paid_content":false,"footnotes":"","jetpack_publicize_message":"","jetpack_publicize_feature_enabled":true,"jetpack_social_post_already_shared":true,"jetpack_social_options":{"image_generator_settings":{"template":"highway","default_image_id":0,"font":"","enabled":false},"version":2}},"categories":[19],"tags":[43356,3768,5749,11611,21482,40390],"class_list":["post-177284","post","type-post","status-publish","format-standard","has-post-thumbnail","hentry","category-ekonomi","tag-acigini","tag-kapatti","tag-onlar","tag-suudi","tag-turistlerin","tag-uzungolde"],"jetpack_publicize_connections":[],"jetpack_featured_media_url":"https:\/\/i0.wp.com\/www.tvturk.com\/wp-content\/uploads\/2019\/07\/uzungolde-suudi-turistlerin-acigini-onlar-kapatti_2ab2bfa.jpg?fit=1000%2C666","jetpack_sharing_enabled":true,"jetpack_shortlink":"https:\/\/wp.me\/paKIfm-K7q","_links":{"self":[{"href":"http:\/\/www.tvturk.com\/index.php\/wp-json\/wp\/v2\/posts\/177284","targetHints":{"allow":["GET"]}}],"collection":[{"href":"http:\/\/www.tvturk.com\/index.php\/wp-json\/wp\/v2\/posts"}],"about":[{"href":"http:\/\/www.tvturk.com\/index.php\/wp-json\/wp\/v2\/types\/post"}],"author":[{"embeddable":true,"href":"http:\/\/www.tvturk.com\/index.php\/wp-json\/wp\/v2\/users\/1"}],"replies":[{"embeddable":true,"href":"http:\/\/www.tvturk.com\/index.php\/wp-json\/wp\/v2\/comments?post=177284"}],"version-history":[{"count":0,"href":"http:\/\/www.tvturk.com\/index.php\/wp-json\/wp\/v2\/posts\/177284\/revisions"}],"wp:featuredmedia":[{"embeddable":true,"href":"http:\/\/www.tvturk.com\/index.php\/wp-json\/wp\/v2\/media\/177285"}],"wp:attachment":[{"href":"http:\/\/www.tvturk.com\/index.php\/wp-json\/wp\/v2\/media?parent=177284"}],"wp:term":[{"taxonomy":"category","embeddable":true,"href":"http:\/\/www.tvturk.com\/index.php\/wp-json\/wp\/v2\/categories?post=177284"},{"taxonomy":"post_tag","embeddable":true,"href":"http:\/\/www.tvturk.com\/index.php\/wp-json\/wp\/v2\/tags?post=177284"}],"curies":[{"name":"wp","href":"https:\/\/api.w.org\/{rel}","templated":true}]}}