{"id":17731,"date":"2019-02-10T11:42:46","date_gmt":"2019-02-10T08:42:46","guid":{"rendered":"http:\/\/www.tvturk.com\/index.php\/karsiyakada-coskulu-acilis\/"},"modified":"2019-02-10T11:42:51","modified_gmt":"2019-02-10T08:42:51","slug":"karsiyakada-coskulu-acilis","status":"publish","type":"post","link":"http:\/\/www.tvturk.com\/index.php\/karsiyakada-coskulu-acilis\/","title":{"rendered":"Kar\u015f\u0131yaka\u2019da co\u015fkulu a\u00e7\u0131l\u0131\u015f"},"content":{"rendered":"<p>Kar\u015f\u0131yaka Belediyesinin \u015eemikler\u2019de yap\u0131m\u0131n\u0131 tamamlad\u0131\u011f\u0131 10\u2019uncu mahalle merkezi, co\u015fkulu bir t\u00f6renle hizmete a\u00e7\u0131ld\u0131. Ali R\u0131za Bodur E\u011fitim Merkezi ad\u0131 verilen tesis, binlerce vatanda\u015fa \u00fccretsiz sosyal hizmetler sunacak. Kar\u015f\u0131yaka Belediye Ba\u015fkan\u0131 H\u00fcseyin Mutlu Akp\u0131nar \u201cAli R\u0131za Bodur, \u015eemikler ile \u00f6zde\u015fle\u015fmi\u015f bir siyaset \u00e7\u0131nar\u0131d\u0131r. Sosyal projelerimizi, vefa duygumuzla beslemekten mutluluk duyuyoruz\u201d dedi.<\/p>\n<p>Kar\u015f\u0131yaka\u2019ya kazand\u0131rd\u0131\u011f\u0131 yeni yat\u0131r\u0131mlar\u0131, topluma hizmet etmi\u015f de\u011ferlerin isimleriyle ta\u00e7land\u0131ran Kar\u015f\u0131yaka Belediyesi, \u015eemikler Mahallesinde in\u015fa edilen yeni mahalle merkezine de CHP 20. ve 22. D\u00f6nem \u0130zmir Milletvekili ve eski il ba\u015fkanlar\u0131ndan Ali R\u0131za Bodur\u2019un ismini verdi. Kar\u015f\u0131yaka\u2019daki 10\u2019uncu mahalle merkezi olan tesis, co\u015fkulu bir t\u00f6renle hizmete a\u00e7\u0131ld\u0131. T\u00f6rene Kar\u015f\u0131yaka Belediye Ba\u015fkan\u0131 H\u00fcseyin Mutlu Akp\u0131nar, e\u015fi Zehra Akp\u0131nar ve Ali R\u0131za Bodur ile birlikte; CHP \u0130zmir Milletvekili Atilla Sertel, ge\u00e7mi\u015f d\u00f6nem milletvekilleri T\u00fcrkan Mi\u00e7o\u011fullar\u0131, Kemal Vatan, B\u00fclent Baratal\u0131, CHP il ve il\u00e7e y\u00f6neticileri, sivil toplum kurulu\u015flar\u0131n\u0131n temsilcileri, muhtarlar ve y\u00fczlerce vatanda\u015f kat\u0131ld\u0131.<\/p>\n<p>&#8220;Hizmet a\u015fk\u0131yla 5 y\u0131l&#8221;<\/p>\n<p>Kar\u015f\u0131yaka Belediye Ba\u015fkan\u0131 H\u00fcseyin Mutlu Akp\u0131nar, \u201cOnurla, gururla ve hizmet a\u015fk\u0131yla ge\u00e7en bir 5 y\u0131l ya\u015fad\u0131k. Bu s\u00fcre\u00e7te 6 se\u00e7im, bir darbe giri\u015fimi, 2 y\u0131l OHAL ya\u015fad\u0131k. T\u00fcm bu zorluklar\u0131 bahane etmeden yat\u0131r\u0131m yapt\u0131k, hizmet ettik. Hakk\u0131nda soru\u015fturma a\u00e7\u0131lmayan, kamuyu zarara u\u011fratmayan, belediyesine m\u00fclkiye m\u00fcfetti\u015fi girmeyen bir belediye ba\u015fkan\u0131 olarak n\u00f6betimi devredece\u011fim. Bu tesis, at\u0131l durumdaki bir pazar yeriydi. Biz binlerce insana hizmet edecek bir mahalle merkezine d\u00f6n\u00fc\u015ft\u00fcrd\u00fck ve Ali R\u0131za Bodur\u2019un ismini verdik. Hizmet a\u015fk\u0131m\u0131z\u0131 vefa duygusuyla s\u00fcsledik. Hay\u0131rl\u0131 olsun\u201d dedi.<\/p>\n<p>\u201cEn b\u00fcy\u00fck gurur\u201d<\/p>\n<p>T\u00f6rene kat\u0131lan Ali R\u0131za Bodur \u201c\u0130l ba\u015fkan\u0131 se\u00e7ildim, milletvekili se\u00e7ildim, onlarca \u00f6nemli g\u00f6rev ald\u0131m ancak bir fani olarak ya\u015fayabilece\u011fim en b\u00fcy\u00fck mutlulu\u011fu ve gururu bug\u00fcn ya\u015f\u0131yorum. Bu onuru bana ya\u015fatan Akp\u0131nar\u2019a te\u015fekk\u00fcr ediyorum. 5 y\u0131lda \u00e7ok g\u00fczel i\u015fler yapt\u0131. Siyasette bazen yol kazalar\u0131 olur ama eminim ki uzun y\u0131llar bu topluma hizmet edecek g\u00f6revler alacakt\u0131r\u201d diye konu\u015ftu.<\/p>\n<p>\u201cUnutulmayacak yat\u0131r\u0131mlar\u201d<\/p>\n<p>CHP \u0130zmir Milletvekili Atilla Sertel \u201cH\u00fcseyin Mutlu Akp\u0131nar \u00e7ok \u00f6nemli i\u015flere imza att\u0131, unutulmayacak yat\u0131r\u0131mlar yapt\u0131 ve vefa duygusunu da hep \u00f6n planda tuttu. Ke\u015fke herkes Say\u0131n Akp\u0131nar gibi vefal\u0131 olabilse. \u0130nan\u0131yorum ki siyasette \u00e7ok \u00f6nemli g\u00f6revlere gelecektir\u201d dedi. \u015eemikler Mahalle Muhtar\u0131 Mehmet Kasap da Ba\u015fkan Akp\u0131nar\u2019a te\u015fekk\u00fcr etti.<\/p>\n<p>At\u0131l pazar yerinden modern tesise<\/p>\n<p>\u015eemikler Ali R\u0131za Bodur Mahalle Merkezi Projesi; y\u0131llar \u00f6nce pazar yeri olarak in\u015fa edilen ancak zaman i\u00e7inde kullan\u0131m d\u0131\u015f\u0131 b\u0131rak\u0131lan at\u0131l binada hayata ge\u00e7irildi. Toplam 550 metrekare kapal\u0131 alana sahip olan tesiste, \u00fc\u00e7 ana toplant\u0131 ve etkinlik salonu ile idari ofis ve mutfak olu\u015fturuldu. Engelli kullan\u0131m\u0131na da uygun olarak tasarlanan merkezde, \u00fccretsiz meslek edindirme ve hobi kurslar\u0131 d\u00fczenlenecek. Sa\u011fl\u0131k, hukuk ve psikoloji gibi alanlarda uzmanlar\u0131n kat\u0131l\u0131m\u0131yla s\u00f6yle\u015filer yap\u0131lacak, seminerler d\u00fczenlenecek. Sosyalle\u015fme, dayan\u0131\u015fma ve yard\u0131mla\u015fma ortamlar\u0131 olu\u015fturulacak.<div class=\"tiled-gallery type-rectangular tiled-gallery-unresized\" data-original-width=\"500\" data-carousel-extra='null' itemscope itemtype=\"http:\/\/schema.org\/ImageGallery\" > <div class=\"gallery-row\" style=\"width: 500px; height: 237px;\" data-original-width=\"500\" data-original-height=\"237\" > <div class=\"gallery-group images-1\" style=\"width: 327px; height: 237px;\" data-original-width=\"327\" data-original-height=\"237\" > <div class=\"tiled-gallery-item tiled-gallery-item-large\" itemprop=\"associatedMedia\" itemscope itemtype=\"http:\/\/schema.org\/ImageObject\"> <a href=\"http:\/\/www.tvturk.com\/index.php\/karsiyakada-coskulu-acilis\/karsiyakada-coskulu-acilis-3\/\" border=\"0\" itemprop=\"url\"> <meta itemprop=\"width\" content=\"323\"> <meta itemprop=\"height\" content=\"233\"> <img decoding=\"async\" class=\"\" data-attachment-id=\"17733\" data-orig-file=\"http:\/\/www.tvturk.com\/wp-content\/uploads\/2019\/02\/karsiyakada-coskulu-acilis_211fd4b.jpg\" data-orig-size=\"1000,722\" data-comments-opened=\"\" data-image-meta=\"{&quot;aperture&quot;:&quot;0&quot;,&quot;credit&quot;:&quot;IHA&quot;,&quot;camera&quot;:&quot;&quot;,&quot;caption&quot;:&quot;AL\\u0130 RIZA BODUR E\\u011e\\u0130T\\u0130M MERKEZ\\u0130 ADI VER\\u0130LEN TES\\u0130S, B\\u0130NLERCE VATANDA\\u015eA \\u00dcCRETS\\u0130Z SOSYAL H\\u0130ZMETLER SUNACAK. (\\u0130HA\\\/\\u0130ZM\\u0130R-\\u0130HA)&quot;,&quot;created_timestamp&quot;:&quot;0&quot;,&quot;copyright&quot;:&quot;\\u0130HLAS HABER AJANSI, www.iha.com.tr&quot;,&quot;focal_length&quot;:&quot;0&quot;,&quot;iso&quot;:&quot;0&quot;,&quot;shutter_speed&quot;:&quot;0&quot;,&quot;title&quot;:&quot;KAR\\u015eIYAKA\\u2019DA CO\\u015eKULU A\\u00c7ILI\\u015e AL\\u0130 RIZA BODUR E\\u011e\\u0130T\\u0130M MERKEZ\\u0130 A\\u00c7ILDI&quot;,&quot;orientation&quot;:&quot;0&quot;}\" data-image-title=\"Kar\u015f\u0131yaka\u2019da co\u015fkulu a\u00e7\u0131l\u0131\u015f\" data-image-description=\"&lt;p&gt;Kar\u015f\u0131yaka\u2019da co\u015fkulu a\u00e7\u0131l\u0131\u015f&lt;\/p&gt; \" data-medium-file=\"https:\/\/i0.wp.com\/www.tvturk.com\/wp-content\/uploads\/2019\/02\/karsiyakada-coskulu-acilis_211fd4b.jpg?fit=300%2C217\" data-large-file=\"https:\/\/i0.wp.com\/www.tvturk.com\/wp-content\/uploads\/2019\/02\/karsiyakada-coskulu-acilis_211fd4b.jpg?fit=1000%2C722\" src=\"https:\/\/i0.wp.com\/www.tvturk.com\/wp-content\/uploads\/2019\/02\/karsiyakada-coskulu-acilis_211fd4b.jpg?w=323&#038;h=233\" srcset=\"https:\/\/i0.wp.com\/www.tvturk.com\/wp-content\/uploads\/2019\/02\/karsiyakada-coskulu-acilis_211fd4b.jpg?w=1000 1000w, https:\/\/i0.wp.com\/www.tvturk.com\/wp-content\/uploads\/2019\/02\/karsiyakada-coskulu-acilis_211fd4b.jpg?resize=150%2C108 150w, https:\/\/i0.wp.com\/www.tvturk.com\/wp-content\/uploads\/2019\/02\/karsiyakada-coskulu-acilis_211fd4b.jpg?resize=300%2C217 300w, https:\/\/i0.wp.com\/www.tvturk.com\/wp-content\/uploads\/2019\/02\/karsiyakada-coskulu-acilis_211fd4b.jpg?resize=768%2C554 768w\" width=\"323\" height=\"233\" loading=\"lazy\" data-original-width=\"323\" data-original-height=\"233\" itemprop=\"http:\/\/schema.org\/image\" title=\"Kar\u015f\u0131yaka\u2019da co\u015fkulu a\u00e7\u0131l\u0131\u015f\" alt=\"Kar\u015f\u0131yaka\u2019da co\u015fkulu a\u00e7\u0131l\u0131\u015f\" style=\"width: 323px; height: 233px;\" \/> <\/a> <\/div> <\/div> <!-- close group --> <div class=\"gallery-group images-2\" style=\"width: 173px; height: 237px;\" data-original-width=\"173\" data-original-height=\"237\" > <div class=\"tiled-gallery-item tiled-gallery-item-small\" itemprop=\"associatedMedia\" itemscope itemtype=\"http:\/\/schema.org\/ImageObject\"> <a href=\"http:\/\/www.tvturk.com\/index.php\/karsiyakada-coskulu-acilis\/karsiyakada-coskulu-acilis-4\/\" border=\"0\" itemprop=\"url\"> <meta itemprop=\"width\" content=\"169\"> <meta itemprop=\"height\" content=\"117\"> <img decoding=\"async\" class=\"\" data-attachment-id=\"17734\" data-orig-file=\"http:\/\/www.tvturk.com\/wp-content\/uploads\/2019\/02\/karsiyakada-coskulu-acilis_139df5e.jpg\" data-orig-size=\"1000,692\" data-comments-opened=\"\" data-image-meta=\"{&quot;aperture&quot;:&quot;0&quot;,&quot;credit&quot;:&quot;IHA&quot;,&quot;camera&quot;:&quot;&quot;,&quot;caption&quot;:&quot;AL\\u0130 RIZA BODUR E\\u011e\\u0130T\\u0130M MERKEZ\\u0130 ADI VER\\u0130LEN TES\\u0130S, B\\u0130NLERCE VATANDA\\u015eA \\u00dcCRETS\\u0130Z SOSYAL H\\u0130ZMETLER SUNACAK. (\\u0130HA\\\/\\u0130ZM\\u0130R-\\u0130HA)&quot;,&quot;created_timestamp&quot;:&quot;0&quot;,&quot;copyright&quot;:&quot;\\u0130HLAS HABER AJANSI, www.iha.com.tr&quot;,&quot;focal_length&quot;:&quot;0&quot;,&quot;iso&quot;:&quot;0&quot;,&quot;shutter_speed&quot;:&quot;0&quot;,&quot;title&quot;:&quot;KAR\\u015eIYAKA\\u2019DA CO\\u015eKULU A\\u00c7ILI\\u015e AL\\u0130 RIZA BODUR E\\u011e\\u0130T\\u0130M MERKEZ\\u0130 A\\u00c7ILDI&quot;,&quot;orientation&quot;:&quot;0&quot;}\" data-image-title=\"Kar\u015f\u0131yaka\u2019da co\u015fkulu a\u00e7\u0131l\u0131\u015f\" data-image-description=\"&lt;p&gt;Kar\u015f\u0131yaka\u2019da co\u015fkulu a\u00e7\u0131l\u0131\u015f&lt;\/p&gt; \" data-medium-file=\"https:\/\/i0.wp.com\/www.tvturk.com\/wp-content\/uploads\/2019\/02\/karsiyakada-coskulu-acilis_139df5e.jpg?fit=300%2C208\" data-large-file=\"https:\/\/i0.wp.com\/www.tvturk.com\/wp-content\/uploads\/2019\/02\/karsiyakada-coskulu-acilis_139df5e.jpg?fit=1000%2C692\" src=\"https:\/\/i0.wp.com\/www.tvturk.com\/wp-content\/uploads\/2019\/02\/karsiyakada-coskulu-acilis_139df5e.jpg?w=169&#038;h=117\" srcset=\"https:\/\/i0.wp.com\/www.tvturk.com\/wp-content\/uploads\/2019\/02\/karsiyakada-coskulu-acilis_139df5e.jpg?w=1000 1000w, https:\/\/i0.wp.com\/www.tvturk.com\/wp-content\/uploads\/2019\/02\/karsiyakada-coskulu-acilis_139df5e.jpg?resize=150%2C104 150w, https:\/\/i0.wp.com\/www.tvturk.com\/wp-content\/uploads\/2019\/02\/karsiyakada-coskulu-acilis_139df5e.jpg?resize=300%2C208 300w, https:\/\/i0.wp.com\/www.tvturk.com\/wp-content\/uploads\/2019\/02\/karsiyakada-coskulu-acilis_139df5e.jpg?resize=768%2C531 768w, https:\/\/i0.wp.com\/www.tvturk.com\/wp-content\/uploads\/2019\/02\/karsiyakada-coskulu-acilis_139df5e.jpg?resize=80%2C55 80w\" width=\"169\" height=\"117\" loading=\"lazy\" data-original-width=\"169\" data-original-height=\"117\" itemprop=\"http:\/\/schema.org\/image\" title=\"Kar\u015f\u0131yaka\u2019da co\u015fkulu a\u00e7\u0131l\u0131\u015f\" alt=\"Kar\u015f\u0131yaka\u2019da co\u015fkulu a\u00e7\u0131l\u0131\u015f\" style=\"width: 169px; height: 117px;\" \/> <\/a> <\/div> <div class=\"tiled-gallery-item tiled-gallery-item-small\" itemprop=\"associatedMedia\" itemscope itemtype=\"http:\/\/schema.org\/ImageObject\"> <a href=\"http:\/\/www.tvturk.com\/index.php\/karsiyakada-coskulu-acilis\/karsiyakada-coskulu-acilis-5\/\" border=\"0\" itemprop=\"url\"> <meta itemprop=\"width\" content=\"169\"> <meta itemprop=\"height\" content=\"112\"> <img decoding=\"async\" class=\"\" data-attachment-id=\"17735\" data-orig-file=\"http:\/\/www.tvturk.com\/wp-content\/uploads\/2019\/02\/karsiyakada-coskulu-acilis_1070e57.jpg\" data-orig-size=\"1000,666\" data-comments-opened=\"\" data-image-meta=\"{&quot;aperture&quot;:&quot;0&quot;,&quot;credit&quot;:&quot;IHA&quot;,&quot;camera&quot;:&quot;&quot;,&quot;caption&quot;:&quot;AL\\u0130 RIZA BODUR E\\u011e\\u0130T\\u0130M MERKEZ\\u0130 ADI VER\\u0130LEN TES\\u0130S, B\\u0130NLERCE VATANDA\\u015eA \\u00dcCRETS\\u0130Z SOSYAL H\\u0130ZMETLER SUNACAK. (\\u0130HA\\\/\\u0130ZM\\u0130R-\\u0130HA)&quot;,&quot;created_timestamp&quot;:&quot;0&quot;,&quot;copyright&quot;:&quot;\\u0130HLAS HABER AJANSI, www.iha.com.tr&quot;,&quot;focal_length&quot;:&quot;0&quot;,&quot;iso&quot;:&quot;0&quot;,&quot;shutter_speed&quot;:&quot;0&quot;,&quot;title&quot;:&quot;KAR\\u015eIYAKA\\u2019DA CO\\u015eKULU A\\u00c7ILI\\u015e AL\\u0130 RIZA BODUR E\\u011e\\u0130T\\u0130M MERKEZ\\u0130 A\\u00c7ILDI&quot;,&quot;orientation&quot;:&quot;0&quot;}\" data-image-title=\"Kar\u015f\u0131yaka\u2019da co\u015fkulu a\u00e7\u0131l\u0131\u015f\" data-image-description=\"&lt;p&gt;Kar\u015f\u0131yaka\u2019da co\u015fkulu a\u00e7\u0131l\u0131\u015f&lt;\/p&gt; \" data-medium-file=\"https:\/\/i0.wp.com\/www.tvturk.com\/wp-content\/uploads\/2019\/02\/karsiyakada-coskulu-acilis_1070e57.jpg?fit=300%2C200\" data-large-file=\"https:\/\/i0.wp.com\/www.tvturk.com\/wp-content\/uploads\/2019\/02\/karsiyakada-coskulu-acilis_1070e57.jpg?fit=1000%2C666\" src=\"https:\/\/i0.wp.com\/www.tvturk.com\/wp-content\/uploads\/2019\/02\/karsiyakada-coskulu-acilis_1070e57.jpg?w=169&#038;h=112\" srcset=\"https:\/\/i0.wp.com\/www.tvturk.com\/wp-content\/uploads\/2019\/02\/karsiyakada-coskulu-acilis_1070e57.jpg?w=1000 1000w, https:\/\/i0.wp.com\/www.tvturk.com\/wp-content\/uploads\/2019\/02\/karsiyakada-coskulu-acilis_1070e57.jpg?resize=150%2C100 150w, https:\/\/i0.wp.com\/www.tvturk.com\/wp-content\/uploads\/2019\/02\/karsiyakada-coskulu-acilis_1070e57.jpg?resize=300%2C200 300w, https:\/\/i0.wp.com\/www.tvturk.com\/wp-content\/uploads\/2019\/02\/karsiyakada-coskulu-acilis_1070e57.jpg?resize=768%2C511 768w, https:\/\/i0.wp.com\/www.tvturk.com\/wp-content\/uploads\/2019\/02\/karsiyakada-coskulu-acilis_1070e57.jpg?resize=170%2C113 170w, https:\/\/i0.wp.com\/www.tvturk.com\/wp-content\/uploads\/2019\/02\/karsiyakada-coskulu-acilis_1070e57.jpg?resize=120%2C80 120w\" width=\"169\" height=\"112\" loading=\"lazy\" data-original-width=\"169\" data-original-height=\"112\" itemprop=\"http:\/\/schema.org\/image\" title=\"Kar\u015f\u0131yaka\u2019da co\u015fkulu a\u00e7\u0131l\u0131\u015f\" alt=\"Kar\u015f\u0131yaka\u2019da co\u015fkulu a\u00e7\u0131l\u0131\u015f\" style=\"width: 169px; height: 112px;\" \/> <\/a> <\/div> <\/div> <!-- close group --> <\/div> <!-- close row --> <div class=\"gallery-row\" style=\"width: 500px; height: 233px;\" data-original-width=\"500\" data-original-height=\"233\" > <div class=\"gallery-group images-2\" style=\"width: 170px; height: 233px;\" data-original-width=\"170\" data-original-height=\"233\" > <div class=\"tiled-gallery-item tiled-gallery-item-small\" itemprop=\"associatedMedia\" itemscope itemtype=\"http:\/\/schema.org\/ImageObject\"> <a href=\"http:\/\/www.tvturk.com\/index.php\/karsiyakada-coskulu-acilis\/karsiyakada-coskulu-acilis-6\/\" border=\"0\" itemprop=\"url\"> <meta itemprop=\"width\" content=\"166\"> <meta itemprop=\"height\" content=\"115\"> <img decoding=\"async\" class=\"\" data-attachment-id=\"17736\" data-orig-file=\"http:\/\/www.tvturk.com\/wp-content\/uploads\/2019\/02\/karsiyakada-coskulu-acilis_1ce7d95.jpg\" data-orig-size=\"1000,691\" data-comments-opened=\"\" data-image-meta=\"{&quot;aperture&quot;:&quot;0&quot;,&quot;credit&quot;:&quot;IHA&quot;,&quot;camera&quot;:&quot;&quot;,&quot;caption&quot;:&quot;AL\\u0130 RIZA BODUR E\\u011e\\u0130T\\u0130M MERKEZ\\u0130 ADI VER\\u0130LEN TES\\u0130S, B\\u0130NLERCE VATANDA\\u015eA \\u00dcCRETS\\u0130Z SOSYAL H\\u0130ZMETLER SUNACAK. (\\u0130HA\\\/\\u0130ZM\\u0130R-\\u0130HA)&quot;,&quot;created_timestamp&quot;:&quot;0&quot;,&quot;copyright&quot;:&quot;\\u0130HLAS HABER AJANSI, www.iha.com.tr&quot;,&quot;focal_length&quot;:&quot;0&quot;,&quot;iso&quot;:&quot;0&quot;,&quot;shutter_speed&quot;:&quot;0&quot;,&quot;title&quot;:&quot;KAR\\u015eIYAKA\\u2019DA CO\\u015eKULU A\\u00c7ILI\\u015e AL\\u0130 RIZA BODUR E\\u011e\\u0130T\\u0130M MERKEZ\\u0130 A\\u00c7ILDI&quot;,&quot;orientation&quot;:&quot;0&quot;}\" data-image-title=\"Kar\u015f\u0131yaka\u2019da co\u015fkulu a\u00e7\u0131l\u0131\u015f\" data-image-description=\"&lt;p&gt;Kar\u015f\u0131yaka\u2019da co\u015fkulu a\u00e7\u0131l\u0131\u015f&lt;\/p&gt; \" data-medium-file=\"https:\/\/i0.wp.com\/www.tvturk.com\/wp-content\/uploads\/2019\/02\/karsiyakada-coskulu-acilis_1ce7d95.jpg?fit=300%2C207\" data-large-file=\"https:\/\/i0.wp.com\/www.tvturk.com\/wp-content\/uploads\/2019\/02\/karsiyakada-coskulu-acilis_1ce7d95.jpg?fit=1000%2C691\" src=\"https:\/\/i0.wp.com\/www.tvturk.com\/wp-content\/uploads\/2019\/02\/karsiyakada-coskulu-acilis_1ce7d95.jpg?w=166&#038;h=115\" srcset=\"https:\/\/i0.wp.com\/www.tvturk.com\/wp-content\/uploads\/2019\/02\/karsiyakada-coskulu-acilis_1ce7d95.jpg?w=1000 1000w, https:\/\/i0.wp.com\/www.tvturk.com\/wp-content\/uploads\/2019\/02\/karsiyakada-coskulu-acilis_1ce7d95.jpg?resize=150%2C104 150w, https:\/\/i0.wp.com\/www.tvturk.com\/wp-content\/uploads\/2019\/02\/karsiyakada-coskulu-acilis_1ce7d95.jpg?resize=300%2C207 300w, https:\/\/i0.wp.com\/www.tvturk.com\/wp-content\/uploads\/2019\/02\/karsiyakada-coskulu-acilis_1ce7d95.jpg?resize=768%2C531 768w, https:\/\/i0.wp.com\/www.tvturk.com\/wp-content\/uploads\/2019\/02\/karsiyakada-coskulu-acilis_1ce7d95.jpg?resize=80%2C55 80w\" width=\"166\" height=\"115\" loading=\"lazy\" data-original-width=\"166\" data-original-height=\"115\" itemprop=\"http:\/\/schema.org\/image\" title=\"Kar\u015f\u0131yaka\u2019da co\u015fkulu a\u00e7\u0131l\u0131\u015f\" alt=\"Kar\u015f\u0131yaka\u2019da co\u015fkulu a\u00e7\u0131l\u0131\u015f\" style=\"width: 166px; height: 115px;\" \/> <\/a> <\/div> <div class=\"tiled-gallery-item tiled-gallery-item-small\" itemprop=\"associatedMedia\" itemscope itemtype=\"http:\/\/schema.org\/ImageObject\"> <a href=\"http:\/\/www.tvturk.com\/index.php\/karsiyakada-coskulu-acilis\/karsiyakada-coskulu-acilis-7\/\" border=\"0\" itemprop=\"url\"> <meta itemprop=\"width\" content=\"166\"> <meta itemprop=\"height\" content=\"110\"> <img decoding=\"async\" class=\"\" data-attachment-id=\"17737\" data-orig-file=\"http:\/\/www.tvturk.com\/wp-content\/uploads\/2019\/02\/karsiyakada-coskulu-acilis_3ef6b61.jpg\" data-orig-size=\"1000,666\" data-comments-opened=\"\" data-image-meta=\"{&quot;aperture&quot;:&quot;0&quot;,&quot;credit&quot;:&quot;IHA&quot;,&quot;camera&quot;:&quot;&quot;,&quot;caption&quot;:&quot;AL\\u0130 RIZA BODUR E\\u011e\\u0130T\\u0130M MERKEZ\\u0130 ADI VER\\u0130LEN TES\\u0130S, B\\u0130NLERCE VATANDA\\u015eA \\u00dcCRETS\\u0130Z SOSYAL H\\u0130ZMETLER SUNACAK. (\\u0130HA\\\/\\u0130ZM\\u0130R-\\u0130HA)&quot;,&quot;created_timestamp&quot;:&quot;0&quot;,&quot;copyright&quot;:&quot;\\u0130HLAS HABER AJANSI, www.iha.com.tr&quot;,&quot;focal_length&quot;:&quot;0&quot;,&quot;iso&quot;:&quot;0&quot;,&quot;shutter_speed&quot;:&quot;0&quot;,&quot;title&quot;:&quot;KAR\\u015eIYAKA\\u2019DA CO\\u015eKULU A\\u00c7ILI\\u015e AL\\u0130 RIZA BODUR E\\u011e\\u0130T\\u0130M MERKEZ\\u0130 A\\u00c7ILDI&quot;,&quot;orientation&quot;:&quot;0&quot;}\" data-image-title=\"Kar\u015f\u0131yaka\u2019da co\u015fkulu a\u00e7\u0131l\u0131\u015f\" data-image-description=\"&lt;p&gt;Kar\u015f\u0131yaka\u2019da co\u015fkulu a\u00e7\u0131l\u0131\u015f&lt;\/p&gt; \" data-medium-file=\"https:\/\/i0.wp.com\/www.tvturk.com\/wp-content\/uploads\/2019\/02\/karsiyakada-coskulu-acilis_3ef6b61.jpg?fit=300%2C200\" data-large-file=\"https:\/\/i0.wp.com\/www.tvturk.com\/wp-content\/uploads\/2019\/02\/karsiyakada-coskulu-acilis_3ef6b61.jpg?fit=1000%2C666\" src=\"https:\/\/i0.wp.com\/www.tvturk.com\/wp-content\/uploads\/2019\/02\/karsiyakada-coskulu-acilis_3ef6b61.jpg?w=166&#038;h=110\" srcset=\"https:\/\/i0.wp.com\/www.tvturk.com\/wp-content\/uploads\/2019\/02\/karsiyakada-coskulu-acilis_3ef6b61.jpg?w=1000 1000w, https:\/\/i0.wp.com\/www.tvturk.com\/wp-content\/uploads\/2019\/02\/karsiyakada-coskulu-acilis_3ef6b61.jpg?resize=150%2C100 150w, https:\/\/i0.wp.com\/www.tvturk.com\/wp-content\/uploads\/2019\/02\/karsiyakada-coskulu-acilis_3ef6b61.jpg?resize=300%2C200 300w, https:\/\/i0.wp.com\/www.tvturk.com\/wp-content\/uploads\/2019\/02\/karsiyakada-coskulu-acilis_3ef6b61.jpg?resize=768%2C511 768w, https:\/\/i0.wp.com\/www.tvturk.com\/wp-content\/uploads\/2019\/02\/karsiyakada-coskulu-acilis_3ef6b61.jpg?resize=170%2C113 170w, https:\/\/i0.wp.com\/www.tvturk.com\/wp-content\/uploads\/2019\/02\/karsiyakada-coskulu-acilis_3ef6b61.jpg?resize=120%2C80 120w\" width=\"166\" height=\"110\" loading=\"lazy\" data-original-width=\"166\" data-original-height=\"110\" itemprop=\"http:\/\/schema.org\/image\" title=\"Kar\u015f\u0131yaka\u2019da co\u015fkulu a\u00e7\u0131l\u0131\u015f\" alt=\"Kar\u015f\u0131yaka\u2019da co\u015fkulu a\u00e7\u0131l\u0131\u015f\" style=\"width: 166px; height: 110px;\" \/> <\/a> <\/div> <\/div> <!-- close group --> <div class=\"gallery-group images-1\" style=\"width: 330px; height: 233px;\" data-original-width=\"330\" data-original-height=\"233\" > <div class=\"tiled-gallery-item tiled-gallery-item-large\" itemprop=\"associatedMedia\" itemscope itemtype=\"http:\/\/schema.org\/ImageObject\"> <a href=\"http:\/\/www.tvturk.com\/index.php\/karsiyakada-coskulu-acilis\/karsiyakada-coskulu-acilis-8\/\" border=\"0\" itemprop=\"url\"> <meta itemprop=\"width\" content=\"326\"> <meta itemprop=\"height\" content=\"229\"> <img decoding=\"async\" class=\"\" data-attachment-id=\"17738\" data-orig-file=\"http:\/\/www.tvturk.com\/wp-content\/uploads\/2019\/02\/karsiyakada-coskulu-acilis_0b85351.jpg\" data-orig-size=\"1000,702\" data-comments-opened=\"\" data-image-meta=\"{&quot;aperture&quot;:&quot;0&quot;,&quot;credit&quot;:&quot;IHA&quot;,&quot;camera&quot;:&quot;&quot;,&quot;caption&quot;:&quot;AL\\u0130 RIZA BODUR E\\u011e\\u0130T\\u0130M MERKEZ\\u0130 ADI VER\\u0130LEN TES\\u0130S, B\\u0130NLERCE VATANDA\\u015eA \\u00dcCRETS\\u0130Z SOSYAL H\\u0130ZMETLER SUNACAK. (\\u0130HA\\\/\\u0130ZM\\u0130R-\\u0130HA)&quot;,&quot;created_timestamp&quot;:&quot;0&quot;,&quot;copyright&quot;:&quot;\\u0130HLAS HABER AJANSI, www.iha.com.tr&quot;,&quot;focal_length&quot;:&quot;0&quot;,&quot;iso&quot;:&quot;0&quot;,&quot;shutter_speed&quot;:&quot;0&quot;,&quot;title&quot;:&quot;KAR\\u015eIYAKA\\u2019DA CO\\u015eKULU A\\u00c7ILI\\u015e AL\\u0130 RIZA BODUR E\\u011e\\u0130T\\u0130M MERKEZ\\u0130 A\\u00c7ILDI&quot;,&quot;orientation&quot;:&quot;0&quot;}\" data-image-title=\"Kar\u015f\u0131yaka\u2019da co\u015fkulu a\u00e7\u0131l\u0131\u015f\" data-image-description=\"&lt;p&gt;Kar\u015f\u0131yaka\u2019da co\u015fkulu a\u00e7\u0131l\u0131\u015f&lt;\/p&gt; \" data-medium-file=\"https:\/\/i0.wp.com\/www.tvturk.com\/wp-content\/uploads\/2019\/02\/karsiyakada-coskulu-acilis_0b85351.jpg?fit=300%2C211\" data-large-file=\"https:\/\/i0.wp.com\/www.tvturk.com\/wp-content\/uploads\/2019\/02\/karsiyakada-coskulu-acilis_0b85351.jpg?fit=1000%2C702\" src=\"https:\/\/i0.wp.com\/www.tvturk.com\/wp-content\/uploads\/2019\/02\/karsiyakada-coskulu-acilis_0b85351.jpg?w=326&#038;h=229\" srcset=\"https:\/\/i0.wp.com\/www.tvturk.com\/wp-content\/uploads\/2019\/02\/karsiyakada-coskulu-acilis_0b85351.jpg?w=1000 1000w, https:\/\/i0.wp.com\/www.tvturk.com\/wp-content\/uploads\/2019\/02\/karsiyakada-coskulu-acilis_0b85351.jpg?resize=150%2C105 150w, https:\/\/i0.wp.com\/www.tvturk.com\/wp-content\/uploads\/2019\/02\/karsiyakada-coskulu-acilis_0b85351.jpg?resize=300%2C211 300w, https:\/\/i0.wp.com\/www.tvturk.com\/wp-content\/uploads\/2019\/02\/karsiyakada-coskulu-acilis_0b85351.jpg?resize=768%2C539 768w, https:\/\/i0.wp.com\/www.tvturk.com\/wp-content\/uploads\/2019\/02\/karsiyakada-coskulu-acilis_0b85351.jpg?resize=80%2C55 80w\" width=\"326\" height=\"229\" loading=\"lazy\" data-original-width=\"326\" data-original-height=\"229\" itemprop=\"http:\/\/schema.org\/image\" title=\"Kar\u015f\u0131yaka\u2019da co\u015fkulu a\u00e7\u0131l\u0131\u015f\" alt=\"Kar\u015f\u0131yaka\u2019da co\u015fkulu a\u00e7\u0131l\u0131\u015f\" style=\"width: 326px; height: 229px;\" \/> <\/a> <\/div> <\/div> <!-- close group --> <\/div> <!-- close row --> <\/div><\/p>\n","protected":false},"excerpt":{"rendered":"<p>AL\u0130 RIZA BODUR E\u011e\u0130T\u0130M MERKEZ\u0130 ADI VER\u0130LEN TES\u0130S, B\u0130NLERCE VATANDA\u015eA \u00dcCRETS\u0130Z SOSYAL H\u0130ZMETLER SUNACAK.<\/p>\n","protected":false},"author":1,"featured_media":17732,"comment_status":"closed","ping_status":"open","sticky":false,"template":"","format":"standard","meta":{"jetpack_post_was_ever_published":false,"_jetpack_newsletter_access":"","_jetpack_dont_email_post_to_subs":false,"_jetpack_newsletter_tier_id":0,"_jetpack_memberships_contains_paywalled_content":false,"_jetpack_memberships_contains_paid_content":false,"footnotes":"","jetpack_publicize_message":"","jetpack_publicize_feature_enabled":true,"jetpack_social_post_already_shared":false,"jetpack_social_options":{"image_generator_settings":{"template":"highway","default_image_id":0,"font":"","enabled":false},"version":2}},"categories":[655],"tags":[1350,679,8186],"class_list":["post-17731","post","type-post","status-publish","format-standard","has-post-thumbnail","hentry","category-son-dakika","tag-acilis","tag-coskulu","tag-karsiyakada"],"jetpack_publicize_connections":[],"jetpack_featured_media_url":"https:\/\/i0.wp.com\/www.tvturk.com\/wp-content\/uploads\/2019\/02\/karsiyakada-coskulu-acilis_41e16a6.jpg?fit=1000%2C666","jetpack_sharing_enabled":true,"jetpack_shortlink":"https:\/\/wp.me\/paKIfm-4BZ","_links":{"self":[{"href":"http:\/\/www.tvturk.com\/index.php\/wp-json\/wp\/v2\/posts\/17731","targetHints":{"allow":["GET"]}}],"collection":[{"href":"http:\/\/www.tvturk.com\/index.php\/wp-json\/wp\/v2\/posts"}],"about":[{"href":"http:\/\/www.tvturk.com\/index.php\/wp-json\/wp\/v2\/types\/post"}],"author":[{"embeddable":true,"href":"http:\/\/www.tvturk.com\/index.php\/wp-json\/wp\/v2\/users\/1"}],"replies":[{"embeddable":true,"href":"http:\/\/www.tvturk.com\/index.php\/wp-json\/wp\/v2\/comments?post=17731"}],"version-history":[{"count":1,"href":"http:\/\/www.tvturk.com\/index.php\/wp-json\/wp\/v2\/posts\/17731\/revisions"}],"predecessor-version":[{"id":17739,"href":"http:\/\/www.tvturk.com\/index.php\/wp-json\/wp\/v2\/posts\/17731\/revisions\/17739"}],"wp:featuredmedia":[{"embeddable":true,"href":"http:\/\/www.tvturk.com\/index.php\/wp-json\/wp\/v2\/media\/17732"}],"wp:attachment":[{"href":"http:\/\/www.tvturk.com\/index.php\/wp-json\/wp\/v2\/media?parent=17731"}],"wp:term":[{"taxonomy":"category","embeddable":true,"href":"http:\/\/www.tvturk.com\/index.php\/wp-json\/wp\/v2\/categories?post=17731"},{"taxonomy":"post_tag","embeddable":true,"href":"http:\/\/www.tvturk.com\/index.php\/wp-json\/wp\/v2\/tags?post=17731"}],"curies":[{"name":"wp","href":"https:\/\/api.w.org\/{rel}","templated":true}]}}