{"id":177320,"date":"2019-07-03T14:01:44","date_gmt":"2019-07-03T11:01:44","guid":{"rendered":"http:\/\/www.tvturk.com\/index.php\/kemal-sunal-vefatinin-19uncu-yilinda-mezari-basinda-anildi\/"},"modified":"2019-07-03T14:01:44","modified_gmt":"2019-07-03T11:01:44","slug":"kemal-sunal-vefatinin-19uncu-yilinda-mezari-basinda-anildi","status":"publish","type":"post","link":"http:\/\/www.tvturk.com\/index.php\/kemal-sunal-vefatinin-19uncu-yilinda-mezari-basinda-anildi\/","title":{"rendered":"Kemal Sunal vefat\u0131n\u0131n 19\u2019uncu y\u0131l\u0131nda mezar\u0131 ba\u015f\u0131nda an\u0131ld\u0131"},"content":{"rendered":"<p>T\u00fcrk sinemas\u0131n\u0131n usta oyuncusu Kemal Sunal, vefat\u0131n\u0131n 19\u2019uncu y\u0131l\u0131nda mezar\u0131 ba\u015f\u0131nda an\u0131ld\u0131. Kemal Sunal\u2019\u0131n o\u011flu Ali Sunal, &#8220;Kemal Sunal filmlerini seyredemiyorum. Ancak seyretmeyi \u00e7ok istiyorum. Allah izin verirse sa\u011fl\u0131kl\u0131 bir \u015fekilde \u00e7ocu\u011fum d\u00fcnyaya gelecek. \u0130n\u015fallah g\u00fcc\u00fcm\u00fc toparlay\u0131p filmleri seyredece\u011fim\u2019\u2019 dedi.<\/p>\n<p>Kemal Sunal\u2019\u0131n Zincirlikuyu\u2019da bulunan mezar\u0131 ba\u015f\u0131nda d\u00fczenlenen anma t\u00f6renine e\u015fi G\u00fcl Sunal, o\u011flu Ali Sunal ve k\u0131z\u0131 Ezo Sunal\u2019\u0131n yan\u0131 s\u0131ra gelini Nazl\u0131 Kurbanzade kat\u0131ld\u0131. Kur\u2019an-\u0131 Kerim okunmas\u0131yla ba\u015flayan anma t\u00f6reninde daha sonra dualar edildi. Kemal Sunal\u2019\u0131n sevenleri de anma t\u00f6renine kat\u0131larak, ailesiyle birlikte dua etti. Kemal Sunal\u2019\u0131n halk\u0131 hi\u00e7bir zaman yan\u0131ltmad\u0131\u011f\u0131n\u0131 aktaran G\u00fcl Sunal, &#8220;Ben ge\u00e7en 19 y\u0131l\u0131 hi\u00e7 hat\u0131rlam\u0131yorum. Sanki d\u00fcn gibi. Tabii \u00e7ok a\u011f\u0131r ge\u00e7ti. Babalar\u0131na d\u00fc\u015fk\u00fcn iki \u00e7ocukla birlikte zor bir s\u00fcre\u00e7 ge\u00e7irdik. Hayata hep g\u00fczel g\u00f6zlerle bakmak gibi huyu vard\u0131. Biz de onu ya\u015fatmaya \u00e7al\u0131\u015ft\u0131k. Hayat\u0131m\u0131za devam etmeye \u00e7al\u0131\u015ft\u0131k, \u00e7ocuklar tahsillerini yapt\u0131lar. G\u00f6r\u00fcyorum ki \u00e7\u0131\u011f gibi b\u00fcy\u00fcyen bir Kemal Sunal sevgisi var. Bu ac\u0131m\u0131z\u0131 hafifletiyor. Bize b\u00fcy\u00fck bir g\u00fc\u00e7 veriyor bu sevgi. Kemal halk\u0131 hi\u00e7 yan\u0131ltmad\u0131. Kendi \u00f6zel ya\u015fam\u0131yla, halktan biri, m\u00fctevazi, iyi bir aile babas\u0131yd\u0131\u2019\u2019 diyerek duygular\u0131n\u0131 dile getirdi.<\/p>\n<p>Babas\u0131n\u0131n filmlerini seyredemedi\u011fini anlatan Ali Sunal, &#8220;Ge\u00e7en 19 y\u0131lda b\u00fcy\u00fcd\u00fck. Koca koca adamlar olduk. Sayesinde g\u00fclen y\u00fcz\u00fcm\u00fczden hi\u00e7bir \u015fey kaybetmedik. Bug\u00fcn sosyal medyada \u2019ke\u015fke biraz daha g\u00fclseydik\u2019 ad\u0131 alt\u0131nda payla\u015f\u0131mlar g\u00f6rd\u00fcm. Bu ba\u015fl\u0131k alt\u0131nda payla\u015f\u0131mlar yap\u0131lmas\u0131n\u0131 istemiyorum. \u00c7\u00fcnk\u00fc babam fikirleriyle, filmleriyle, g\u00fczel g\u00fcl\u00fcmsemesiyle halen hayat\u0131m\u0131zda. Onu \u00f6l\u00fcms\u00fcz k\u0131lan de\u011ferleriyle halen hayat\u0131m\u0131zda. G\u00fclmeye devam diyelim. Kemal Sunal filmlerini seyredemiyorum. Ancak seyretmeyi \u00e7ok istiyorum. Allah izin verirse sa\u011fl\u0131kl\u0131 bir \u015fekilde \u00e7ocu\u011fum d\u00fcnyaya gelecek. \u0130n\u015fallah g\u00fcc\u00fcm\u00fc toparlay\u0131p filmleri seyredece\u011fim\u2019\u2019 \u015feklinde konu\u015ftu.<\/p>\n<p>Kemal Sunal sevgisinin artarak s\u00fcrece\u011fini belirten Ezo Sunal da, \u201c19 y\u0131l oldu ama iki, \u00fc\u00e7 ya\u015f\u0131nda hayranlar\u0131 var. Farkl\u0131 ya\u015flardan, g\u00f6r\u00fc\u015flerden insanlar\u0131 birle\u015ftirebilen bir sanat\u00e7\u0131 kendisi, aileden biri gibi herkesin evinde. Bize de bunu hep hissettiriyorlar. Babam\u0131n bize en b\u00fcy\u00fck miras\u0131 kocaman bir aile b\u0131rakmas\u0131 oldu. T\u00fcrkiye bizim ailemiz oldu. Buradan herkese kucak dolusu sevgilerimi iletiyorum. Umar\u0131m b\u00f6yle de devam edecek Kemal Sunal sevgisi\u2019\u2019 ifadelerini kulland\u0131.<\/p>\n<p>Ali Sunal, bas\u0131n mensuplar\u0131na da Kemal Sunal ile ilgili haberler yaparak babas\u0131n\u0131 \u00f6l\u00fcms\u00fczle\u015ftirdikleri i\u00e7in te\u015fekk\u00fcr etti.<\/p>\n","protected":false},"excerpt":{"rendered":"<p>T\u00dcRK S\u0130NEMASININ USTA OYUNCUSU KEMAL SUNAL, VEFATININ 19\u2019UNCU YILINDA MEZARI BA\u015eINDA ANILDI.<\/p>\n","protected":false},"author":1,"featured_media":177321,"comment_status":"closed","ping_status":"open","sticky":false,"template":"","format":"standard","meta":{"jetpack_post_was_ever_published":false,"_jetpack_newsletter_access":"","_jetpack_dont_email_post_to_subs":false,"_jetpack_newsletter_tier_id":0,"_jetpack_memberships_contains_paywalled_content":false,"_jetpack_memberships_contains_paid_content":false,"footnotes":"","jetpack_publicize_message":"","jetpack_publicize_feature_enabled":true,"jetpack_social_post_already_shared":true,"jetpack_social_options":{"image_generator_settings":{"template":"highway","default_image_id":0,"font":"","enabled":false},"version":2}},"categories":[1],"tags":[21304,241,240,640,239,43366,14440,6266],"class_list":["post-177320","post","type-post","status-publish","format-standard","has-post-thumbnail","hentry","category-genel","tag-19uncu","tag-anildi","tag-basinda","tag-kemal","tag-mezari","tag-sunal","tag-vefatinin","tag-yilinda"],"jetpack_publicize_connections":[],"jetpack_featured_media_url":"https:\/\/i0.wp.com\/www.tvturk.com\/wp-content\/uploads\/2019\/07\/kemal-sunal-vefatinin-19uncu-yilinda-mezari-basinda-anildi_b46820b.jpg?fit=1000%2C724","jetpack_sharing_enabled":true,"jetpack_shortlink":"https:\/\/wp.me\/paKIfm-K80","_links":{"self":[{"href":"http:\/\/www.tvturk.com\/index.php\/wp-json\/wp\/v2\/posts\/177320","targetHints":{"allow":["GET"]}}],"collection":[{"href":"http:\/\/www.tvturk.com\/index.php\/wp-json\/wp\/v2\/posts"}],"about":[{"href":"http:\/\/www.tvturk.com\/index.php\/wp-json\/wp\/v2\/types\/post"}],"author":[{"embeddable":true,"href":"http:\/\/www.tvturk.com\/index.php\/wp-json\/wp\/v2\/users\/1"}],"replies":[{"embeddable":true,"href":"http:\/\/www.tvturk.com\/index.php\/wp-json\/wp\/v2\/comments?post=177320"}],"version-history":[{"count":0,"href":"http:\/\/www.tvturk.com\/index.php\/wp-json\/wp\/v2\/posts\/177320\/revisions"}],"wp:featuredmedia":[{"embeddable":true,"href":"http:\/\/www.tvturk.com\/index.php\/wp-json\/wp\/v2\/media\/177321"}],"wp:attachment":[{"href":"http:\/\/www.tvturk.com\/index.php\/wp-json\/wp\/v2\/media?parent=177320"}],"wp:term":[{"taxonomy":"category","embeddable":true,"href":"http:\/\/www.tvturk.com\/index.php\/wp-json\/wp\/v2\/categories?post=177320"},{"taxonomy":"post_tag","embeddable":true,"href":"http:\/\/www.tvturk.com\/index.php\/wp-json\/wp\/v2\/tags?post=177320"}],"curies":[{"name":"wp","href":"https:\/\/api.w.org\/{rel}","templated":true}]}}