{"id":177324,"date":"2019-07-03T14:01:52","date_gmt":"2019-07-03T11:01:52","guid":{"rendered":"http:\/\/www.tvturk.com\/index.php\/is-adami-ucakin-mutlu-gunu-2\/"},"modified":"2019-07-03T14:01:52","modified_gmt":"2019-07-03T11:01:52","slug":"is-adami-ucakin-mutlu-gunu-2","status":"publish","type":"post","link":"http:\/\/www.tvturk.com\/index.php\/is-adami-ucakin-mutlu-gunu-2\/","title":{"rendered":"\u0130\u015f adam\u0131 U\u00e7ak\u2019\u0131n mutlu g\u00fcn\u00fc"},"content":{"rendered":"<p>\u0130\u015f adam\u0131 Ali U\u00e7ak\u2019\u0131n, o\u011flu Muhammet Yasin U\u00e7ak i\u00e7in d\u00fczenledi\u011fi s\u00fcnnet t\u00f6renine, i\u015f d\u00fcnyas\u0131ndan siyasete, spordan b\u00fcrokratlara kadar \u00f6nemli bir\u00e7ok insan\u0131 bir araya geldi.<\/p>\n<p>\u0130\u015f adam\u0131 Ali U\u00e7ak, o\u011flu i\u00e7in d\u00fczenledi\u011fi s\u00fcnnet t\u00f6reninde i\u015f d\u00fcnyas\u0131ndan siyasete, spordan b\u00fcrokratlara kadar \u00f6nemli bir\u00e7ok insan\u0131 a\u011f\u0131rlad\u0131. Gecede sahne alan \u00fcnl\u00fc \u015fark\u0131c\u0131 Sibel Can ve Altay davetlilere keyifli anlar ya\u015fatt\u0131.<\/p>\n<p>T\u00f6rene MHP Grup Ba\u015fkanvekili ve Manisa Milletvekili Erkan Ak\u00e7ay, Manisa B\u00fcy\u00fck\u015fehir Belediye Ba\u015fkan\u0131 Cengiz Erg\u00fcn, eski bakanlardan Cavit \u00c7a\u011flar, \u00fcnl\u00fc i\u015f adam\u0131 SBK Holding Y\u00f6netim Kurulu Ba\u015fkan\u0131 Sezgin Baran Korkmaz, eski milli futbolcu Tanju \u00c7olak, T\u00fcrkerler Holding Y\u00f6netim Kurulu Ba\u015fkan\u0131 Kaz\u0131m T\u00fcrker, AK\u00c7A Holding Y\u00f6netim Kurulu Ba\u015fkan\u0131 R\u0131za Ak\u00e7a, \u00e7evre illerin il emniyet m\u00fcd\u00fcrleri, \u0130l Jandarma komutanlar\u0131, t\u00fcm siyasi partilerin temsilcileri, Almanya, \u0130ngiltere, ABD, Azerbaycan, Rusya, Makedonya, Finlandiya, Bel\u00e7ika gibi bir\u00e7ok yabanc\u0131 \u00fclkeden davetli, i\u015f insan\u0131 ve yakla\u015f\u0131k 5 bin davetli kat\u0131ld\u0131.<\/p>\n<p>\u201cHerkese tek tek \u00e7ok te\u015fekk\u00fcr ediyorum\u201d<\/p>\n<p>Mutlu g\u00fcn\u00fcnde kendisini yaln\u0131z b\u0131rakmayan t\u00fcm kat\u0131l\u0131mc\u0131lara te\u015fekk\u00fcr eden \u0130\u015f insan\u0131 Ali U\u00e7ak, \u201cBizim b\u00f6lgelerde kirvelik \u00e7ok \u00f6nemlidir. Karde\u015ften \u00f6tedir, kendin \u00f6z bir ailen \u00f6z bir evlad\u0131n ne atfediyorsa kirvelikte ona e\u015fde\u011ferdir. Bizlere bu gururu, onuru ya\u015fatan Sezgin Baran Korkmaz karde\u015fime, dostuma \u00e7ok te\u015fekk\u00fcr ediyorum. Bug\u00fcn \u00e7ok mutluyum \u00e7\u00fcnk\u00fc adeta T\u00fcrkiye\u2019nin mozai\u011fi diyebilece\u011fimiz her kesimden \u00e7ok de\u011ferli misafirlerimiz bizleri bu mutlu g\u00fcn\u00fcm\u00fczde bizleri yaln\u0131z b\u0131rakmay\u0131p, aram\u0131za kat\u0131ld\u0131lar. Herkese tek tek \u00e7ok te\u015fekk\u00fcr ediyorum. Rabbim birlili\u011fimizi, beraberli\u011fimizi daim eylesin in\u015fallah\u201d dedi.<\/p>\n<p>SBK Holding Y\u00f6netim Kurulu Ba\u015fkan\u0131 Sezgin Baran Korkmaz ise, \u201cB\u00f6yle muhte\u015fem bir gecede, birbirinden de\u011ferli misafirleri bir arada g\u00f6rmek \u00f6ncelikle Muhammet Yasin U\u00e7ak\u2019\u0131n kirvesi olarak beni \u00e7ok mutlu etti. Ali U\u00e7ak a\u011fabeyimizi sizler gibi bende \u00e7ok seviyorum. Onun y\u00fcre\u011fini, merhametini \u00e7ok seviyorum. Kendisi Ala\u015fehir i\u00e7in bir \u015fans. \u0130n\u015fallah Muhammet Yasin\u2019nin m\u00fcr\u00fcvvetini de g\u00f6rmek nasip olur\u201d dedi.<\/p>\n<p>\u00d6te yandan t\u00f6rene kat\u0131lan eski milli futbolcu Tanju \u00c7olak, daha \u00f6nceden Muhammet Yasin U\u00e7ak\u2019\u0131n fanatik bir Galatasarayl\u0131 oldu\u011funu duyunca kendisine ba\u015fta Fatih Terim olmak \u00fczere Galatasarayl\u0131 futbolcular\u0131n tamam\u0131na imzalatt\u0131rd\u0131\u011f\u0131 Galatasaray formas\u0131n\u0131 kendisine hediye etti.<\/p>\n<p>Ayr\u0131ca 5 bin kat\u0131l\u0131mc\u0131n\u0131n davetli oldu\u011fu gecede bin 200 personel gelen misafirleri en iyi \u015fekilde a\u011f\u0131rlamak i\u00e7in g\u00f6rev ald\u0131.<\/p>\n","protected":false},"excerpt":{"rendered":"<p>\u0130\u015e ADAMI AL\u0130 U\u00c7AK&#8217;IN, O\u011eLU MUHAMMET YAS\u0130N U\u00c7AK \u0130\u00c7\u0130N D\u00dcZENLED\u0130\u011e\u0130 S\u00dcNNET T\u00d6REN\u0130NE, \u0130\u015e D\u00dcNYASINDAN S\u0130YASETE, SPORDAN B\u00dcROKRATLARA KADAR \u00d6NEML\u0130 B\u0130R\u00c7OK \u0130NSANI B\u0130R ARAYA GELD\u0130.<\/p>\n","protected":false},"author":1,"featured_media":177325,"comment_status":"closed","ping_status":"open","sticky":false,"template":"","format":"standard","meta":{"jetpack_post_was_ever_published":false,"_jetpack_newsletter_access":"","_jetpack_dont_email_post_to_subs":false,"_jetpack_newsletter_tier_id":0,"_jetpack_memberships_contains_paywalled_content":false,"_jetpack_memberships_contains_paid_content":false,"footnotes":"","jetpack_publicize_message":"","jetpack_publicize_feature_enabled":true,"jetpack_social_post_already_shared":true,"jetpack_social_options":{"image_generator_settings":{"template":"highway","default_image_id":0,"font":"","enabled":false},"version":2}},"categories":[1],"tags":[433,85,432,4828,43343],"class_list":["post-177324","post","type-post","status-publish","format-standard","has-post-thumbnail","hentry","category-genel","tag-adami","tag-gunu","tag-is","tag-mutlu","tag-ucakin"],"jetpack_publicize_connections":[],"jetpack_featured_media_url":"https:\/\/i0.wp.com\/www.tvturk.com\/wp-content\/uploads\/2019\/07\/is-adami-ucakin-mutlu-gunu_e18e31c.jpg?fit=1000%2C750","jetpack_sharing_enabled":true,"jetpack_shortlink":"https:\/\/wp.me\/paKIfm-K84","_links":{"self":[{"href":"http:\/\/www.tvturk.com\/index.php\/wp-json\/wp\/v2\/posts\/177324","targetHints":{"allow":["GET"]}}],"collection":[{"href":"http:\/\/www.tvturk.com\/index.php\/wp-json\/wp\/v2\/posts"}],"about":[{"href":"http:\/\/www.tvturk.com\/index.php\/wp-json\/wp\/v2\/types\/post"}],"author":[{"embeddable":true,"href":"http:\/\/www.tvturk.com\/index.php\/wp-json\/wp\/v2\/users\/1"}],"replies":[{"embeddable":true,"href":"http:\/\/www.tvturk.com\/index.php\/wp-json\/wp\/v2\/comments?post=177324"}],"version-history":[{"count":0,"href":"http:\/\/www.tvturk.com\/index.php\/wp-json\/wp\/v2\/posts\/177324\/revisions"}],"wp:featuredmedia":[{"embeddable":true,"href":"http:\/\/www.tvturk.com\/index.php\/wp-json\/wp\/v2\/media\/177325"}],"wp:attachment":[{"href":"http:\/\/www.tvturk.com\/index.php\/wp-json\/wp\/v2\/media?parent=177324"}],"wp:term":[{"taxonomy":"category","embeddable":true,"href":"http:\/\/www.tvturk.com\/index.php\/wp-json\/wp\/v2\/categories?post=177324"},{"taxonomy":"post_tag","embeddable":true,"href":"http:\/\/www.tvturk.com\/index.php\/wp-json\/wp\/v2\/tags?post=177324"}],"curies":[{"name":"wp","href":"https:\/\/api.w.org\/{rel}","templated":true}]}}