{"id":177328,"date":"2019-07-03T14:02:09","date_gmt":"2019-07-03T11:02:09","guid":{"rendered":"http:\/\/www.tvturk.com\/index.php\/isin-karaca-tatil-sezonun-acti\/"},"modified":"2019-07-03T14:02:09","modified_gmt":"2019-07-03T11:02:09","slug":"isin-karaca-tatil-sezonun-acti","status":"publish","type":"post","link":"http:\/\/www.tvturk.com\/index.php\/isin-karaca-tatil-sezonun-acti\/","title":{"rendered":"I\u015f\u0131n Karaca tatil sezonun a\u00e7t\u0131"},"content":{"rendered":"<p>\u00dcnl\u00fc \u015fark\u0131c\u0131 I\u015f\u0131n Karaca e\u015fi Turgay Odaba\u015f\u0131 ve k\u0131zlar\u0131 Mia ile birlikte Bodrum\u2019da tatil sezonunu a\u00e7t\u0131.<\/p>\n<p>\u00dcnl\u00fc \u015fark\u0131c\u0131 I\u015f\u0131n Karaca yo\u011fun ge\u00e7en i\u015f temposunun ard\u0131n tatil sezonunu e\u015fi ve k\u0131zyla birlikte Bodrum\u2019da a\u00e7\u0131t\u0131. T\u00fcrkb\u00fck\u00fcn\u2019de bir otel iskelesinden e\u015fi Tu\u011frul Odaba\u015f ve k\u0131z\u0131 Mia ile g\u00f6r\u00fcnt\u00fclendi. Karaca bir m\u00fcddet g\u00fcne\u015flendikten sonra e\u015fi ve k\u0131z\u0131 ile el ele tutu\u015farak iskeleden denize atlad\u0131. Karaca, e\u015fi ve k\u0131z\u0131n\u0131n denizde keyifli vakit ge\u00e7irdi. I\u015f\u0131n Karaca k\u0131z\u0131 Mia\u2019y\u0131 s\u0131rt\u0131na alarak y\u00fczd\u00fcrd\u00fc. Mia annesinin s\u0131rt\u0131nda y\u00fczmekten b\u00fcy\u00fck keyif ald\u0131.<\/p>\n","protected":false},"excerpt":{"rendered":"<p>\u00dcNL\u00dc \u015eARKICI I\u015eIN KARACA E\u015e\u0130 TURGAY ODABA\u015eI VE KIZLARI M\u0130A \u0130LE B\u0130RL\u0130KTE BODRUM\u2019DA YAZ SEZONUNU A\u00c7TI.<\/p>\n","protected":false},"author":1,"featured_media":177329,"comment_status":"closed","ping_status":"open","sticky":false,"template":"","format":"standard","meta":{"jetpack_post_was_ever_published":false,"_jetpack_newsletter_access":"","_jetpack_dont_email_post_to_subs":false,"_jetpack_newsletter_tier_id":0,"_jetpack_memberships_contains_paywalled_content":false,"_jetpack_memberships_contains_paid_content":false,"footnotes":"","jetpack_publicize_message":"","jetpack_publicize_feature_enabled":true,"jetpack_social_post_already_shared":true,"jetpack_social_options":{"image_generator_settings":{"template":"highway","default_image_id":0,"font":"","enabled":false},"version":2}},"categories":[1],"tags":[1494,10759,238,26900,3575],"class_list":["post-177328","post","type-post","status-publish","format-standard","has-post-thumbnail","hentry","category-genel","tag-acti","tag-isin","tag-karaca","tag-sezonun","tag-tatil"],"jetpack_publicize_connections":[],"jetpack_featured_media_url":"https:\/\/i0.wp.com\/www.tvturk.com\/wp-content\/uploads\/2019\/07\/isin-karaca-tatil-sezonun-acti_938ba2c.jpg?fit=1000%2C664","jetpack_sharing_enabled":true,"jetpack_shortlink":"https:\/\/wp.me\/paKIfm-K88","_links":{"self":[{"href":"http:\/\/www.tvturk.com\/index.php\/wp-json\/wp\/v2\/posts\/177328","targetHints":{"allow":["GET"]}}],"collection":[{"href":"http:\/\/www.tvturk.com\/index.php\/wp-json\/wp\/v2\/posts"}],"about":[{"href":"http:\/\/www.tvturk.com\/index.php\/wp-json\/wp\/v2\/types\/post"}],"author":[{"embeddable":true,"href":"http:\/\/www.tvturk.com\/index.php\/wp-json\/wp\/v2\/users\/1"}],"replies":[{"embeddable":true,"href":"http:\/\/www.tvturk.com\/index.php\/wp-json\/wp\/v2\/comments?post=177328"}],"version-history":[{"count":0,"href":"http:\/\/www.tvturk.com\/index.php\/wp-json\/wp\/v2\/posts\/177328\/revisions"}],"wp:featuredmedia":[{"embeddable":true,"href":"http:\/\/www.tvturk.com\/index.php\/wp-json\/wp\/v2\/media\/177329"}],"wp:attachment":[{"href":"http:\/\/www.tvturk.com\/index.php\/wp-json\/wp\/v2\/media?parent=177328"}],"wp:term":[{"taxonomy":"category","embeddable":true,"href":"http:\/\/www.tvturk.com\/index.php\/wp-json\/wp\/v2\/categories?post=177328"},{"taxonomy":"post_tag","embeddable":true,"href":"http:\/\/www.tvturk.com\/index.php\/wp-json\/wp\/v2\/tags?post=177328"}],"curies":[{"name":"wp","href":"https:\/\/api.w.org\/{rel}","templated":true}]}}