{"id":177338,"date":"2019-07-03T14:16:29","date_gmt":"2019-07-03T11:16:29","guid":{"rendered":"http:\/\/www.tvturk.com\/index.php\/dundar-makedonyada-bursayi-anlatti\/"},"modified":"2019-07-03T14:16:29","modified_gmt":"2019-07-03T11:16:29","slug":"dundar-makedonyada-bursayi-anlatti","status":"publish","type":"post","link":"http:\/\/www.tvturk.com\/index.php\/dundar-makedonyada-bursayi-anlatti\/","title":{"rendered":"D\u00fcndar Makedonya\u2019da Bursa\u2019y\u0131 anlatt\u0131"},"content":{"rendered":"<p>Osmangazi Belediye Ba\u015fkan\u0131 Mustafa D\u00fcndar, Makedonya\u2019n\u0131n ba\u015fkenti \u00dcsk\u00fcp\u2019te d\u00fczenlenen 5. Uluslararas\u0131 Sosyal Bilimler Kongresi\u2019nde \u201c\u00c7a\u011fda\u015f Belediyecilik ve \u0130yi \u00d6rnekler\u201d konulu panelde Osmangazi Belediyesi\u2019nin \u00e7al\u0131\u015fmalar\u0131n\u0131 anlatt\u0131.<\/p>\n<p>TBMM Ba\u015fkan\u0131 Prof. Dr. Mustafa \u015eentop\u2019un \u015feref ba\u015fkanl\u0131\u011f\u0131n\u0131 yapt\u0131\u011f\u0131 5. Uluslararas\u0131 Sosyal Bilimler Kongresi, \u00dcsk\u00fcp\u2019te Uluslararas\u0131 Balkan \u00dcniversitesi\u2019nin ev sahipli\u011finde ger\u00e7ekle\u015fti. Kongreye 14 farkl\u0131 \u00fclkeden 402 akademisyen kat\u0131l\u0131rken, din, edebiyat, tarih, siyaset, ekonomi, hukuk, sa\u011fl\u0131k, turizm, co\u011frafya, bili\u015fim teknolojileri, felsefe, sanat, davran\u0131\u015f bilimleri, e\u011fitim bilimleri ba\u015fl\u0131klar\u0131ndan olu\u015fan 466 bildiri sunuldu.<\/p>\n<p>Osmangazi Belediye Ba\u015fkan\u0131 Mustafa D\u00fcndar, kongre kapsam\u0131nda d\u00fczenlenen \u201c\u00c7a\u011fda\u015f Belediyecilik ve \u0130yi \u00d6rnekler\u201d konulu panele konu\u015fmac\u0131 olarak kat\u0131ld\u0131.<\/p>\n<p>Osmangazi\u2019nin T\u00fcrkiye\u2019nin en b\u00fcy\u00fck il\u00e7elerinden biri oldu\u011funu belirten D\u00fcndar, belediye olarak e\u011fitimden, k\u00fclt\u00fcre, tarihi miras\u0131n korunmas\u0131ndan, sosyal belediyecili\u011fe kadar hayata ge\u00e7irdikleri bir\u00e7ok \u00f6rnek hizmet hakk\u0131nda kat\u0131l\u0131mc\u0131lara bilgiler verdi.<\/p>\n<p>Kongreye katk\u0131lar\u0131ndan dolay\u0131 Ba\u015fkan D\u00fcndar\u2019a plaketini Cumhurba\u015fkanl\u0131\u011f\u0131 K\u00fclt\u00fcr ve Sanat Politikalar Kurulu \u00dcyesi Prof. Dr. \u00dcmit Meri\u00e7 takdim etti.<\/p>\n<p>Ba\u015fkan D\u00fcndar, Makedonya temaslar\u0131 kapsam\u0131nda TBMM Ba\u015fkan\u0131 Mustafa \u015eentop ile birlikte Atat\u00fcrk\u2019\u00fcn okudu\u011fu Manast\u0131r Askeri \u0130dadisi\u2019ni de ziyaret etti.<\/p>\n","protected":false},"excerpt":{"rendered":"<p>OSMANGAZ\u0130 BELED\u0130YE BA\u015eKANI MUSTAFA D\u00dcNDAR, MAKEDONYA\u2019NIN BA\u015eKENT\u0130 \u00dcSK\u00dcP\u2019TE D\u00dcZENLENEN 5. ULUSLARARASI SOSYAL B\u0130L\u0130MLER KONGRES\u0130\u2019NDE \u201c\u00c7A\u011eDA\u015e BELED\u0130YEC\u0130L\u0130K VE \u0130Y\u0130 \u00d6RNEKLER\u201d KONULU PANELDE OSMANGAZ\u0130 BELED\u0130YES\u0130\u2019N\u0130N \u00c7ALI\u015eMALARINI ANLATTI.<\/p>\n","protected":false},"author":1,"featured_media":177339,"comment_status":"closed","ping_status":"open","sticky":false,"template":"","format":"standard","meta":{"jetpack_post_was_ever_published":false,"_jetpack_newsletter_access":"","_jetpack_dont_email_post_to_subs":false,"_jetpack_newsletter_tier_id":0,"_jetpack_memberships_contains_paywalled_content":false,"_jetpack_memberships_contains_paid_content":false,"footnotes":"","jetpack_publicize_message":"","jetpack_publicize_feature_enabled":true,"jetpack_social_post_already_shared":true,"jetpack_social_options":{"image_generator_settings":{"template":"highway","default_image_id":0,"font":"","enabled":false},"version":2}},"categories":[1],"tags":[356,9403,8278,6970],"class_list":["post-177338","post","type-post","status-publish","format-standard","has-post-thumbnail","hentry","category-genel","tag-anlatti","tag-bursayi","tag-dundar","tag-makedonyada"],"jetpack_publicize_connections":[],"jetpack_featured_media_url":"https:\/\/i0.wp.com\/www.tvturk.com\/wp-content\/uploads\/2019\/07\/dundar-makedonyada-bursayi-anlatti_37b18c5.jpg?fit=1000%2C560","jetpack_sharing_enabled":true,"jetpack_shortlink":"https:\/\/wp.me\/paKIfm-K8i","_links":{"self":[{"href":"http:\/\/www.tvturk.com\/index.php\/wp-json\/wp\/v2\/posts\/177338","targetHints":{"allow":["GET"]}}],"collection":[{"href":"http:\/\/www.tvturk.com\/index.php\/wp-json\/wp\/v2\/posts"}],"about":[{"href":"http:\/\/www.tvturk.com\/index.php\/wp-json\/wp\/v2\/types\/post"}],"author":[{"embeddable":true,"href":"http:\/\/www.tvturk.com\/index.php\/wp-json\/wp\/v2\/users\/1"}],"replies":[{"embeddable":true,"href":"http:\/\/www.tvturk.com\/index.php\/wp-json\/wp\/v2\/comments?post=177338"}],"version-history":[{"count":0,"href":"http:\/\/www.tvturk.com\/index.php\/wp-json\/wp\/v2\/posts\/177338\/revisions"}],"wp:featuredmedia":[{"embeddable":true,"href":"http:\/\/www.tvturk.com\/index.php\/wp-json\/wp\/v2\/media\/177339"}],"wp:attachment":[{"href":"http:\/\/www.tvturk.com\/index.php\/wp-json\/wp\/v2\/media?parent=177338"}],"wp:term":[{"taxonomy":"category","embeddable":true,"href":"http:\/\/www.tvturk.com\/index.php\/wp-json\/wp\/v2\/categories?post=177338"},{"taxonomy":"post_tag","embeddable":true,"href":"http:\/\/www.tvturk.com\/index.php\/wp-json\/wp\/v2\/tags?post=177338"}],"curies":[{"name":"wp","href":"https:\/\/api.w.org\/{rel}","templated":true}]}}