{"id":177372,"date":"2019-07-03T15:02:33","date_gmt":"2019-07-03T12:02:33","guid":{"rendered":"http:\/\/www.tvturk.com\/index.php\/kirkpinarda-bu-yil-rekor-katilim-bekleniyor\/"},"modified":"2019-07-03T15:02:33","modified_gmt":"2019-07-03T12:02:33","slug":"kirkpinarda-bu-yil-rekor-katilim-bekleniyor","status":"publish","type":"post","link":"http:\/\/www.tvturk.com\/index.php\/kirkpinarda-bu-yil-rekor-katilim-bekleniyor\/","title":{"rendered":"K\u0131rkp\u0131nar\u2019da bu y\u0131l rekor kat\u0131l\u0131m bekleniyor"},"content":{"rendered":"<p>Bu y\u0131l 658. kez d\u00fczenlenecek olan Tarihi K\u0131rkp\u0131nar Ya\u011fl\u0131 G\u00fcre\u015fleri\u2019nde m\u00fccadele edecek pehlivanlar\u0131n kay\u0131t i\u015flemleri ba\u015flad\u0131. Sarayi\u00e7i Er Meydan\u0131\u2019nda, dual\u0131 \u00e7ay\u0131r 5-7 Temmuz 2019 tarihlerinde yap\u0131lacak ya\u011fl\u0131 g\u00fcre\u015fler \u00f6ncesi ge\u00e7en y\u0131l\u0131n 2 bin 300 olan pehlivan kat\u0131l\u0131m rekorunun k\u0131r\u0131lmas\u0131 bekleniyor.<\/p>\n<p>Bu y\u0131l 658\u2019incisi ger\u00e7ekle\u015ftirilecek olan \u2018Bitmeyen g\u00fcre\u015fin, devam eden efsanesi\u2019 tarihi K\u0131rkp\u0131nar Ya\u011fl\u0131 G\u00fcre\u015fleri\u2019ne bir g\u00fcnde ortalama yakla\u015f\u0131k bin 300 pehlivan kay\u0131t yapt\u0131rd\u0131. T\u00fcrkiye\u2019nin \u00e7e\u015fitli illerinden 05 Temmuz Cuma g\u00fcn\u00fc ba\u015flayacak olan K\u0131rkp\u0131nar Ya\u011fl\u0131 G\u00fcre\u015fleri\u2019ne kat\u0131lmak i\u00e7in Edirne\u2019ye gelen pehlivanlar, Mimar Sinan Spor Salonu\u2019nda haz\u0131rlanan kay\u0131t alan\u0131nda kay\u0131t i\u015flemleri devam ediyor.<\/p>\n<p>Kay\u0131t i\u015flemleri s\u0131ras\u0131nda ilk olarak tart\u0131lan pehlivanlar, kilolar\u0131na g\u00f6re g\u00fcre\u015fecek boylara ayr\u0131ld\u0131. 14 boyda m\u00fccadele edecek pehlivanlar, kayd\u0131n son i\u015fleminde g\u00fcre\u015fecekleri boylarda ilk tur g\u00fcre\u015finde rakip i\u00e7in kura \u00e7ekimlerini yaparak, kay\u0131t i\u015flemlerini tamaml\u0131yor.<\/p>\n<p>Pehlivanlar, K\u0131rkp\u0131nar Er Meydan\u0131\u2019nda, Minik 1, Minik 2, Tozkoparan, Deste K\u00fc\u00e7\u00fck, Deste Orta, Deste B\u00fcy\u00fck, K\u00fc\u00e7\u00fck Orta B\u00fcy\u00fck Boy, B\u00fcy\u00fck Orta, Ba\u015falt\u0131 ve Ba\u015fpehlivan kategorilerinde dual\u0131 \u00e7ay\u0131r Er Meydan\u0131\u2019nda g\u00fcre\u015fecek.<\/p>\n<p>&#8220;Yeni bir kay\u0131t rekoru bekliyoruz&#8221;<\/p>\n<p>T\u00fcrkiye G\u00fcre\u015f Federasyonu Merkez Hakem Kurulu Ba\u015fkan\u0131 Ziya \u00dcnl\u00fc, bu y\u0131l K\u0131rkp\u0131nar\u2019a 2 binin \u00fczerinde rekor bir kat\u0131l\u0131m beklediklerini belirterek, &#8220;Yakla\u015f\u0131k 110\u2019a yak\u0131na yak\u0131n kule hakemi, meydan hakemi ve cetvel hakeminden olu\u015fan g\u00f6revlimiz var. \u015eu anda kay\u0131tlar ba\u015flad\u0131. Per\u015fembe ak\u015fam\u0131 saat 6\u2019ya kadar kay\u0131tlar\u0131m\u0131z devam edecek. Bu y\u0131l ge\u00e7en seneden daha fazla bir kat\u0131l\u0131m bekliyoruz, rekor bir kat\u0131l\u0131m olaca\u011f\u0131n\u0131 d\u00fc\u015f\u00fcn\u00fcyoruz. Bu da Edirne\u2019deki tarihi K\u0131rkp\u0131nar Ya\u011fl\u0131 G\u00fcre\u015fleri\u2019nin kalitesini ortaya \u00e7\u0131kart\u0131yor. Zaten b\u00fct\u00fcn g\u00fcre\u015f\u00e7iler y\u0131l boyunca buraya kat\u0131lmak i\u00e7in haz\u0131rlan\u0131r. Buraya kat\u0131lmayan pehlivan kendini pehlivandan saymaz. Burada g\u00f6rev yapmayan hakem de kendini hakemden yana saymaz&#8221; ifadelerini kulland\u0131.<\/p>\n","protected":false},"excerpt":{"rendered":"<p>SARAY\u0130\u00c7\u0130 ER MEYDANI&#8217;NDA, DUALI \u00c7AYIR 5-7 TEMMUZ 2019 TAR\u0130HLER\u0130NDE YAPILACAK YA\u011eLI G\u00dcRE\u015eLER \u00d6NCES\u0130 GE\u00c7EN YILIN 2 B\u0130N 300 OLAN PEHL\u0130VAN KATILIM REKORUNUN KIRILMASI BEKLEN\u0130YOR.<\/p>\n","protected":false},"author":1,"featured_media":177373,"comment_status":"closed","ping_status":"open","sticky":false,"template":"","format":"standard","meta":{"jetpack_post_was_ever_published":false,"_jetpack_newsletter_access":"","_jetpack_dont_email_post_to_subs":false,"_jetpack_newsletter_tier_id":0,"_jetpack_memberships_contains_paywalled_content":false,"_jetpack_memberships_contains_paid_content":false,"footnotes":"","jetpack_publicize_message":"","jetpack_publicize_feature_enabled":true,"jetpack_social_post_already_shared":true,"jetpack_social_options":{"image_generator_settings":{"template":"highway","default_image_id":0,"font":"","enabled":false},"version":2}},"categories":[657],"tags":[4742,2315,42393,982,231],"class_list":["post-177372","post","type-post","status-publish","format-standard","has-post-thumbnail","hentry","category-spor","tag-bekleniyor","tag-katilim","tag-kirkpinarda","tag-rekor","tag-yil"],"jetpack_publicize_connections":[],"jetpack_featured_media_url":"https:\/\/i0.wp.com\/www.tvturk.com\/wp-content\/uploads\/2019\/07\/kirkpinarda-bu-yil-rekor-katilim-bekleniyor_9677a59.jpg?fit=1000%2C666","jetpack_sharing_enabled":true,"jetpack_shortlink":"https:\/\/wp.me\/paKIfm-K8Q","_links":{"self":[{"href":"http:\/\/www.tvturk.com\/index.php\/wp-json\/wp\/v2\/posts\/177372","targetHints":{"allow":["GET"]}}],"collection":[{"href":"http:\/\/www.tvturk.com\/index.php\/wp-json\/wp\/v2\/posts"}],"about":[{"href":"http:\/\/www.tvturk.com\/index.php\/wp-json\/wp\/v2\/types\/post"}],"author":[{"embeddable":true,"href":"http:\/\/www.tvturk.com\/index.php\/wp-json\/wp\/v2\/users\/1"}],"replies":[{"embeddable":true,"href":"http:\/\/www.tvturk.com\/index.php\/wp-json\/wp\/v2\/comments?post=177372"}],"version-history":[{"count":0,"href":"http:\/\/www.tvturk.com\/index.php\/wp-json\/wp\/v2\/posts\/177372\/revisions"}],"wp:featuredmedia":[{"embeddable":true,"href":"http:\/\/www.tvturk.com\/index.php\/wp-json\/wp\/v2\/media\/177373"}],"wp:attachment":[{"href":"http:\/\/www.tvturk.com\/index.php\/wp-json\/wp\/v2\/media?parent=177372"}],"wp:term":[{"taxonomy":"category","embeddable":true,"href":"http:\/\/www.tvturk.com\/index.php\/wp-json\/wp\/v2\/categories?post=177372"},{"taxonomy":"post_tag","embeddable":true,"href":"http:\/\/www.tvturk.com\/index.php\/wp-json\/wp\/v2\/tags?post=177372"}],"curies":[{"name":"wp","href":"https:\/\/api.w.org\/{rel}","templated":true}]}}