{"id":177384,"date":"2019-07-03T15:31:41","date_gmt":"2019-07-03T12:31:41","guid":{"rendered":"http:\/\/www.tvturk.com\/index.php\/corum-olaylarinda-hayatini-kaybedenler-anildi\/"},"modified":"2019-07-03T15:31:41","modified_gmt":"2019-07-03T12:31:41","slug":"corum-olaylarinda-hayatini-kaybedenler-anildi","status":"publish","type":"post","link":"http:\/\/www.tvturk.com\/index.php\/corum-olaylarinda-hayatini-kaybedenler-anildi\/","title":{"rendered":"\u00c7orum olaylar\u0131nda hayat\u0131n\u0131 kaybedenler an\u0131ld\u0131"},"content":{"rendered":"<p>\u00c7orum\u2019da 1980 y\u0131l\u0131nda ya\u015fanan olaylarda hayat\u0131n\u0131 kaybedenler an\u0131ld\u0131.<\/p>\n<p>\u00c7orum olaylarda hayat\u0131n\u0131 kaybeden 57 ki\u015fi i\u00e7in anma t\u00f6reni d\u00fczenlendi. Anma t\u00f6reni kapsam\u0131nda Hac\u0131 Bekta\u015f-\u0131 Veli Anadolu K\u00fclt\u00fcr ve E\u011fitim Vakf\u0131 \u00c7orum \u015eubesi \u00f6n\u00fcnden H\u00fcrriyet Meydan\u0131\u2019na kadar y\u00fcr\u00fcy\u00fc\u015f d\u00fczenlendi. Burada \u00c7orum Emek ve Demokrasi Platformu ad\u0131na bas\u0131n a\u00e7\u0131klamas\u0131 yapan Ahmet \u00d6zdel, \u201cBizler her \u015feyin iyi olmas\u0131n\u0131 isteyen insanlar\u0131z. Karde\u015flikten, sevgiden, e\u015fitlikten, ho\u015fg\u00f6r\u00fcden ba\u015fka g\u00fcc\u00fc olmayan insanlar\u0131z. Karde\u015fli\u011fin, bar\u0131\u015f\u0131n mahalleden, sokaktan ba\u015flad\u0131\u011f\u0131na inanan insanlar\u0131z. Bizler her \u015fey g\u00fczel olacak diyen gen\u00e7lere inanan insanlar\u0131z. Bu nedenle farkl\u0131l\u0131klar\u0131m\u0131z\u0131 kabul ederek e\u015fitlik, \u00f6zg\u00fcrl\u00fck, karde\u015flik ve insan haklar\u0131 d\u00fczleminde birle\u015fece\u011fiz. E\u015fit, \u00f6zg\u00fcr, demokratik bir \u00fclkede t\u00fcm hak ve \u00f6zg\u00fcrl\u00fcklere sahip bir vatanda\u015f olarak bar\u0131\u015f i\u00e7erisinde ya\u015famak istiyoruz. Bu nedenle bar\u0131\u015f ve karde\u015flik diyoruz. Ya\u015fas\u0131n bar\u0131\u015f ve karde\u015flik\u201d dedi.<\/p>\n<p>Anma program\u0131na T\u00fcrkiye ve Avrupa\u2019daki Alevi birlikleri ve federasyonlar\u0131n\u0131n temsilcileri ile vatanda\u015flar da kat\u0131ld\u0131.<\/p>\n","protected":false},"excerpt":{"rendered":"<p>1980 YILINDA YA\u015eANAN \u00c7ORUM OLAYLARINDA HAYATINI KAYBEDENLER ANILDI.<\/p>\n","protected":false},"author":1,"featured_media":177385,"comment_status":"closed","ping_status":"open","sticky":false,"template":"","format":"standard","meta":{"jetpack_post_was_ever_published":false,"_jetpack_newsletter_access":"","_jetpack_dont_email_post_to_subs":false,"_jetpack_newsletter_tier_id":0,"_jetpack_memberships_contains_paywalled_content":false,"_jetpack_memberships_contains_paid_content":false,"footnotes":"","jetpack_publicize_message":"","jetpack_publicize_feature_enabled":true,"jetpack_social_post_already_shared":true,"jetpack_social_options":{"image_generator_settings":{"template":"highway","default_image_id":0,"font":"","enabled":false},"version":2}},"categories":[1],"tags":[241,3295,848,19741,21694],"class_list":["post-177384","post","type-post","status-publish","format-standard","has-post-thumbnail","hentry","category-genel","tag-anildi","tag-corum","tag-hayatini","tag-kaybedenler","tag-olaylarinda"],"jetpack_publicize_connections":[],"jetpack_featured_media_url":"https:\/\/i0.wp.com\/www.tvturk.com\/wp-content\/uploads\/2019\/07\/corum-olaylarinda-hayatini-kaybedenler-anildi_928ae11.jpg?fit=1000%2C666","jetpack_sharing_enabled":true,"jetpack_shortlink":"https:\/\/wp.me\/paKIfm-K92","_links":{"self":[{"href":"http:\/\/www.tvturk.com\/index.php\/wp-json\/wp\/v2\/posts\/177384","targetHints":{"allow":["GET"]}}],"collection":[{"href":"http:\/\/www.tvturk.com\/index.php\/wp-json\/wp\/v2\/posts"}],"about":[{"href":"http:\/\/www.tvturk.com\/index.php\/wp-json\/wp\/v2\/types\/post"}],"author":[{"embeddable":true,"href":"http:\/\/www.tvturk.com\/index.php\/wp-json\/wp\/v2\/users\/1"}],"replies":[{"embeddable":true,"href":"http:\/\/www.tvturk.com\/index.php\/wp-json\/wp\/v2\/comments?post=177384"}],"version-history":[{"count":0,"href":"http:\/\/www.tvturk.com\/index.php\/wp-json\/wp\/v2\/posts\/177384\/revisions"}],"wp:featuredmedia":[{"embeddable":true,"href":"http:\/\/www.tvturk.com\/index.php\/wp-json\/wp\/v2\/media\/177385"}],"wp:attachment":[{"href":"http:\/\/www.tvturk.com\/index.php\/wp-json\/wp\/v2\/media?parent=177384"}],"wp:term":[{"taxonomy":"category","embeddable":true,"href":"http:\/\/www.tvturk.com\/index.php\/wp-json\/wp\/v2\/categories?post=177384"},{"taxonomy":"post_tag","embeddable":true,"href":"http:\/\/www.tvturk.com\/index.php\/wp-json\/wp\/v2\/tags?post=177384"}],"curies":[{"name":"wp","href":"https:\/\/api.w.org\/{rel}","templated":true}]}}