{"id":177394,"date":"2019-07-03T15:32:35","date_gmt":"2019-07-03T12:32:35","guid":{"rendered":"http:\/\/www.tvturk.com\/index.php\/genclerbirligi-sefa-yilmaz-ile-anlasti\/"},"modified":"2019-07-03T15:32:35","modified_gmt":"2019-07-03T12:32:35","slug":"genclerbirligi-sefa-yilmaz-ile-anlasti","status":"publish","type":"post","link":"http:\/\/www.tvturk.com\/index.php\/genclerbirligi-sefa-yilmaz-ile-anlasti\/","title":{"rendered":"Gen\u00e7lerbirli\u011fi, Sefa Y\u0131lmaz ile anla\u015ft\u0131"},"content":{"rendered":"<p>Transfer d\u00f6neminin h\u0131zl\u0131 ekiplerinden Gen\u00e7lerbirli\u011fi, ge\u00e7ti\u011fimiz sezon Alt\u0131nordu formas\u0131 giyen Sefa Y\u0131lmaz ile anla\u015ft\u0131.<\/p>\n<p>Teknik Direkt\u00f6r Mustafa Kaplan\u2019\u0131n raporu do\u011frultusunda \u00e7al\u0131\u015fmalar\u0131n\u0131 s\u00fcrd\u00fcren k\u0131rm\u0131z\u0131-siyahl\u0131 ekip, son olarak Alt\u0131nordu formas\u0131 giyen 1990 do\u011fumlu futbolcu Sefa Y\u0131lmaz ile iki y\u0131ll\u0131k s\u00f6zle\u015fme imzalad\u0131.<\/p>\n<p>Berlin do\u011fumlu futbolcu daha \u00f6nce T\u00fcrkiye liglerinde Kayserispor, Trabzonspor, Alanyaspor, Gaziantepspor, Boluspor ve Alt\u0131nordu tak\u0131mlar\u0131nda formalar\u0131n\u0131 giydi. 29 ya\u015f\u0131ndaki futbolcu, forvetin yan\u0131 s\u0131ra sa\u011f ve sol kanat b\u00f6lgelerinde de forma giyiyor.<\/p>\n","protected":false},"excerpt":{"rendered":"<p>TRANSFER D\u00d6NEM\u0130N\u0130N HIZLI EK\u0130PLER\u0130NDEN GEN\u00c7LERB\u0130RL\u0130\u011e\u0130, GE\u00c7T\u0130\u011e\u0130M\u0130Z SEZON ALTINORDU FORMASI G\u0130YEN SEFA YILMAZ \u0130LE ANLA\u015eTI.<\/p>\n","protected":false},"author":1,"featured_media":177395,"comment_status":"closed","ping_status":"open","sticky":false,"template":"","format":"standard","meta":{"jetpack_post_was_ever_published":false,"_jetpack_newsletter_access":"","_jetpack_dont_email_post_to_subs":false,"_jetpack_newsletter_tier_id":0,"_jetpack_memberships_contains_paywalled_content":false,"_jetpack_memberships_contains_paid_content":false,"footnotes":"","jetpack_publicize_message":"","jetpack_publicize_feature_enabled":true,"jetpack_social_post_already_shared":true,"jetpack_social_options":{"image_generator_settings":{"template":"highway","default_image_id":0,"font":"","enabled":false},"version":2}},"categories":[657],"tags":[6579,7850,192,43393,4688],"class_list":["post-177394","post","type-post","status-publish","format-standard","has-post-thumbnail","hentry","category-spor","tag-anlasti","tag-genclerbirligi","tag-ile","tag-sefa","tag-yilmaz"],"jetpack_publicize_connections":[],"jetpack_featured_media_url":"https:\/\/i0.wp.com\/www.tvturk.com\/wp-content\/uploads\/2019\/07\/genclerbirligi-sefa-yilmaz-ile-anlasti_7d77ca2.jpg?fit=1000%2C750","jetpack_sharing_enabled":true,"jetpack_shortlink":"https:\/\/wp.me\/paKIfm-K9c","_links":{"self":[{"href":"http:\/\/www.tvturk.com\/index.php\/wp-json\/wp\/v2\/posts\/177394","targetHints":{"allow":["GET"]}}],"collection":[{"href":"http:\/\/www.tvturk.com\/index.php\/wp-json\/wp\/v2\/posts"}],"about":[{"href":"http:\/\/www.tvturk.com\/index.php\/wp-json\/wp\/v2\/types\/post"}],"author":[{"embeddable":true,"href":"http:\/\/www.tvturk.com\/index.php\/wp-json\/wp\/v2\/users\/1"}],"replies":[{"embeddable":true,"href":"http:\/\/www.tvturk.com\/index.php\/wp-json\/wp\/v2\/comments?post=177394"}],"version-history":[{"count":0,"href":"http:\/\/www.tvturk.com\/index.php\/wp-json\/wp\/v2\/posts\/177394\/revisions"}],"wp:featuredmedia":[{"embeddable":true,"href":"http:\/\/www.tvturk.com\/index.php\/wp-json\/wp\/v2\/media\/177395"}],"wp:attachment":[{"href":"http:\/\/www.tvturk.com\/index.php\/wp-json\/wp\/v2\/media?parent=177394"}],"wp:term":[{"taxonomy":"category","embeddable":true,"href":"http:\/\/www.tvturk.com\/index.php\/wp-json\/wp\/v2\/categories?post=177394"},{"taxonomy":"post_tag","embeddable":true,"href":"http:\/\/www.tvturk.com\/index.php\/wp-json\/wp\/v2\/tags?post=177394"}],"curies":[{"name":"wp","href":"https:\/\/api.w.org\/{rel}","templated":true}]}}