{"id":177408,"date":"2019-07-03T16:01:48","date_gmt":"2019-07-03T13:01:48","guid":{"rendered":"http:\/\/www.tvturk.com\/index.php\/kuzey-efe-icin-basin-aciklamasi-yaptilar\/"},"modified":"2019-07-03T16:01:48","modified_gmt":"2019-07-03T13:01:48","slug":"kuzey-efe-icin-basin-aciklamasi-yaptilar","status":"publish","type":"post","link":"http:\/\/www.tvturk.com\/index.php\/kuzey-efe-icin-basin-aciklamasi-yaptilar\/","title":{"rendered":"Kuzey Efe i\u00e7in bas\u0131n a\u00e7\u0131klamas\u0131 yapt\u0131lar"},"content":{"rendered":"<p>Bal\u0131kesir\u2019in Edremit il\u00e7esinde babas\u0131 taraf\u0131ndan ge\u00e7en y\u0131l \u00f6ld\u00fcr\u00fcld\u00fc\u011f\u00fc iddia edilen Kuzey Efe i\u00e7in K\u00f6rfez Ba\u011f\u0131ms\u0131z Kad\u0131n Dayan\u0131\u015fmas\u0131 \u00fcyeleri bas\u0131n a\u00e7\u0131klamas\u0131 yapt\u0131.<\/p>\n<p>K\u00f6rfez Ba\u011f\u0131ms\u0131z Kad\u0131n Dayan\u0131\u015fmas\u0131 taraf\u0131ndan yap\u0131lan bas\u0131n a\u00e7\u0131klamas\u0131nda \u201cGe\u00e7ti\u011fimiz y\u0131l babas\u0131 taraf\u0131ndan 7 \u015eubat 2018 tarihinde katledilen 2014 do\u011fumlu Kuzey Efe\u2019nin katil babas\u0131 ne yaz\u0131k ki ak\u0131l almaz bir \u015fekilde Bursa B\u00f6lge Adliyesi 1. Ceza Dairesi taraf\u0131ndan serbest b\u0131rak\u0131ld\u0131. Daha \u00f6nce Burhaniye A\u011f\u0131r Ceza Mahkemesi taraf\u0131ndan 28.02.2019 tarihli duru\u015fmada m\u00fcebbet hapis cezas\u0131 alm\u0131\u015f olan katil H.E. \u015fimdi elini kolunu sallayarak aram\u0131zda dola\u015f\u0131yor art\u0131k. Yarg\u0131 daha \u00f6nce oldu\u011fu gibi, maalesef, bir kez daha bir erke\u011fi korudu ve kollad\u0131. Bursa 1. Ceza Dairesi, dosyay\u0131 \u0130stanbul 2. \u0130htisas Kuruluna g\u00f6ndermeye ve \u2019Su\u00e7 tarihinde maktul\u00fcn-Kuzey Efe\u2019nin mekanik asfiksi \u00f6l\u00fcm\u00fc i\u00e7in a\u011f\u0131z-burun k\u0131sm\u0131n\u0131n ne kadar s\u00fcre ile kapat\u0131lmas\u0131 gerekti\u011fi, \u00e7ocuk a\u011fl\u0131yorsa bu s\u00fcrenin ne kadar olaca\u011f\u0131, \u00f6l\u00fcm\u00fcn ne kadar zamanda ger\u00e7ekle\u015fece\u011fi konusunda rapor istenilmesine\u2019 karar verdi. Bursa 1. Ceza Dairesinin bu karar\u0131 anla\u015f\u0131lamaz. Bir sonraki duru\u015fma 6 Ocak 2020 tarihinde ger\u00e7ekle\u015fecek. Davan\u0131n takip\u00e7isi olaca\u011f\u0131z. Kuzey Efe\u2019nin babas\u0131, \u015fartl\u0131 tahliyeden sonra gece yar\u0131s\u0131, bo\u015fand\u0131\u011f\u0131 eski e\u015finin kap\u0131s\u0131na dayand\u0131. Kuzey Efe\u2019nin annesi ve anneannesi can g\u00fcvenlikleri nedeniyle evlerinden ayr\u0131lmak zorunda kald\u0131&#8221; denildi.<\/p>\n<p>Kuzey Efe\u2019nin can\u0131na k\u0131yan babas\u0131 d\u0131\u015far\u0131da serbest\u00e7e dola\u015f\u0131rken, Kuzey Efe\u2019nin annesinin, anneannesinin, di\u011fer karde\u015finin de can g\u00fcvenli\u011fi olmad\u0131\u011f\u0131n\u0131n alt\u0131n\u0131n \u00e7izildi\u011fi bas\u0131n a\u00e7\u0131klamas\u0131nda, \u201cYine birka\u00e7 g\u00fcn \u00f6nce Konya\u2019da bir erkek, kendisine duygusal kar\u015f\u0131l\u0131k vermedi\u011fi gerek\u00e7esi ile kom\u015fusu Hacer\u2019i \u00f6ld\u00fcrmek kast\u0131yla a\u011f\u0131r yaralad\u0131 ve k\u0131zlar\u0131 Tu\u011fba ve \u015eeyma\u2019y\u0131 \u00f6ld\u00fcrd\u00fc. Hacer\u2019in daha sonra ya\u015fam\u0131n\u0131 yitirip yitirmedi\u011fini bilmiyoruz. Katiller ne yaz\u0131k ki \u00e7o\u011funlukla aile i\u00e7inde; ya baba, ya koca, ya a\u011fabey, ya da amca, day\u0131. Kad\u0131nlar\u0131n ve \u00e7ocuklar\u0131n lehine olan mevcut yasalar\u0131n i\u015fletilmemesi, \u0130stanbul S\u00f6zle\u015fmesinin uygulanmamas\u0131 kad\u0131nlar\u0131n ve \u00e7ocuklar\u0131n aleyhine oluyor. Yasalar ve \u0130stanbul S\u00f6zle\u015fmesi tozlu raflardan \u00e7\u0131kar\u0131larak, derhal uygulanmal\u0131 ve kad\u0131n ve \u00e7ocuklar\u0131n ya\u015famlar\u0131n\u0131n korunmas\u0131 i\u00e7in \u00f6zel \u00f6nlemler al\u0131nmal\u0131d\u0131r\u201d ifadelerine yer verildi.<\/p>\n","protected":false},"excerpt":{"rendered":"<p>BALIKES\u0130R\u2019\u0130N EDREM\u0130T \u0130L\u00c7ES\u0130NDE BABASI TARAFINDAN \u00d6LD\u00dcR\u00dcLD\u00dc\u011e\u00dc \u0130DD\u0130A ED\u0130LEN VE KUZEY EFE \u0130\u00c7\u0130N K\u00d6RFEZ BA\u011eIMSIZ KADIN DAYANI\u015eMASI \u00dcYELER\u0130 BASIN A\u00c7IKLAMASI YAPTI.<\/p>\n","protected":false},"author":1,"featured_media":177409,"comment_status":"closed","ping_status":"open","sticky":false,"template":"","format":"standard","meta":{"jetpack_post_was_ever_published":false,"_jetpack_newsletter_access":"","_jetpack_dont_email_post_to_subs":false,"_jetpack_newsletter_tier_id":0,"_jetpack_memberships_contains_paywalled_content":false,"_jetpack_memberships_contains_paid_content":false,"footnotes":"","jetpack_publicize_message":"","jetpack_publicize_feature_enabled":true,"jetpack_social_post_already_shared":true,"jetpack_social_options":{"image_generator_settings":{"template":"highway","default_image_id":0,"font":"","enabled":false},"version":2}},"categories":[1],"tags":[1072,948,4481,44,9741,1749],"class_list":["post-177408","post","type-post","status-publish","format-standard","has-post-thumbnail","hentry","category-genel","tag-aciklamasi","tag-basin","tag-efe","tag-icin","tag-kuzey","tag-yaptilar"],"jetpack_publicize_connections":[],"jetpack_featured_media_url":"https:\/\/i0.wp.com\/www.tvturk.com\/wp-content\/uploads\/2019\/07\/kuzey-efe-icin-basin-aciklamasi-yaptilar_7d9b6f0.jpg?fit=1000%2C563","jetpack_sharing_enabled":true,"jetpack_shortlink":"https:\/\/wp.me\/paKIfm-K9q","_links":{"self":[{"href":"http:\/\/www.tvturk.com\/index.php\/wp-json\/wp\/v2\/posts\/177408","targetHints":{"allow":["GET"]}}],"collection":[{"href":"http:\/\/www.tvturk.com\/index.php\/wp-json\/wp\/v2\/posts"}],"about":[{"href":"http:\/\/www.tvturk.com\/index.php\/wp-json\/wp\/v2\/types\/post"}],"author":[{"embeddable":true,"href":"http:\/\/www.tvturk.com\/index.php\/wp-json\/wp\/v2\/users\/1"}],"replies":[{"embeddable":true,"href":"http:\/\/www.tvturk.com\/index.php\/wp-json\/wp\/v2\/comments?post=177408"}],"version-history":[{"count":0,"href":"http:\/\/www.tvturk.com\/index.php\/wp-json\/wp\/v2\/posts\/177408\/revisions"}],"wp:featuredmedia":[{"embeddable":true,"href":"http:\/\/www.tvturk.com\/index.php\/wp-json\/wp\/v2\/media\/177409"}],"wp:attachment":[{"href":"http:\/\/www.tvturk.com\/index.php\/wp-json\/wp\/v2\/media?parent=177408"}],"wp:term":[{"taxonomy":"category","embeddable":true,"href":"http:\/\/www.tvturk.com\/index.php\/wp-json\/wp\/v2\/categories?post=177408"},{"taxonomy":"post_tag","embeddable":true,"href":"http:\/\/www.tvturk.com\/index.php\/wp-json\/wp\/v2\/tags?post=177408"}],"curies":[{"name":"wp","href":"https:\/\/api.w.org\/{rel}","templated":true}]}}