{"id":177410,"date":"2019-07-03T16:01:52","date_gmt":"2019-07-03T13:01:52","guid":{"rendered":"http:\/\/www.tvturk.com\/index.php\/kayisi-hasadi-basladi\/"},"modified":"2019-07-03T16:01:52","modified_gmt":"2019-07-03T13:01:52","slug":"kayisi-hasadi-basladi","status":"publish","type":"post","link":"http:\/\/www.tvturk.com\/index.php\/kayisi-hasadi-basladi\/","title":{"rendered":"Kay\u0131s\u0131 hasad\u0131 ba\u015flad\u0131"},"content":{"rendered":"<p>D\u00fcnya kay\u0131s\u0131 ba\u015fkenti Malatya\u2019da kay\u0131s\u0131 hasad\u0131 ba\u015flad\u0131. Malatya Valisi Ayd\u0131n Baru\u015f hasat yap\u0131lan bir bah\u00e7eyi ziyaret ederek \u00e7al\u0131\u015fmalar\u0131 inceledi.<\/p>\n<p>D\u00fcnya kay\u0131s\u0131 ihtiyac\u0131n\u0131n y\u00fczde 85\u2019ini kar\u015f\u0131layan Malatya\u2019da binlerce insan\u0131n ge\u00e7im kayna\u011f\u0131 olan kay\u0131s\u0131da hasat y\u00fcksek kesimlerde start ald\u0131. Hasad\u0131n ba\u015flamas\u0131yla birlikte Vali Ayd\u0131n Baru\u015f, Tar\u0131m il M\u00fcd\u00fcr\u00fc Tahir Macit ve Malatya Ticaret Borsas\u0131 Ba\u015fkan\u0131 Ramazan \u00d6zcan ile birlikte Battalgazi il\u00e7esine ba\u011fl\u0131 Karaka\u015f Mahallesi\u2019ndeki bir kay\u0131s\u0131 bah\u00e7esini ziyaret ederek hasat \u00e7al\u0131\u015fmalar\u0131n\u0131 yerinde inceledi.<\/p>\n<p>Burada konu\u015fan Vali Baru\u015f, \u201cBu sene kay\u0131s\u0131lar\u0131m\u0131z\u0131n verimi \u00e7ok iyi, kay\u0131s\u0131lar\u0131m\u0131z \u00e7ok kaliteli. Bu sene kay\u0131s\u0131n hak etti\u011fi de\u011ferden daha fazlas\u0131n\u0131 bulaca\u011f\u0131n\u0131 d\u00fc\u015f\u00fcn\u00fcyoruz. Burada \u00f6ncelik vermemiz gereken konu \u00e7ift\u00e7ilerimizin, \u00fcreticimizin eme\u011finin kar\u015f\u0131l\u0131\u011f\u0131n\u0131 bulmas\u0131. Gerek ya\u015f kay\u0131s\u0131 gerekse kuru kay\u0131s\u0131 ticaretinde \u00fcreticilerimizin birlik halinde hareket etmesini  kay\u0131s\u0131 ticareti yapan firmalar\u0131n da kay\u0131s\u0131n\u0131n hak etti\u011fi de\u011feri bulmas\u0131 i\u00e7in  ellerinden geleni yapmalar\u0131n\u0131 istiyoruz\u201d dedi. Bu sene yakla\u015f\u0131k 390 bin ton ya\u015f kay\u0131s\u0131 rekoltesi beklediklerini ifade eden Baru\u015f, hasat d\u00f6neminin hay\u0131rl\u0131 olmas\u0131n\u0131 diledi.<\/p>\n<p>Ticaret Borsas\u0131 Ba\u015fkan\u0131 Ramazan \u00d6zcan ise \u201cBen \u00f6ncelikle bu y\u0131lki hasad\u0131n \u00fclkemize ve memleketimize hay\u0131rl\u0131 ve bol kazan\u00e7lar getirmesini temenni ediyorum.  Ger\u00e7ekten \u00fcreticilerimiz masraflar\u0131n y\u00fczde 40 art\u0131\u011f\u0131  zor bir s\u00fcre\u00e7ten ge\u00e7iyor. Kay\u0131s\u0131dan her ay 21-22 milyon dolar gelir elde ediyoruz. Ortalama 260 milyon dolar sadece kuru kay\u0131s\u0131dan  gelir elde etmi\u015f oluyoruz. Bu da \u015fehrimiz i\u00e7in \u00e7ok \u00f6nemli bir \u015fey. Bu fiyatlar\u0131 \u00fcreticilerin de mutlu oldu\u011fu seviyeye \u00e7\u0131karmak i\u00e7in biz de elimizden gelen gayreti yapaca\u011f\u0131z\u201d diye konu\u015ftu.<\/p>\n","protected":false},"excerpt":{"rendered":"<p>D\u00dcNYA KAYISI BA\u015eKENT\u0130 MALATYA\u2019DA KAYISI HASADI BA\u015eLADI. MALATYA VAL\u0130S\u0130 AYDIN BARU\u015e HASAT YAPILAN B\u0130R BAH\u00c7EY\u0130 Z\u0130YARET EDEREK \u00c7ALI\u015eMALARI \u0130NCELED\u0130.<\/p>\n","protected":false},"author":1,"featured_media":177411,"comment_status":"closed","ping_status":"open","sticky":false,"template":"","format":"standard","meta":{"jetpack_post_was_ever_published":false,"_jetpack_newsletter_access":"","_jetpack_dont_email_post_to_subs":false,"_jetpack_newsletter_tier_id":0,"_jetpack_memberships_contains_paywalled_content":false,"_jetpack_memberships_contains_paid_content":false,"footnotes":"","jetpack_publicize_message":"","jetpack_publicize_feature_enabled":true,"jetpack_social_post_already_shared":true,"jetpack_social_options":{"image_generator_settings":{"template":"highway","default_image_id":0,"font":"","enabled":false},"version":2}},"categories":[1],"tags":[55,17522,10148],"class_list":["post-177410","post","type-post","status-publish","format-standard","has-post-thumbnail","hentry","category-genel","tag-basladi","tag-hasadi","tag-kayisi"],"jetpack_publicize_connections":[],"jetpack_featured_media_url":"https:\/\/i0.wp.com\/www.tvturk.com\/wp-content\/uploads\/2019\/07\/kayisi-hasadi-basladi_46e52c2.jpg?fit=1000%2C666","jetpack_sharing_enabled":true,"jetpack_shortlink":"https:\/\/wp.me\/paKIfm-K9s","_links":{"self":[{"href":"http:\/\/www.tvturk.com\/index.php\/wp-json\/wp\/v2\/posts\/177410","targetHints":{"allow":["GET"]}}],"collection":[{"href":"http:\/\/www.tvturk.com\/index.php\/wp-json\/wp\/v2\/posts"}],"about":[{"href":"http:\/\/www.tvturk.com\/index.php\/wp-json\/wp\/v2\/types\/post"}],"author":[{"embeddable":true,"href":"http:\/\/www.tvturk.com\/index.php\/wp-json\/wp\/v2\/users\/1"}],"replies":[{"embeddable":true,"href":"http:\/\/www.tvturk.com\/index.php\/wp-json\/wp\/v2\/comments?post=177410"}],"version-history":[{"count":0,"href":"http:\/\/www.tvturk.com\/index.php\/wp-json\/wp\/v2\/posts\/177410\/revisions"}],"wp:featuredmedia":[{"embeddable":true,"href":"http:\/\/www.tvturk.com\/index.php\/wp-json\/wp\/v2\/media\/177411"}],"wp:attachment":[{"href":"http:\/\/www.tvturk.com\/index.php\/wp-json\/wp\/v2\/media?parent=177410"}],"wp:term":[{"taxonomy":"category","embeddable":true,"href":"http:\/\/www.tvturk.com\/index.php\/wp-json\/wp\/v2\/categories?post=177410"},{"taxonomy":"post_tag","embeddable":true,"href":"http:\/\/www.tvturk.com\/index.php\/wp-json\/wp\/v2\/tags?post=177410"}],"curies":[{"name":"wp","href":"https:\/\/api.w.org\/{rel}","templated":true}]}}