{"id":177423,"date":"2019-07-03T16:17:14","date_gmt":"2019-07-03T13:17:14","guid":{"rendered":"http:\/\/www.tvturk.com\/index.php\/inegolspor-ic-transferleri-surduruyor\/"},"modified":"2019-07-03T16:17:14","modified_gmt":"2019-07-03T13:17:14","slug":"inegolspor-ic-transferleri-surduruyor","status":"publish","type":"post","link":"http:\/\/www.tvturk.com\/index.php\/inegolspor-ic-transferleri-surduruyor\/","title":{"rendered":"\u0130neg\u00f6lspor i\u00e7 transferleri s\u00fcrd\u00fcr\u00fcyor"},"content":{"rendered":"<p>TFF 2. Lig ekiplerinden \u0130neg\u00f6lspor, i\u00e7 transferde Orhan Evci ile s\u00f6zle\u015fme yeniledi.<\/p>\n<p>Kul\u00fcp tesislerinde d\u00fczenlenen imza t\u00f6reninde konu\u015fan Futbol \u015eube Sorumlusu Ali \u015eahin, &#8220;\u0130\u00e7 ve d\u0131\u015f transfer \u00e7al\u0131\u015fmalar\u0131m\u0131za devam ediyoruz. \u00c7o\u011fu futbolcu karde\u015flerimizin vatani g\u00f6revlerini yerine getirdiklerinden dolay\u0131 i\u00e7 ve d\u0131\u015f transfer \u00e7al\u0131\u015fmalar\u0131m\u0131z\u0131n yava\u015f y\u00fcr\u00fcyor. Teskeresini alan oyuncular\u0131m\u0131zla g\u00f6r\u00fc\u015fmelerimizi tamamlay\u0131p, s\u00f6zle\u015fmelerini yeniliyoruz. Bu kapsamda vatani g\u00f6revini yeni bitiren Orhan Evci karde\u015fimizin s\u00f6zle\u015fmesini yeniledik. Orhan karde\u015fimize g\u00fcveniyoruz. Sa\u011f olsun bizi k\u0131rmad\u0131 ve b\u00fcy\u00fck fedakarl\u0131klar yaparak imza att\u0131. \u0130\u00e7 ve d\u0131\u015f transfer g\u00f6r\u00fc\u015fmelerimiz tamamland\u0131k\u00e7a kamuoyu ile payla\u015faca\u011f\u0131z&#8221; dedi.<\/p>\n<p>Orhan Evci ise, &#8220;Bana g\u00fcvenerek s\u00f6zle\u015fme yenileyen kul\u00fcp ba\u015fkan\u0131m\u0131z E\u015fref G\u00fc\u00e7 ve y\u00f6netim kuruluna te\u015fekk\u00fcr ediyorum. Vatani g\u00f6revimi yerine getirir getirmez, y\u00f6netim kurulumuzun daveti \u00fczerine hemen \u0130neg\u00f6l\u2019e geldim. \u00dclkemizdeki ekonomik s\u0131k\u0131nt\u0131lar\u0131 ve kul\u00fcplerimizin mali durumunu biliyoruz. Mali a\u00e7\u0131dan s\u0131k\u0131nt\u0131s\u0131z bir sezon ge\u00e7irilmesi i\u00e7in benden istenilen fedakarl\u0131\u011f\u0131 hi\u00e7 d\u00fc\u015f\u00fcnmeden kabul ettim. \u0130neg\u00f6lspor b\u00fcy\u00fck bir camia. Ben de burada olmaktan dolay\u0131 son derece mutluyum&#8221; ifadelerini kulland\u0131.<\/p>\n","protected":false},"excerpt":{"rendered":"<p>TFF 2.L\u0130G EK\u0130PLER\u0130NDEN \u0130NEG\u00d6LSPOR \u0130\u00c7 TRANSFERDE ORHAN EVC\u0130 \u0130LE S\u00d6ZLE\u015eME YEN\u0130LED\u0130.<\/p>\n","protected":false},"author":1,"featured_media":177424,"comment_status":"closed","ping_status":"open","sticky":false,"template":"","format":"standard","meta":{"jetpack_post_was_ever_published":false,"_jetpack_newsletter_access":"","_jetpack_dont_email_post_to_subs":false,"_jetpack_newsletter_tier_id":0,"_jetpack_memberships_contains_paywalled_content":false,"_jetpack_memberships_contains_paid_content":false,"footnotes":"","jetpack_publicize_message":"","jetpack_publicize_feature_enabled":true,"jetpack_social_post_already_shared":true,"jetpack_social_options":{"image_generator_settings":{"template":"highway","default_image_id":0,"font":"","enabled":false},"version":2}},"categories":[657],"tags":[5110,14889,1772,31448],"class_list":["post-177423","post","type-post","status-publish","format-standard","has-post-thumbnail","hentry","category-spor","tag-ic","tag-inegolspor","tag-surduruyor","tag-transferleri"],"jetpack_publicize_connections":[],"jetpack_featured_media_url":"https:\/\/i0.wp.com\/www.tvturk.com\/wp-content\/uploads\/2019\/07\/inegolspor-ic-transferleri-surduruyor_ead94f5.jpg?fit=1000%2C665","jetpack_sharing_enabled":true,"jetpack_shortlink":"https:\/\/wp.me\/paKIfm-K9F","_links":{"self":[{"href":"http:\/\/www.tvturk.com\/index.php\/wp-json\/wp\/v2\/posts\/177423","targetHints":{"allow":["GET"]}}],"collection":[{"href":"http:\/\/www.tvturk.com\/index.php\/wp-json\/wp\/v2\/posts"}],"about":[{"href":"http:\/\/www.tvturk.com\/index.php\/wp-json\/wp\/v2\/types\/post"}],"author":[{"embeddable":true,"href":"http:\/\/www.tvturk.com\/index.php\/wp-json\/wp\/v2\/users\/1"}],"replies":[{"embeddable":true,"href":"http:\/\/www.tvturk.com\/index.php\/wp-json\/wp\/v2\/comments?post=177423"}],"version-history":[{"count":0,"href":"http:\/\/www.tvturk.com\/index.php\/wp-json\/wp\/v2\/posts\/177423\/revisions"}],"wp:featuredmedia":[{"embeddable":true,"href":"http:\/\/www.tvturk.com\/index.php\/wp-json\/wp\/v2\/media\/177424"}],"wp:attachment":[{"href":"http:\/\/www.tvturk.com\/index.php\/wp-json\/wp\/v2\/media?parent=177423"}],"wp:term":[{"taxonomy":"category","embeddable":true,"href":"http:\/\/www.tvturk.com\/index.php\/wp-json\/wp\/v2\/categories?post=177423"},{"taxonomy":"post_tag","embeddable":true,"href":"http:\/\/www.tvturk.com\/index.php\/wp-json\/wp\/v2\/tags?post=177423"}],"curies":[{"name":"wp","href":"https:\/\/api.w.org\/{rel}","templated":true}]}}