{"id":177434,"date":"2019-07-03T16:31:47","date_gmt":"2019-07-03T13:31:47","guid":{"rendered":"http:\/\/www.tvturk.com\/index.php\/tekirdagda-kalp-krizi-geciren-astsubay-icin-toren-duzenlendi\/"},"modified":"2019-07-03T16:31:47","modified_gmt":"2019-07-03T13:31:47","slug":"tekirdagda-kalp-krizi-geciren-astsubay-icin-toren-duzenlendi","status":"publish","type":"post","link":"http:\/\/www.tvturk.com\/index.php\/tekirdagda-kalp-krizi-geciren-astsubay-icin-toren-duzenlendi\/","title":{"rendered":"Tekirda\u011f\u2019da kalp krizi ge\u00e7iren astsubay i\u00e7in t\u00f6ren d\u00fczenlendi"},"content":{"rendered":"<p>Tekirda\u011f\u2019da kalp krizi ge\u00e7iren Jandarma Astsubay K\u0131demli Ba\u015f\u00e7avu\u015f Musa \u00d6zmen i\u00e7in Tekirda\u011f \u0130l Jandarma Komutanl\u0131\u011f\u0131nda t\u00f6ren d\u00fczenlendi.<\/p>\n<p>Tekirda\u011f Y\u00fcksek G\u00fcvenlikli Ceza \u0130nfaz Kamp\u00fcs\u00fcnde g\u00f6rev yapan Jandarma Astsubay K\u0131demli Ba\u015f\u00e7avu\u015f Musa \u00d6zmen kalp krizi ge\u00e7irdikten sonra kald\u0131r\u0131ld\u0131\u011f\u0131 hastanede hayat\u0131n\u0131 kaybetti. 47 ya\u015f\u0131nda 2 \u00e7ocuk babas\u0131 \u00d6zmen i\u00e7in Tekirda\u011f \u0130l Jandarma Komutanl\u0131\u011f\u0131nda resmi t\u00f6ren d\u00fczenlendi. T\u00f6rene Tekirda\u011f Valisi Aziz Y\u0131ld\u0131r\u0131m, S\u00fcleymanpa\u015fa Kaymakam\u0131 Aslan Yurt, 8. Mekanize Tugay Komutan\u0131, Tank\u00e7\u0131 Kurmay Albay Cumhur Mustafa K\u0131canao\u011flu, Tekirda\u011f Cumhuriyet Ba\u015fsavc\u0131s\u0131 G\u00fcng\u00f6r Karako\u00e7, \u0130l Emniyet M\u00fcd\u00fcr\u00fc Mustafa ayd\u0131n, \u0130l Jandarma Alay Komutan Vekili, Albay Ha\u015fim G\u00f6ksel, NK\u00dc Rekt\u00f6r\u00fc Prof. Dr M\u00fcmin \u015eahin, vefat eden Musa \u00d6zmen\u2019in ailesi ve yak\u0131nlar\u0131 ile askeri ve emniyet personeli kat\u0131ld\u0131. T\u00f6rene kat\u0131lan \u00d6zmen\u2019in yak\u0131nlar\u0131 g\u00f6zya\u015flar\u0131na bo\u011fuldu.<\/p>\n<p>T\u00f6rende \u00d6zmen\u2019in \u00f6z ge\u00e7mi\u015fi okunarak, sayg\u0131 duru\u015funda bulunuldu. Ard\u0131ndan \u0130l M\u00fcft\u00fcs\u00fc \u0130smail \u0130pek taraf\u0131ndan dualar okundu. Kalp krizinden hayat\u0131n\u0131 kaybeden Musa \u00d6zmen\u2019in T\u00fcrk bayra\u011f\u0131na sar\u0131l\u0131 tabutu t\u00f6ren mangas\u0131n\u0131n omuzlar\u0131nda cenaze arac\u0131na ta\u015f\u0131narak, memleketi Edirne\u2019nin Ke\u015fan il\u00e7esine g\u00f6nderildi.<\/p>\n","protected":false},"excerpt":{"rendered":"<p>TEK\u0130RDA\u011e\u2019DA KALP KR\u0130Z\u0130 GE\u00c7\u0130REN JANDARMA ASTSUBAY KIDEML\u0130 BA\u015e\u00c7AVU\u015e MUSA \u00d6ZMEN \u0130\u00c7\u0130N TEK\u0130RDA\u011e \u0130L JANDARMA KOMUTANLI\u011eINDA T\u00d6REN D\u00dcZENLEND\u0130.<\/p>\n","protected":false},"author":1,"featured_media":177435,"comment_status":"closed","ping_status":"open","sticky":false,"template":"","format":"standard","meta":{"jetpack_post_was_ever_published":false,"_jetpack_newsletter_access":"","_jetpack_dont_email_post_to_subs":false,"_jetpack_newsletter_tier_id":0,"_jetpack_memberships_contains_paywalled_content":false,"_jetpack_memberships_contains_paid_content":false,"footnotes":"","jetpack_publicize_message":"","jetpack_publicize_feature_enabled":true,"jetpack_social_post_already_shared":true,"jetpack_social_options":{"image_generator_settings":{"template":"highway","default_image_id":0,"font":"","enabled":false},"version":2}},"categories":[1],"tags":[10856,2202,8455,44,2120,2121,1163,15266],"class_list":["post-177434","post","type-post","status-publish","format-standard","has-post-thumbnail","hentry","category-genel","tag-astsubay","tag-duzenlendi","tag-geciren","tag-icin","tag-kalp","tag-krizi","tag-tekirdagda","tag-toren"],"jetpack_publicize_connections":[],"jetpack_featured_media_url":"https:\/\/i0.wp.com\/www.tvturk.com\/wp-content\/uploads\/2019\/07\/tekirdagda-kalp-krizi-geciren-astsubay-icin-toren-duzenlendi_f679a2f.jpg?fit=1000%2C662","jetpack_sharing_enabled":true,"jetpack_shortlink":"https:\/\/wp.me\/paKIfm-K9Q","_links":{"self":[{"href":"http:\/\/www.tvturk.com\/index.php\/wp-json\/wp\/v2\/posts\/177434","targetHints":{"allow":["GET"]}}],"collection":[{"href":"http:\/\/www.tvturk.com\/index.php\/wp-json\/wp\/v2\/posts"}],"about":[{"href":"http:\/\/www.tvturk.com\/index.php\/wp-json\/wp\/v2\/types\/post"}],"author":[{"embeddable":true,"href":"http:\/\/www.tvturk.com\/index.php\/wp-json\/wp\/v2\/users\/1"}],"replies":[{"embeddable":true,"href":"http:\/\/www.tvturk.com\/index.php\/wp-json\/wp\/v2\/comments?post=177434"}],"version-history":[{"count":0,"href":"http:\/\/www.tvturk.com\/index.php\/wp-json\/wp\/v2\/posts\/177434\/revisions"}],"wp:featuredmedia":[{"embeddable":true,"href":"http:\/\/www.tvturk.com\/index.php\/wp-json\/wp\/v2\/media\/177435"}],"wp:attachment":[{"href":"http:\/\/www.tvturk.com\/index.php\/wp-json\/wp\/v2\/media?parent=177434"}],"wp:term":[{"taxonomy":"category","embeddable":true,"href":"http:\/\/www.tvturk.com\/index.php\/wp-json\/wp\/v2\/categories?post=177434"},{"taxonomy":"post_tag","embeddable":true,"href":"http:\/\/www.tvturk.com\/index.php\/wp-json\/wp\/v2\/tags?post=177434"}],"curies":[{"name":"wp","href":"https:\/\/api.w.org\/{rel}","templated":true}]}}