{"id":177453,"date":"2019-07-03T17:01:30","date_gmt":"2019-07-03T14:01:30","guid":{"rendered":"http:\/\/www.tvturk.com\/index.php\/bakan-albayrak-haziran-rakamlari-ile-yillik-hedefimizin-altina-geldik\/"},"modified":"2019-07-03T17:01:30","modified_gmt":"2019-07-03T14:01:30","slug":"bakan-albayrak-haziran-rakamlari-ile-yillik-hedefimizin-altina-geldik","status":"publish","type":"post","link":"http:\/\/www.tvturk.com\/index.php\/bakan-albayrak-haziran-rakamlari-ile-yillik-hedefimizin-altina-geldik\/","title":{"rendered":"Bakan Albayrak: &#8220;Haziran rakamlar\u0131 ile y\u0131ll\u0131k hedefimizin alt\u0131na geldik&#8221;"},"content":{"rendered":"<p>Hazine ve Maliye Bakan\u0131 Berat Albayrak, enflasyon rakamlar\u0131na ili\u015fkin de\u011ferlendirmede bulundu. Albayrak, enflasyonda d\u00fc\u015f\u00fc\u015f trendinin s\u00fcrd\u00fc\u011f\u00fcn\u00fc belirtti.<\/p>\n<p>Hazine ve Maliye Bakan\u0131 Berat Albayrak, bug\u00fcn a\u00e7\u0131klanan 2019 y\u0131l\u0131 Haziran enflasyon rakamlar\u0131 ile ilgili sosyal medya hesab\u0131ndan de\u011ferlendirme yapt\u0131. Bakan Albayrak, enflasyonda d\u00fc\u015f\u00fc\u015f trendinin s\u00fcrd\u00fc\u011f\u00fcn\u00fc belirterek, &#8220;Haziran rakamlar\u0131 ile y\u0131ll\u0131k hedefimizin alt\u0131na geldik. G\u0131da taraf\u0131ndaki kazan\u0131mlar\u0131m\u0131z\u0131 \u00f6zellikle yap\u0131sal ad\u0131mlar\u0131m\u0131zla koruyacak ve \u00f6nce tek haneli enflasyonlar\u0131 g\u00f6recek, ard\u0131ndan y\u0131l\u0131 hedeflerimizin alt\u0131nda bir oranda kapataca\u011f\u0131z&#8221; dedi.<\/p>\n","protected":false},"excerpt":{"rendered":"<p>HAZ\u0130NE VE MAL\u0130YE BAKANI BERAT ALBAYRAK, ENFLASYON RAKAMLARINA \u0130L\u0130\u015eK\u0130N DE\u011eERLEND\u0130RMEDE BULUNDU. ALBAYRAK, ENFLASYONDA D\u00dc\u015e\u00dc\u015e TREND\u0130N\u0130N S\u00dcRD\u00dc\u011e\u00dcN\u00dc BEL\u0130RTT\u0130<\/p>\n","protected":false},"author":1,"featured_media":177454,"comment_status":"closed","ping_status":"open","sticky":false,"template":"","format":"standard","meta":{"jetpack_post_was_ever_published":false,"_jetpack_newsletter_access":"","_jetpack_dont_email_post_to_subs":false,"_jetpack_newsletter_tier_id":0,"_jetpack_memberships_contains_paywalled_content":false,"_jetpack_memberships_contains_paid_content":false,"footnotes":"","jetpack_publicize_message":"","jetpack_publicize_feature_enabled":true,"jetpack_social_post_already_shared":true,"jetpack_social_options":{"image_generator_settings":{"template":"highway","default_image_id":0,"font":"","enabled":false},"version":2}},"categories":[19],"tags":[5791,4734,1186,742,11407,43413,192,28673,710],"class_list":["post-177453","post","type-post","status-publish","format-standard","has-post-thumbnail","hentry","category-ekonomi","tag-haziran","tag-albayrak","tag-altina","tag-bakan","tag-geldik","tag-hedefimizin","tag-ile","tag-rakamlari","tag-yillik"],"jetpack_publicize_connections":[],"jetpack_featured_media_url":"https:\/\/i0.wp.com\/www.tvturk.com\/wp-content\/uploads\/2019\/07\/bakan-albayrak-haziran-rakamlari-ile-yillik-hedefimizin-altina-geldik_211fd4b.jpg?fit=1000%2C700","jetpack_sharing_enabled":true,"jetpack_shortlink":"https:\/\/wp.me\/paKIfm-Ka9","_links":{"self":[{"href":"http:\/\/www.tvturk.com\/index.php\/wp-json\/wp\/v2\/posts\/177453","targetHints":{"allow":["GET"]}}],"collection":[{"href":"http:\/\/www.tvturk.com\/index.php\/wp-json\/wp\/v2\/posts"}],"about":[{"href":"http:\/\/www.tvturk.com\/index.php\/wp-json\/wp\/v2\/types\/post"}],"author":[{"embeddable":true,"href":"http:\/\/www.tvturk.com\/index.php\/wp-json\/wp\/v2\/users\/1"}],"replies":[{"embeddable":true,"href":"http:\/\/www.tvturk.com\/index.php\/wp-json\/wp\/v2\/comments?post=177453"}],"version-history":[{"count":0,"href":"http:\/\/www.tvturk.com\/index.php\/wp-json\/wp\/v2\/posts\/177453\/revisions"}],"wp:featuredmedia":[{"embeddable":true,"href":"http:\/\/www.tvturk.com\/index.php\/wp-json\/wp\/v2\/media\/177454"}],"wp:attachment":[{"href":"http:\/\/www.tvturk.com\/index.php\/wp-json\/wp\/v2\/media?parent=177453"}],"wp:term":[{"taxonomy":"category","embeddable":true,"href":"http:\/\/www.tvturk.com\/index.php\/wp-json\/wp\/v2\/categories?post=177453"},{"taxonomy":"post_tag","embeddable":true,"href":"http:\/\/www.tvturk.com\/index.php\/wp-json\/wp\/v2\/tags?post=177453"}],"curies":[{"name":"wp","href":"https:\/\/api.w.org\/{rel}","templated":true}]}}