{"id":177457,"date":"2019-07-03T17:01:46","date_gmt":"2019-07-03T14:01:46","guid":{"rendered":"http:\/\/www.tvturk.com\/index.php\/kemaliye-kultur-ve-doga-sporlari-senlikleri-nefes-kesen-goruntulerle-sona-erdi\/"},"modified":"2019-07-03T17:01:46","modified_gmt":"2019-07-03T14:01:46","slug":"kemaliye-kultur-ve-doga-sporlari-senlikleri-nefes-kesen-goruntulerle-sona-erdi","status":"publish","type":"post","link":"http:\/\/www.tvturk.com\/index.php\/kemaliye-kultur-ve-doga-sporlari-senlikleri-nefes-kesen-goruntulerle-sona-erdi\/","title":{"rendered":"Kemaliye K\u00fclt\u00fcr ve Do\u011fa Sporlar\u0131 \u015eenlikleri nefes kesen g\u00f6r\u00fcnt\u00fclerle sona erdi"},"content":{"rendered":"<p>Bu sene 40\u2019\u0131nc\u0131s\u0131 d\u00fczenlenen ve 3 g\u00fcn s\u00fcren Kemaliye (E\u011fin) K\u00fclt\u00fcr ve Do\u011fa Sporlar\u0131 \u015fenlikleri adeta nefes kesen g\u00f6r\u00fcnt\u00fclerle sona erdi.<\/p>\n<p>Yukar\u0131 F\u0131rat havzas\u0131n\u0131n merkezinde yer alan Kemaliye il\u00e7esi, e\u015fsiz do\u011fas\u0131 ve sahip oldu\u011fu \u00f6zg\u00fcn kent kimli\u011fi ile Erzincan\u2019\u0131n turizme a\u00e7\u0131lan kap\u0131lar\u0131ndan biri. Kemaliye ayn\u0131 zamanda Tarihi Kentler Birli\u011finin kurucu \u00fcyelerinden birisi. Erzincan ve Kemaliye\u2019nin tan\u0131t\u0131m\u0131 i\u00e7in bug\u00fcne kadar \u00e7ok \u00f6nemli geli\u015fmelere vesile olan Erzincan Kemaliye (E\u011fin) K\u00fclt\u00fcr ve Do\u011fa Sporlar\u0131 \u015fenli\u011finin 40\u2019\u0131nc\u0131s\u0131 bu y\u0131l yine ulusal ve uluslararas\u0131 d\u00fczeyde ilgi g\u00f6recek nitelikteki sportif ve k\u00fclt\u00fcrel etkinliklerle birlikte ger\u00e7ekle\u015fti.<\/p>\n<p>Erzincan Valili\u011finin katk\u0131 ve himayeleriyle d\u00fczenlenen \u015fenlikler, Kemaliye Kaymakaml\u0131\u011f\u0131n\u0131n katk\u0131lar\u0131yla Kemaliye K\u00fclt\u00fcr ve Kalk\u0131nma Vakf\u0131 (KEMAV) ve Kemaliye Belediye Ba\u015fkanl\u0131\u011f\u0131 taraf\u0131ndan ger\u00e7ekle\u015ftirildi. \u015eenli\u011fin ana temalar\u0131 her y\u0131l oldu\u011fu gibi bu y\u0131l da \u2018\u00d6zg\u00fcr k\u00fclt\u00fcr ziyafeti, do\u011fa sevgisi ve karde\u015flik\u2019 oldu.<\/p>\n<p>3 g\u00fcn s\u00fcren \u015fenlikler s\u0131ras\u0131nda do\u011fal g\u00fczellikleriyle de \u00f6ne \u00e7\u0131kan Kemaliye\u2019de bulunan ve d\u00fcnyan\u0131n en g\u00f6rkemli kanyonlar\u0131ndan biri olan Karanl\u0131k Kanyon ilgi g\u00f6rd\u00fc. T\u00fcrkiye\u2019de bir ilk olarak ba\u015flayan Kemaliye Karanl\u0131k Kanyonda ger\u00e7ekle\u015ftirilen ve adrenalin tutkunlar\u0131n\u0131n nefesini kesen basejump atlay\u0131\u015flar\u0131 ve wingsuit etkinli\u011fi izleyenlerin adeta nefesini kesti. Renkli g\u00f6r\u00fcnt\u00fclere sahne olan \u015fenlik sona erdi.<\/p>\n<p>3 g\u00fcn s\u00fcren Uluslararas\u0131 40\u2019\u0131nc\u0131 Erzincan Kemaliye (E\u011fin) K\u00fclt\u00fcr ve Do\u011fa Sporlar\u0131 \u015fenli\u011finde wingsuit etkinli\u011fi, da\u011f bisikleti yar\u0131\u015flar\u0131, basejump etkinli\u011fi, TKF Dragon yar\u0131\u015flar\u0131, foto\u011fraf sergisi, at\u00f6lye \u00e7al\u0131\u015fmalar\u0131, t\u0131rman\u0131\u015f yar\u0131\u015fmas\u0131, konser ve do\u011fa sporlar\u0131 yer ald\u0131.<\/p>\n<p>Kemaliye \u015eenlik Koordinat\u00f6r\u00fc Feridun \u00c7elikmen, gazetecilere yapt\u0131\u011f\u0131 a\u00e7\u0131klamada, &#8220;Kemaliye\u2019yi T\u00fcrkiye\u2019nin vitrininde tutmak i\u00e7in bu sene Uluslararas\u0131 40\u2019\u0131nc\u0131 Kemaliye (E\u011fin) K\u00fclt\u00fcr ve Do\u011fa Sporlar\u0131 \u015fenliklerini ger\u00e7ekle\u015ftirdik. Herhangi kaza ya\u015fanmadan \u015fenlik sona erdi. Amac\u0131m\u0131z do\u011fa sporlar\u0131nda turizm alan\u0131nda bir fark\u0131ndal\u0131k olu\u015fturmak. Rahmetli eski Erzincan Valisi Recep Yaz\u0131c\u0131o\u011flu bu g\u00fcnleri g\u00f6rseydi gurur duyard\u0131&#8221; dedi.<\/p>\n","protected":false},"excerpt":{"rendered":"<p>BU SENE 40\u2019INCISI D\u00dcZENLENEN VE 3 G\u00dcN S\u00dcREN KEMAL\u0130YE (E\u011e\u0130N) K\u00dcLT\u00dcR VE DO\u011eA SPORLARI \u015eENL\u0130KLER\u0130 ADETA NEFES KESEN G\u00d6R\u00dcNT\u00dcLERLE SONA ERD\u0130<\/p>\n","protected":false},"author":1,"featured_media":177458,"comment_status":"closed","ping_status":"open","sticky":false,"template":"","format":"standard","meta":{"jetpack_post_was_ever_published":false,"_jetpack_newsletter_access":"","_jetpack_dont_email_post_to_subs":false,"_jetpack_newsletter_tier_id":0,"_jetpack_memberships_contains_paywalled_content":false,"_jetpack_memberships_contains_paid_content":false,"footnotes":"","jetpack_publicize_message":"","jetpack_publicize_feature_enabled":true,"jetpack_social_post_already_shared":true,"jetpack_social_options":{"image_generator_settings":{"template":"highway","default_image_id":0,"font":"","enabled":false},"version":2}},"categories":[1],"tags":[4197,793,8826,34720,12207,630,223,29323,792,9229],"class_list":["post-177457","post","type-post","status-publish","format-standard","has-post-thumbnail","hentry","category-genel","tag-doga","tag-erdi","tag-goruntulerle","tag-kemaliye","tag-kesen","tag-kultur","tag-nefes","tag-senlikleri","tag-sona","tag-sporlari"],"jetpack_publicize_connections":[],"jetpack_featured_media_url":"https:\/\/i0.wp.com\/www.tvturk.com\/wp-content\/uploads\/2019\/07\/kemaliye-kultur-ve-doga-sporlari-senlikleri-nefes-kesen-goruntulerle-sona-erdi_ad8a673.jpg?fit=1000%2C556","jetpack_sharing_enabled":true,"jetpack_shortlink":"https:\/\/wp.me\/paKIfm-Kad","_links":{"self":[{"href":"http:\/\/www.tvturk.com\/index.php\/wp-json\/wp\/v2\/posts\/177457","targetHints":{"allow":["GET"]}}],"collection":[{"href":"http:\/\/www.tvturk.com\/index.php\/wp-json\/wp\/v2\/posts"}],"about":[{"href":"http:\/\/www.tvturk.com\/index.php\/wp-json\/wp\/v2\/types\/post"}],"author":[{"embeddable":true,"href":"http:\/\/www.tvturk.com\/index.php\/wp-json\/wp\/v2\/users\/1"}],"replies":[{"embeddable":true,"href":"http:\/\/www.tvturk.com\/index.php\/wp-json\/wp\/v2\/comments?post=177457"}],"version-history":[{"count":0,"href":"http:\/\/www.tvturk.com\/index.php\/wp-json\/wp\/v2\/posts\/177457\/revisions"}],"wp:featuredmedia":[{"embeddable":true,"href":"http:\/\/www.tvturk.com\/index.php\/wp-json\/wp\/v2\/media\/177458"}],"wp:attachment":[{"href":"http:\/\/www.tvturk.com\/index.php\/wp-json\/wp\/v2\/media?parent=177457"}],"wp:term":[{"taxonomy":"category","embeddable":true,"href":"http:\/\/www.tvturk.com\/index.php\/wp-json\/wp\/v2\/categories?post=177457"},{"taxonomy":"post_tag","embeddable":true,"href":"http:\/\/www.tvturk.com\/index.php\/wp-json\/wp\/v2\/tags?post=177457"}],"curies":[{"name":"wp","href":"https:\/\/api.w.org\/{rel}","templated":true}]}}