{"id":177483,"date":"2019-07-03T18:16:34","date_gmt":"2019-07-03T15:16:34","guid":{"rendered":"http:\/\/www.tvturk.com\/index.php\/baskentte-bisikletli-polis-donemi\/"},"modified":"2019-07-03T18:16:34","modified_gmt":"2019-07-03T15:16:34","slug":"baskentte-bisikletli-polis-donemi","status":"publish","type":"post","link":"http:\/\/www.tvturk.com\/index.php\/baskentte-bisikletli-polis-donemi\/","title":{"rendered":"Ba\u015fkentte bisikletli polis d\u00f6nemi"},"content":{"rendered":"<p>Ankara Emniyet M\u00fcd\u00fcrl\u00fc\u011f\u00fc taraf\u0131ndan olu\u015fturulan \u201cMart\u0131 Tim\u201d olarak adland\u0131r\u0131lan bisikletli polisler g\u00f6reve ba\u015flad\u0131. Tim, yaz boyunca \u00f6zellikle vatanda\u015flar\u0131n yo\u011fun olarak ziyaret etti\u011fi G\u00f6lba\u015f\u0131, Ahlatl\u0131bel ve Eymir gibi yerlerde g\u00f6rev yapacak.<\/p>\n<p>Ankara \u0130l Emniyet M\u00fcd\u00fcr\u00fc Servet Y\u0131lmaz\u2019\u0131n talimat\u0131yla \u201cMart\u0131 Tim\u201d adl\u0131 bisikletli polis timleri olu\u015fturuldu. Bisikletli polis timleri G\u00f6lba\u015f\u0131\u2019nda g\u00f6reve ba\u015flad\u0131. Ba\u015fkentlilerin yo\u011fun oldu\u011fu b\u00f6lgelerde yaz ay\u0131 boyunca  bisikletli polisler g\u00f6rev yapacak. Polisler 2\u2019\u015ferli olmak \u00fczere toplam 4\u2019erli \u015fekilde g\u00f6rev alacak. Ama\u00e7 ara\u00e7l\u0131 polis ekiplerinin giremedi\u011fi yerlere, en k\u0131sa s\u00fcrede m\u00fcdahale etmek. Polis ekipleri, hafta i\u00e7i 13.00 ile 21.00 saatleri aras\u0131nda hafta sonu ise 10.00 ile 21.00 saatleri aras\u0131nda g\u00f6rev yapacak. Mart\u0131 Timleri GBT sorgulamas\u0131 yapabilecek.<\/p>\n<p>Kad\u0131nlar i\u00e7in \u00f6nemli bir uygulama oldu\u011funu ifade eden G\u00f6lba\u015f\u0131 sakinlerinden G\u00fcl\u015fah Soysal, \u201cBana bir kad\u0131n olarak \u00e7ok mant\u0131kl\u0131 geldi. Son d\u00f6nemlerde parklardaki \u00e7ocuk tacizleri ve tecav\u00fczlerini \u00f6nlemek i\u00e7in g\u00fczel bir uygulama. Bende rahat\u00e7a dola\u015fabilece\u011fim ve sporumu rahat\u00e7a yapabilece\u011fim\u201d \u015feklinde konu\u015ftu.<\/p>\n","protected":false},"excerpt":{"rendered":"<p>ANKARA EMN\u0130YET M\u00dcD\u00dcRL\u00dc\u011e\u00dc TARAFINDAN OLU\u015eTURULAN \u201cMARTI T\u0130M\u201d OLARAK ADLANDIRILAN B\u0130S\u0130KLETL\u0130 POL\u0130SLER G\u00d6REVE BA\u015eLADI. T\u0130M, YAZ BOYUNCA \u00d6ZELL\u0130KLE VATANDA\u015eLARIN YO\u011eUN OLARAK Z\u0130YARET ETT\u0130\u011e\u0130 G\u00d6LBA\u015eI, AHLATLIBEL VE EYM\u0130R G\u0130B\u0130 YERLERDE G\u00d6REV YAPACAK.<\/p>\n","protected":false},"author":1,"featured_media":177484,"comment_status":"closed","ping_status":"open","sticky":false,"template":"","format":"standard","meta":{"jetpack_post_was_ever_published":false,"_jetpack_newsletter_access":"","_jetpack_dont_email_post_to_subs":false,"_jetpack_newsletter_tier_id":0,"_jetpack_memberships_contains_paywalled_content":false,"_jetpack_memberships_contains_paid_content":false,"footnotes":"","jetpack_publicize_message":"","jetpack_publicize_feature_enabled":true,"jetpack_social_post_already_shared":true,"jetpack_social_options":{"image_generator_settings":{"template":"highway","default_image_id":0,"font":"","enabled":false},"version":2}},"categories":[1],"tags":[5434,15331,2088,996],"class_list":["post-177483","post","type-post","status-publish","format-standard","has-post-thumbnail","hentry","category-genel","tag-baskentte","tag-bisikletli","tag-donemi","tag-polis"],"jetpack_publicize_connections":[],"jetpack_featured_media_url":"https:\/\/i0.wp.com\/www.tvturk.com\/wp-content\/uploads\/2019\/07\/baskentte-bisikletli-polis-donemi_bd64012.jpg?fit=1000%2C666","jetpack_sharing_enabled":true,"jetpack_shortlink":"https:\/\/wp.me\/paKIfm-KaD","_links":{"self":[{"href":"http:\/\/www.tvturk.com\/index.php\/wp-json\/wp\/v2\/posts\/177483","targetHints":{"allow":["GET"]}}],"collection":[{"href":"http:\/\/www.tvturk.com\/index.php\/wp-json\/wp\/v2\/posts"}],"about":[{"href":"http:\/\/www.tvturk.com\/index.php\/wp-json\/wp\/v2\/types\/post"}],"author":[{"embeddable":true,"href":"http:\/\/www.tvturk.com\/index.php\/wp-json\/wp\/v2\/users\/1"}],"replies":[{"embeddable":true,"href":"http:\/\/www.tvturk.com\/index.php\/wp-json\/wp\/v2\/comments?post=177483"}],"version-history":[{"count":0,"href":"http:\/\/www.tvturk.com\/index.php\/wp-json\/wp\/v2\/posts\/177483\/revisions"}],"wp:featuredmedia":[{"embeddable":true,"href":"http:\/\/www.tvturk.com\/index.php\/wp-json\/wp\/v2\/media\/177484"}],"wp:attachment":[{"href":"http:\/\/www.tvturk.com\/index.php\/wp-json\/wp\/v2\/media?parent=177483"}],"wp:term":[{"taxonomy":"category","embeddable":true,"href":"http:\/\/www.tvturk.com\/index.php\/wp-json\/wp\/v2\/categories?post=177483"},{"taxonomy":"post_tag","embeddable":true,"href":"http:\/\/www.tvturk.com\/index.php\/wp-json\/wp\/v2\/tags?post=177483"}],"curies":[{"name":"wp","href":"https:\/\/api.w.org\/{rel}","templated":true}]}}