{"id":177485,"date":"2019-07-03T18:16:44","date_gmt":"2019-07-03T15:16:44","guid":{"rendered":"http:\/\/www.tvturk.com\/index.php\/sogukoluk-yaylasinin-eski-haline-gelmesi-50-yil-surecek\/"},"modified":"2019-07-03T18:16:44","modified_gmt":"2019-07-03T15:16:44","slug":"sogukoluk-yaylasinin-eski-haline-gelmesi-50-yil-surecek","status":"publish","type":"post","link":"http:\/\/www.tvturk.com\/index.php\/sogukoluk-yaylasinin-eski-haline-gelmesi-50-yil-surecek\/","title":{"rendered":"So\u011fukoluk Yaylas\u0131\u2019n\u0131n eski haline gelmesi 50 y\u0131l s\u00fcrecek"},"content":{"rendered":"<p>Hatay\u2019da son y\u0131llar\u0131n en b\u00fcy\u00fck orman yang\u0131n\u0131n\u0131n ya\u015fand\u0131\u011f\u0131 So\u011fukoluk Yaylas\u0131 yeniden a\u011fa\u00e7land\u0131r\u0131l\u0131yor, b\u00f6lgenin eski haline gelmesi 50 y\u0131l s\u00fcrecek.<\/p>\n<p>Hatay\u2019\u0131n Belen il\u00e7esinde 2018 Eyl\u00fcl ay\u0131nda elektrik trafosundan \u00e7\u0131kan k\u0131v\u0131lc\u0131mlar\u0131n neden oldu\u011fu orman yang\u0131n\u0131nda 134 hektar ormanl\u0131k alan k\u00fcle d\u00f6nm\u00fc\u015ft\u00fc. Aradan ge\u00e7en 10 ayl\u0131k s\u00fcre\u00e7te Belen Orman \u0130\u015fletme M\u00fcd\u00fcrl\u00fc\u011f\u00fc ekipleri  b\u00f6lgede 1 ton 200 kilo k\u0131z\u0131l\u00e7am tohumu ekimi yapt\u0131lar. Yang\u0131ndan zarar g\u00f6ren a\u011fa\u00e7lar ise kesilerek ihale ile sat\u0131\u015f\u0131 ger\u00e7ekle\u015ftirildi ve geliri devletin kasas\u0131na aktar\u0131ld\u0131.<\/p>\n<p>So\u011fukoluk Yaylas\u0131\u2019nda incelemelerde bulunan Kahramanmara\u015f Orman B\u00f6lge M\u00fcd\u00fcr\u00fc Alpaslan Alt\u0131nda\u015f, Orman B\u00f6lge M\u00fcd\u00fcrl\u00fc\u011f\u00fc olarak i\u015flerinin sadece yang\u0131n\u0131 s\u00f6nd\u00fcrmek olmad\u0131\u011f\u0131n\u0131 yanan b\u00f6lgelerin tekrar a\u011fa\u00e7land\u0131r\u0131lmas\u0131 i\u015finin de yang\u0131n\u0131 s\u00f6nd\u00fcrmek kadar \u00f6nemli oldu\u011funu belirtti. Alt\u0131nda\u015f, &#8220;Yang\u0131n s\u00f6nd\u00fckten Orman Genel M\u00fcd\u00fcrl\u00fc\u011f\u00fc olarak ayn\u0131 y\u0131l i\u00e7erisinde veya bir y\u0131l i\u00e7erisinde yanan alanlar\u0131 a\u011fa\u00e7land\u0131r\u0131yoruz. Bir yer yand\u0131\u011f\u0131 zaman o b\u00f6lgede izne konu edilemiyor bunu \u00fczerine basarak s\u00f6yl\u00fcyorum. Bir yer yand\u0131\u011f\u0131 zaman g\u00fcndem oluyor villa yap\u0131lacak otel yap\u0131lacak fabrika yap\u0131lacak gibi. Asl\u0131nda tam tersi yanmayan alanlara bunlar yap\u0131labilir ama yanan ormanl\u0131k alana hi\u00e7 bir \u015fey yap\u0131lmas\u0131na izin vermiyoruz tekrar a\u011fa\u00e7land\u0131r\u0131yoruz. Bu b\u00f6lgenin eski haline gelmesi 50 belkide 60 y\u0131l s\u00fcrecek orman a\u011fa\u00e7lar\u0131 yava\u015f b\u00fcy\u00fcyen a\u011fa\u00e7lard\u0131r \u015fu an burada g\u00f6rd\u00fckleriniz 1 ya\u015f\u0131nda fidanlard\u0131r. Orman yang\u0131n\u0131nda zarar g\u00f6ren a\u011fa\u00e7lar kesimleri yap\u0131larak ihale usul\u00fc ile sat\u0131l\u0131yor ve devletin kasas\u0131na gelir olarak giriyor&#8221; \u015feklinde konu\u015ftu.<\/p>\n<p>Orman yang\u0131nlar\u0131nda ekiplerin can g\u00fcvenli\u011fi ve yang\u0131n\u0131n kontroll\u00fc s\u00f6nd\u00fcr\u00fclmesi i\u015flemlerinde kullan\u0131lan yang\u0131n komuta arac\u0131n\u0131 da tan\u0131tan  Kahramanmara\u015f Orman B\u00f6lge M\u00fcd\u00fcr\u00fc Alpaslan Alt\u0131nda\u015f, bu ara\u00e7 sayesinde yang\u0131n s\u00f6nd\u00fcrme ekiplerimizi ara\u00e7 takip sistemleri sayesinde takip ederek yang\u0131n\u0131n kontroll\u00fc s\u00f6nd\u00fcr\u00fclmesini sa\u011flad\u0131klar\u0131n\u0131 belirtti.<\/p>\n","protected":false},"excerpt":{"rendered":"<p>HATAY&#8217;DA SON YILLARIN EN B\u00dcY\u00dcK ORMAN YANGINININ YA\u015eANDI\u011eI SO\u011eUKOLUK YAYLASI YEN\u0130DEN A\u011eA\u00c7LANDIRILIYOR, B\u00d6LGEN\u0130N ESK\u0130 HAL\u0130NE GELMES\u0130 50 YIL S\u00dcRECEK.<\/p>\n","protected":false},"author":1,"featured_media":177486,"comment_status":"closed","ping_status":"open","sticky":false,"template":"","format":"standard","meta":{"jetpack_post_was_ever_published":false,"_jetpack_newsletter_access":"","_jetpack_dont_email_post_to_subs":false,"_jetpack_newsletter_tier_id":0,"_jetpack_memberships_contains_paywalled_content":false,"_jetpack_memberships_contains_paid_content":false,"footnotes":"","jetpack_publicize_message":"","jetpack_publicize_feature_enabled":true,"jetpack_social_post_already_shared":true,"jetpack_social_options":{"image_generator_settings":{"template":"highway","default_image_id":0,"font":"","enabled":false},"version":2}},"categories":[1],"tags":[1123,11595,2101,43422,2130,43423,231],"class_list":["post-177485","post","type-post","status-publish","format-standard","has-post-thumbnail","hentry","category-genel","tag-eski","tag-gelmesi","tag-haline","tag-sogukoluk","tag-surecek","tag-yaylasinin","tag-yil"],"jetpack_publicize_connections":[],"jetpack_featured_media_url":"https:\/\/i0.wp.com\/www.tvturk.com\/wp-content\/uploads\/2019\/07\/sogukoluk-yaylasinin-eski-haline-gelmesi-50-yil-surecek_0e59856.jpg?fit=1000%2C666","jetpack_sharing_enabled":true,"jetpack_shortlink":"https:\/\/wp.me\/paKIfm-KaF","_links":{"self":[{"href":"http:\/\/www.tvturk.com\/index.php\/wp-json\/wp\/v2\/posts\/177485","targetHints":{"allow":["GET"]}}],"collection":[{"href":"http:\/\/www.tvturk.com\/index.php\/wp-json\/wp\/v2\/posts"}],"about":[{"href":"http:\/\/www.tvturk.com\/index.php\/wp-json\/wp\/v2\/types\/post"}],"author":[{"embeddable":true,"href":"http:\/\/www.tvturk.com\/index.php\/wp-json\/wp\/v2\/users\/1"}],"replies":[{"embeddable":true,"href":"http:\/\/www.tvturk.com\/index.php\/wp-json\/wp\/v2\/comments?post=177485"}],"version-history":[{"count":0,"href":"http:\/\/www.tvturk.com\/index.php\/wp-json\/wp\/v2\/posts\/177485\/revisions"}],"wp:featuredmedia":[{"embeddable":true,"href":"http:\/\/www.tvturk.com\/index.php\/wp-json\/wp\/v2\/media\/177486"}],"wp:attachment":[{"href":"http:\/\/www.tvturk.com\/index.php\/wp-json\/wp\/v2\/media?parent=177485"}],"wp:term":[{"taxonomy":"category","embeddable":true,"href":"http:\/\/www.tvturk.com\/index.php\/wp-json\/wp\/v2\/categories?post=177485"},{"taxonomy":"post_tag","embeddable":true,"href":"http:\/\/www.tvturk.com\/index.php\/wp-json\/wp\/v2\/tags?post=177485"}],"curies":[{"name":"wp","href":"https:\/\/api.w.org\/{rel}","templated":true}]}}