{"id":177489,"date":"2019-07-03T18:47:12","date_gmt":"2019-07-03T15:47:12","guid":{"rendered":"http:\/\/www.tvturk.com\/index.php\/trabzonspor-ahmet-canbaz-ile-3-yillik-sozlesme-imzaladi\/"},"modified":"2019-07-03T18:47:12","modified_gmt":"2019-07-03T15:47:12","slug":"trabzonspor-ahmet-canbaz-ile-3-yillik-sozlesme-imzaladi","status":"publish","type":"post","link":"http:\/\/www.tvturk.com\/index.php\/trabzonspor-ahmet-canbaz-ile-3-yillik-sozlesme-imzaladi\/","title":{"rendered":"Trabzonspor, Ahmet Canbaz ile 3 y\u0131ll\u0131k s\u00f6zle\u015fme imzalad\u0131"},"content":{"rendered":"<p>Trabzonspor, Werder Bremen\u2019den transfer etti\u011fi Ahmet Canbaz ile \u00fc\u00e7 y\u0131ll\u0131k s\u00f6zle\u015fme imzalad\u0131.<\/p>\n<p>Bordo-mavili kul\u00fcp, Werder Bremen\u2019de oynayan 21 ya\u015f\u0131ndaki orta saha oyuncusu Ahmet Canbaz\u2019\u0131 kadrosuna katt\u0131. Mehmet Ali Y\u0131lmaz Tesisleri\u2019nde d\u00fczenlenen imza t\u00f6reninde konu\u015fan Ba\u015fkan Ahmet A\u011fao\u011flu, Ahmet Cambaz\u2019dan beklentisinin b\u00fcy\u00fck oldu\u011funu kaydetti. A\u011fao\u011flu, \u201cAhmet, T\u00fcrkiye\u2019deki hatta d\u00fcnyadaki en do\u011fru yere geldi. Gen\u00e7 oyunculara verdi\u011fimiz \u00f6nem herkesin malumu. Ahmet de onlardan biri ve kendisinden beklentimiz \u00e7ok b\u00fcy\u00fck. Ahmet, zorlu bir m\u00fccadelenin i\u00e7ine girecek. Oynad\u0131\u011f\u0131 mevkide \u00e7ok zorlu rakipleri var. \u0130nan\u0131yorum ki Avrupa\u2019n\u0131n en iyisi olacak\u201d dedi.<\/p>\n<p>Trabzonspor\u2019a geldi\u011fi i\u00e7in \u00e7ok mutlu oldu\u011funu vurgulayan Ahmet Canbaz da, \u201cHeyecanl\u0131 ve gururluyum. \u0130n\u015fallah burada elimden gelen her \u015feyi yapaca\u011f\u0131m ve formay\u0131 alaca\u011f\u0131ma da inan\u0131yorum. \u0130n\u015fallah herkes i\u00e7in en iyisi olur\u201d ifadelerini kulland\u0131.<\/p>\n<p>Alman kul\u00fcb\u00fcne 125 bin Euro \u00f6denecek<\/p>\n<p>Trabzonspor\u2019un bu transfer i\u00e7in \u00f6deyece\u011fi \u00fccretler de belli oldu. Bordo-mavili kul\u00fcb\u00fcn Kamuyu Ayd\u0131nlatma Platformu\u2019na (KAP) yapt\u0131\u011f\u0131 a\u00e7\u0131klamada, &#8220;Profesyonel futbolcu Ahmet Canbaz\u2019\u0131n kul\u00fcb\u00fcm\u00fcze transferi konusunda, Werder Bremen Kul\u00fcb\u00fc ile anla\u015fma sa\u011flanm\u0131\u015ft\u0131r. Anla\u015fmaya g\u00f6re, Werder Bremen Kul\u00fcb\u00fcne s\u00f6zle\u015fme fesih bedeli olarak, 125 bin Euro \u00f6denecektir.  Ayr\u0131ca, Werder Bremen Kul\u00fcb\u00fcne;<\/p>\n<p>Her bir sezon i\u00e7in ge\u00e7erli olmak \u00fczere, futbolcunun 15 resmi ma\u00e7ta (S\u00fcper Lig veya UEFA) oynamas\u0131 ve \u015eampiyonlar Ligi gruplar\u0131na kal\u0131nmas\u0131 halinde 100 bin Euro, futbolcunun bir ba\u015fka kul\u00fcbe transfer olmas\u0131 durumunda elde edilen transfer bedelinin, o ana kadar Werder Bremen\u2019in hak etti\u011fi tutar\u0131 a\u015fan k\u0131sm\u0131n\u0131n %20\u2019si,  \u00f6denecektir&#8221; denildi.<\/p>\n<p>Oyuncuya \u00f6denecek \u00fccret ile ilgili ise KAP\u2019a \u015fu a\u00e7\u0131klama yap\u0131ld\u0131:<\/p>\n<p>&#8220;Profesyonel futbolcu Ahmet Canbaz ile 3 (\u00dc\u00e7) y\u0131ll\u0131k anla\u015fma sa\u011flanm\u0131\u015ft\u0131r. Anla\u015fmaya g\u00f6re oyuncuya;<\/p>\n<p>2019\/20 futbol sezonu i\u00e7in 625 bin TL garanti \u00fccret,<\/p>\n<p>2020\/21 futbol sezonu i\u00e7in 630 bin TL garanti \u00fccret,<\/p>\n<p>2021\/22 futbol sezonu i\u00e7in 630 bin TL garanti \u00fccret \u00f6denecektir.&#8221;<\/p>\n","protected":false},"excerpt":{"rendered":"<p>TRABZONSPOR, WERDER BREMEN&#8217;DEN TRANSFER ETT\u0130\u011e\u0130 AHMET CANBAZ \u0130LE \u00dc\u00c7 YILLIK S\u00d6ZLE\u015eME \u0130MZALADI.<\/p>\n","protected":false},"author":1,"featured_media":177490,"comment_status":"closed","ping_status":"open","sticky":false,"template":"","format":"standard","meta":{"jetpack_post_was_ever_published":false,"_jetpack_newsletter_access":"","_jetpack_dont_email_post_to_subs":false,"_jetpack_newsletter_tier_id":0,"_jetpack_memberships_contains_paywalled_content":false,"_jetpack_memberships_contains_paid_content":false,"footnotes":"","jetpack_publicize_message":"","jetpack_publicize_feature_enabled":true,"jetpack_social_post_already_shared":true,"jetpack_social_options":{"image_generator_settings":{"template":"highway","default_image_id":0,"font":"","enabled":false},"version":2}},"categories":[657],"tags":[3634,15373,192,2317,4475,916,710],"class_list":["post-177489","post","type-post","status-publish","format-standard","has-post-thumbnail","hentry","category-spor","tag-ahmet","tag-canbaz","tag-ile","tag-imzaladi","tag-sozlesme","tag-trabzonspor","tag-yillik"],"jetpack_publicize_connections":[],"jetpack_featured_media_url":"https:\/\/i0.wp.com\/www.tvturk.com\/wp-content\/uploads\/2019\/07\/trabzonspor-ahmet-canbaz-ile-3-yillik-sozlesme-imzaladi_7f38657.jpg?fit=1000%2C700","jetpack_sharing_enabled":true,"jetpack_shortlink":"https:\/\/wp.me\/paKIfm-KaJ","_links":{"self":[{"href":"http:\/\/www.tvturk.com\/index.php\/wp-json\/wp\/v2\/posts\/177489","targetHints":{"allow":["GET"]}}],"collection":[{"href":"http:\/\/www.tvturk.com\/index.php\/wp-json\/wp\/v2\/posts"}],"about":[{"href":"http:\/\/www.tvturk.com\/index.php\/wp-json\/wp\/v2\/types\/post"}],"author":[{"embeddable":true,"href":"http:\/\/www.tvturk.com\/index.php\/wp-json\/wp\/v2\/users\/1"}],"replies":[{"embeddable":true,"href":"http:\/\/www.tvturk.com\/index.php\/wp-json\/wp\/v2\/comments?post=177489"}],"version-history":[{"count":0,"href":"http:\/\/www.tvturk.com\/index.php\/wp-json\/wp\/v2\/posts\/177489\/revisions"}],"wp:featuredmedia":[{"embeddable":true,"href":"http:\/\/www.tvturk.com\/index.php\/wp-json\/wp\/v2\/media\/177490"}],"wp:attachment":[{"href":"http:\/\/www.tvturk.com\/index.php\/wp-json\/wp\/v2\/media?parent=177489"}],"wp:term":[{"taxonomy":"category","embeddable":true,"href":"http:\/\/www.tvturk.com\/index.php\/wp-json\/wp\/v2\/categories?post=177489"},{"taxonomy":"post_tag","embeddable":true,"href":"http:\/\/www.tvturk.com\/index.php\/wp-json\/wp\/v2\/tags?post=177489"}],"curies":[{"name":"wp","href":"https:\/\/api.w.org\/{rel}","templated":true}]}}