{"id":17750,"date":"2019-02-10T11:49:45","date_gmt":"2019-02-10T08:49:45","guid":{"rendered":"http:\/\/www.tvturk.com\/index.php\/sebze-fiyatlari-menemencileri-de-zorluyor\/"},"modified":"2019-02-10T11:49:47","modified_gmt":"2019-02-10T08:49:47","slug":"sebze-fiyatlari-menemencileri-de-zorluyor","status":"publish","type":"post","link":"http:\/\/www.tvturk.com\/index.php\/sebze-fiyatlari-menemencileri-de-zorluyor\/","title":{"rendered":"Sebze fiyatlar\u0131 menemencileri de zorluyor"},"content":{"rendered":"<p>Sebze fiyatlar\u0131nda ya\u015fanan art\u0131\u015f \u00c7akall\u0131 menemencilerini de zor durumda b\u0131rakt\u0131.<\/p>\n<p>\u00c7akall\u0131 menemeninde kullan\u0131lan domates ve biber gibi sebze fiyatlar\u0131n\u0131n y\u00fckselmesi menemenci esnaf\u0131n\u0131 da etkiliyor. Baz\u0131 esnaflar fiyatta c\u00fczi art\u0131\u015flara giderken, baz\u0131 esnaflarsa m\u00fc\u015fterinin etkilenmemesi i\u00e7in fiyatlarda art\u0131\u015fa gitmiyor. Kendi kar marjlar\u0131n\u0131n d\u00fc\u015ft\u00fc\u011f\u00fcn\u00fc belirten menemenciler, sebze fiyatlar\u0131n\u0131n normale d\u00f6nmesini bekliyor. Yakla\u015f\u0131k 30 civar\u0131nda menemenci bulunan \u00c7akall\u0131 mevkisinde menemenin porsiyonu 18-20 TL aras\u0131nda de\u011fi\u015fiyor.<\/p>\n<p>Sebzedeki art\u0131\u015f\u0131 menemene yans\u0131tmad\u0131klar\u0131n\u0131 belirten menemenci Nadir Eren, &#8220;Biz domatesi d\u00fc\u015f\u00fck fiyatta oldu\u011fu zaman da porsiyonundan 20 TL al\u0131yorduk, domatesin kilosu 7 olunca da 20 TL al\u0131yoruz. Bu art\u0131\u015f\u0131 vatanda\u015fa yans\u0131tm\u0131yoruz&#8221; dedi.<\/p>\n<p>Enflasyonla m\u00fccadele ettiklerini belirten \u0130rfan G\u00fc\u00e7, &#8220;Bu art\u0131\u015flar bizi zorluyor. Kar oran\u0131m\u0131z\u0131 d\u00fc\u015f\u00fcr\u00fcyor. M\u00fc\u015fteriye yans\u0131tmamak ad\u0131na fiyatlar\u0131 y\u00fckseltmedik biz ama bu durum bizi etkiliyor&#8221; diye konu\u015ftu.<\/p>\n<p>\u00dclkenin i\u00e7inde bulundu\u011fu ekonomik durumunun belli oldu\u011funu s\u00f6yleyen menemenci Ozan Toprak, &#8220;Domates, biber, yumurta, ya\u011f, ka\u015far peyniri fiyatlar\u0131 artt\u0131. M\u00fc\u015fteri kayb\u0131 olmamas\u0131 i\u00e7in menemen fiyatlar\u0131m\u0131zda art\u0131\u015fa gitmedik. Artan sebze fiyatlar\u0131na bak\u0131ld\u0131\u011f\u0131nda menemen fiyatlar\u0131n\u0131n 25-30 TL olmas\u0131 gerekiyordu ama biz zam yapmad\u0131k. Porsiyonu 20 TL\u2019den veriyoruz&#8221; \u015feklinde konu\u015ftu.<\/p>\n<p>Sebze fiyatlar\u0131nda a\u015f\u0131r\u0131 y\u00fckselme oldu\u011funu belirten menemenci Emre \u00d6zgen, &#8220;Ge\u00e7en Antalya\u2019da hortum olay\u0131 oldu\u011funda sabah hale gittik, fiyatlar 4-5 TL farketmi\u015f. F\u0131rsat\u00e7\u0131l\u0131k denilen olay da var. Krizden dolay\u0131 bir i\u015f d\u00fc\u015f\u00fckl\u00fc\u011f\u00fc var. Biz de bu art\u0131\u015f\u0131 menemene yans\u0131t\u0131rsak o zaman i\u015fler daha da d\u00fc\u015fecek. Onun i\u00e7in yans\u0131tm\u0131yoruz&#8221; dedi.<div class=\"tiled-gallery type-rectangular tiled-gallery-unresized\" data-original-width=\"500\" data-carousel-extra='null' itemscope itemtype=\"http:\/\/schema.org\/ImageGallery\" > <div class=\"gallery-row\" style=\"width: 500px; height: 368px;\" data-original-width=\"500\" data-original-height=\"368\" > <div class=\"gallery-group images-1\" style=\"width: 500px; height: 368px;\" data-original-width=\"500\" data-original-height=\"368\" > <div class=\"tiled-gallery-item tiled-gallery-item-large\" itemprop=\"associatedMedia\" itemscope itemtype=\"http:\/\/schema.org\/ImageObject\"> <a href=\"http:\/\/www.tvturk.com\/index.php\/sebze-fiyatlari-menemencileri-de-zorluyor\/sebze-fiyatlari-menemencileri-de-zorluyor-3\/\" border=\"0\" itemprop=\"url\"> <meta itemprop=\"width\" content=\"496\"> <meta itemprop=\"height\" content=\"364\"> <img decoding=\"async\" class=\"\" data-attachment-id=\"17752\" data-orig-file=\"http:\/\/www.tvturk.com\/wp-content\/uploads\/2019\/02\/sebze-fiyatlari-menemencileri-de-zorluyor_3626b87.jpg\" data-orig-size=\"1000,734\" data-comments-opened=\"\" data-image-meta=\"{&quot;aperture&quot;:&quot;0&quot;,&quot;credit&quot;:&quot;IHA&quot;,&quot;camera&quot;:&quot;&quot;,&quot;caption&quot;:&quot;SEBZE F\\u0130YATLARINDA YA\\u015eANAN ARTI\\u015e \\u00c7AKALLI MENEMENC\\u0130LER\\u0130N\\u0130 DE ZOR DURUMDA BIRAKIYOR. (KENAN AKY\\u00dcZ\\\/SAMSUN-\\u0130HA)&quot;,&quot;created_timestamp&quot;:&quot;0&quot;,&quot;copyright&quot;:&quot;\\u0130HLAS HABER AJANSI, www.iha.com.tr&quot;,&quot;focal_length&quot;:&quot;0&quot;,&quot;iso&quot;:&quot;0&quot;,&quot;shutter_speed&quot;:&quot;0&quot;,&quot;title&quot;:&quot;SEBZE F\\u0130YATLARI MENEMENC\\u0130LER\\u0130 DE ZORLUYOR&quot;,&quot;orientation&quot;:&quot;0&quot;}\" data-image-title=\"Sebze fiyatlar\u0131 menemencileri de zorluyor\" data-image-description=\"&lt;p&gt;Sebze fiyatlar\u0131 menemencileri de zorluyor&lt;\/p&gt; \" data-medium-file=\"https:\/\/i0.wp.com\/www.tvturk.com\/wp-content\/uploads\/2019\/02\/sebze-fiyatlari-menemencileri-de-zorluyor_3626b87.jpg?fit=300%2C220\" data-large-file=\"https:\/\/i0.wp.com\/www.tvturk.com\/wp-content\/uploads\/2019\/02\/sebze-fiyatlari-menemencileri-de-zorluyor_3626b87.jpg?fit=1000%2C734\" src=\"https:\/\/i0.wp.com\/www.tvturk.com\/wp-content\/uploads\/2019\/02\/sebze-fiyatlari-menemencileri-de-zorluyor_3626b87.jpg?w=496&#038;h=364\" srcset=\"https:\/\/i0.wp.com\/www.tvturk.com\/wp-content\/uploads\/2019\/02\/sebze-fiyatlari-menemencileri-de-zorluyor_3626b87.jpg?w=1000 1000w, https:\/\/i0.wp.com\/www.tvturk.com\/wp-content\/uploads\/2019\/02\/sebze-fiyatlari-menemencileri-de-zorluyor_3626b87.jpg?resize=150%2C110 150w, https:\/\/i0.wp.com\/www.tvturk.com\/wp-content\/uploads\/2019\/02\/sebze-fiyatlari-menemencileri-de-zorluyor_3626b87.jpg?resize=300%2C220 300w, https:\/\/i0.wp.com\/www.tvturk.com\/wp-content\/uploads\/2019\/02\/sebze-fiyatlari-menemencileri-de-zorluyor_3626b87.jpg?resize=768%2C564 768w\" width=\"496\" height=\"364\" loading=\"lazy\" data-original-width=\"496\" data-original-height=\"364\" itemprop=\"http:\/\/schema.org\/image\" title=\"Sebze fiyatlar\u0131 menemencileri de zorluyor\" alt=\"Sebze fiyatlar\u0131 menemencileri de zorluyor\" style=\"width: 496px; height: 364px;\" \/> <\/a> <\/div> <\/div> <!-- close group --> <\/div> <!-- close row --> <\/div><\/p>\n","protected":false},"excerpt":{"rendered":"<p>SEBZE F\u0130YATLARINDA YA\u015eANAN ARTI\u015e \u00c7AKALLI MENEMENC\u0130LER\u0130N\u0130 DE ZOR DURUMDA BIRAKIYOR.<\/p>\n","protected":false},"author":1,"featured_media":17751,"comment_status":"closed","ping_status":"open","sticky":false,"template":"","format":"standard","meta":{"jetpack_post_was_ever_published":false,"_jetpack_newsletter_access":"","_jetpack_dont_email_post_to_subs":false,"_jetpack_newsletter_tier_id":0,"_jetpack_memberships_contains_paywalled_content":false,"_jetpack_memberships_contains_paid_content":false,"footnotes":"","jetpack_publicize_message":"","jetpack_publicize_feature_enabled":true,"jetpack_social_post_already_shared":false,"jetpack_social_options":{"image_generator_settings":{"template":"highway","default_image_id":0,"font":"","enabled":false},"version":2}},"categories":[655],"tags":[259,8189,2974,8190],"class_list":["post-17750","post","type-post","status-publish","format-standard","has-post-thumbnail","hentry","category-son-dakika","tag-fiyatlari","tag-menemencileri","tag-sebze","tag-zorluyor"],"jetpack_publicize_connections":[],"jetpack_featured_media_url":"https:\/\/i0.wp.com\/www.tvturk.com\/wp-content\/uploads\/2019\/02\/sebze-fiyatlari-menemencileri-de-zorluyor_6bd6d8e.jpg?fit=1000%2C666","jetpack_sharing_enabled":true,"jetpack_shortlink":"https:\/\/wp.me\/paKIfm-4Ci","_links":{"self":[{"href":"http:\/\/www.tvturk.com\/index.php\/wp-json\/wp\/v2\/posts\/17750","targetHints":{"allow":["GET"]}}],"collection":[{"href":"http:\/\/www.tvturk.com\/index.php\/wp-json\/wp\/v2\/posts"}],"about":[{"href":"http:\/\/www.tvturk.com\/index.php\/wp-json\/wp\/v2\/types\/post"}],"author":[{"embeddable":true,"href":"http:\/\/www.tvturk.com\/index.php\/wp-json\/wp\/v2\/users\/1"}],"replies":[{"embeddable":true,"href":"http:\/\/www.tvturk.com\/index.php\/wp-json\/wp\/v2\/comments?post=17750"}],"version-history":[{"count":1,"href":"http:\/\/www.tvturk.com\/index.php\/wp-json\/wp\/v2\/posts\/17750\/revisions"}],"predecessor-version":[{"id":17753,"href":"http:\/\/www.tvturk.com\/index.php\/wp-json\/wp\/v2\/posts\/17750\/revisions\/17753"}],"wp:featuredmedia":[{"embeddable":true,"href":"http:\/\/www.tvturk.com\/index.php\/wp-json\/wp\/v2\/media\/17751"}],"wp:attachment":[{"href":"http:\/\/www.tvturk.com\/index.php\/wp-json\/wp\/v2\/media?parent=17750"}],"wp:term":[{"taxonomy":"category","embeddable":true,"href":"http:\/\/www.tvturk.com\/index.php\/wp-json\/wp\/v2\/categories?post=17750"},{"taxonomy":"post_tag","embeddable":true,"href":"http:\/\/www.tvturk.com\/index.php\/wp-json\/wp\/v2\/tags?post=17750"}],"curies":[{"name":"wp","href":"https:\/\/api.w.org\/{rel}","templated":true}]}}