{"id":177505,"date":"2019-07-03T20:47:16","date_gmt":"2019-07-03T17:47:16","guid":{"rendered":"http:\/\/www.tvturk.com\/index.php\/akhisarspor-yeni-sezon-hazirliklarina-basladi\/"},"modified":"2019-07-03T20:47:16","modified_gmt":"2019-07-03T17:47:16","slug":"akhisarspor-yeni-sezon-hazirliklarina-basladi","status":"publish","type":"post","link":"http:\/\/www.tvturk.com\/index.php\/akhisarspor-yeni-sezon-hazirliklarina-basladi\/","title":{"rendered":"Akhisarspor, yeni sezon haz\u0131rl\u0131klar\u0131na ba\u015flad\u0131"},"content":{"rendered":"<p>Spor Toto 1. Lig\u2019de m\u00fccadele edecek olan Akhisarspor, 2019-2020 sezonu \u00e7al\u0131\u015fmalar\u0131na Teknik Direkt\u00f6r Mehmet Alt\u0131 Parmak y\u00f6netiminde Y\u0131lmaz Atabarut Tesisleri\u2019nde ba\u015flad\u0131.<\/p>\n<p>\u0130lk olarak Akhisarspor Ba\u015fkan\u0131 H\u00fcseyin Ery\u00fcksel, Asba\u015fkan Ali Kulo\u011flu ve y\u00f6netim kurulu \u00fcyelerinin de kat\u0131l\u0131m\u0131 ile Burhan E\u015fer ile imza t\u00f6reni d\u00fczenlendi. Ye\u015fil-siyahl\u0131larda s\u00f6zle\u015fmesi sona eren Bilal K\u0131sa\u2019n\u0131n tak\u0131mdan ayr\u0131ld\u0131\u011f\u0131 bildirilirken, Eray Atseven, G\u00fcral Vural ve Zeki Yavru \u00f6zel izinli, Miguel Lopes, Serginho, Cikalleshi, Regatten ve Barbossa ise mazeretli izinli oldu\u011fu bildirildi.<\/p>\n<p>Burhan E\u015fer: &#8220;S\u00fcper Lig\u2019e \u00e7\u0131karmak istiyoruz&#8221;<\/p>\n<p>Kendini 2 y\u0131ll\u0131k ye\u015fil-siyahl\u0131 renklere ba\u011flayan imzay\u0131 atan Burhan E\u015fer, \u201c\u00d6ncelikle iki taraf i\u00e7inde hay\u0131rl\u0131s\u0131 olmas\u0131n\u0131 diliyorum. \u0130n\u015fallah g\u00fczel bir sezon ya\u015far\u0131z bu forma alt\u0131nda. \u00c7ok severek isteyerek geldi\u011fim bir kul\u00fcp, uzaktan takip etti\u011fim \u00e7ok samimi bir kul\u00fcp. Ge\u00e7en sene \u00e7ok \u015fanss\u0131z bir \u015fekilde S\u00fcper Lig\u2019den d\u00fc\u015ft\u00fc. \u0130n\u015fallah bu sene tekrar bizimde katk\u0131lar\u0131m\u0131zla hak etti\u011fi yere S\u00fcper Lig\u2019e \u00e7\u0131karmak istiyoruz. Umar\u0131m Allah bize g\u00fc\u00e7 ve kuvvet verir. Biz de Akhisarspor\u2019un formas\u0131 alt\u0131nda g\u00fczel bir sezon ge\u00e7iririz\u201d dedi.<\/p>\n<p>Alt\u0131parmak: &#8220;Tek amac\u0131m\u0131z var, \u015fampiyon olup S\u00fcper Lig\u2019e \u00e7\u0131kmak&#8221;<\/p>\n<p>Ard\u0131ndan saat 19.00\u2019da ba\u015flayan ilk idman \u00f6ncesi bas\u0131n mensuplar\u0131na de\u011ferlendirmelerde bulunan Akhisarspor Teknik Direkt\u00f6r\u00fc Mehmet Alt\u0131parmak, \u201cBir tek amac\u0131m\u0131z var, \u015fampiyon olup S\u00fcper Lig\u2019e \u00e7\u0131kmak. Bizler bunun i\u00e7in buraday\u0131z. Futbolcu arkada\u015flar\u0131m\u0131z bunun i\u00e7in buradalar. Ba\u015fkan\u0131m\u0131zla ki\u015fisel bir g\u00f6r\u00fc\u015fme yapt\u0131ktan sonra hi\u00e7 d\u00fc\u015f\u00fcnmeden Akhisarspor\u2019un teklifini kabul ettim. \u00c7al\u0131\u015fmalar\u0131m\u0131za ba\u015flad\u0131k. Bu son 1 haftal\u0131k s\u00fcre\u00e7te en b\u00fcy\u00fck i\u015fimiz i\u00e7 transfer. Ge\u00e7en seneden olu\u015fmu\u015f bir tak\u0131m var burada. Kalan arkada\u015flar kalacak, arkada\u015flarla ilgili \u00e7al\u0131\u015fmalar yap\u0131yoruz. Baz\u0131 oyuncular gitti, baz\u0131 oyuncularla da birebir g\u00f6r\u00fc\u015fme yapaca\u011f\u0131m. Erzurum kamp\u0131na gidene kadar ilk \u00f6nce yabanc\u0131 oyuncular\u0131 netle\u015ftirece\u011fiz. Kimin kal\u0131p kimin gidece\u011fiyle ilgili. Bu hafta transferler yapmaya ba\u015flad\u0131k yava\u015f yava\u015f. Bug\u00fcn Burhan E\u015fer geldi ona da hay\u0131rl\u0131s\u0131 olsun. 3-4 tane daha oyuncumuz var, g\u00f6r\u00fc\u015f\u00fcyoruz onlarla da. Kul\u00fcpleriyle son i\u015fleri var, onlar\u0131 hallediyorlar. Biz mevkide neresi eksikse onunla alakal\u0131 bir \u00e7al\u0131\u015fma yapt\u0131k. Kimse merak etmesin hem lige hem S\u00fcper Kupa\u2019ya haz\u0131r olaca\u011f\u0131z. \u0130n\u015fallah may\u0131s ay\u0131n sonundaki \u015fampiyonlu\u011fu da hep beraber yakalayaca\u011f\u0131z&#8221; diye konu\u015ftu.<\/p>\n<p>&#8220;\u00d6nemli olan do\u011fru oyuncuyu bulmak&#8221;<\/p>\n<p>Alt\u0131parmak, her sezen sezon ba\u015f\u0131nda her tak\u0131m\u0131n \u015fampiyonlu\u011fa oynad\u0131\u011f\u0131n\u0131 belirterek, &#8220;Bizim ligimizde birlik beraberli\u011fi yakalayan tabii finansal yap\u0131lar\u0131 d\u00fczg\u00fcn \u00f6deyen tak\u0131m \u015fampiyon oluyor. Biz son 2 sezonun \u015fampiyonu olarak hep bunlar\u0131 ya\u015fad\u0131k. Bu sene de bunlar\u0131 yapaca\u011f\u0131z. Zaten finansal a\u00e7\u0131dan bir s\u0131k\u0131nt\u0131s\u0131 yok Akhisarspor\u2019un. \u0130n\u015fallah tak\u0131m olabiliriz. Tek amac\u0131m\u0131z var, \u015fampiyon olup S\u00fcper Lig\u2019e geri \u00e7\u0131kmak. \u015eu anda 3 b\u00f6lgeye daha \u00e7ok ihtiyac\u0131m\u0131z var. Kalan oyuncular\u0131n \u00e7o\u011fu defans oyuncusu. Orta sahada kalan oyuncular da var ge\u00e7en seneden ama \u00f6n b\u00f6lgede hemen hemen hi\u00e7 yok gibi \u015fu anda. \u0130lk \u00e7al\u0131\u015fmalar\u0131m\u0131z \u00f6n tarafa olacak. Ben biraz h\u00fccumcu hocay\u0131md\u0131r. Genelde hep h\u00fccum eden 2 atay\u0131m, 3 atay\u0131m zihniyette hocay\u0131md\u0131r ve \u00e7al\u0131\u015ft\u0131rd\u0131\u011f\u0131m b\u00fct\u00fcn tak\u0131mlarda ligin en \u00e7ok gol atan tak\u0131mlar\u0131 oluyor. Onun i\u00e7in daha \u00f6nde oynayan, \u00f6nde bask\u0131 yapan, gol atan tak\u0131m olu\u015fturmak istiyorum. B\u00fct\u00fcn tak\u0131mlarda bunu yapt\u0131m. \u0130n\u015fallah burada da onu yapaca\u011f\u0131z. Bunun i\u00e7inde \u00f6n taraf\u0131n etkili olmas\u0131 gerekiyor. \u00c7ok oyuncu ile ileti\u015fim halindeyiz ama \u00f6nemli olan do\u011fru oyuncuyu bulmak. Akhisarspor bu ligin marka tak\u0131m\u0131. \u015eu anda herkesin de gelmek istedi\u011fi kul\u00fcp. Biz de transfer yaparken hem kalitesini hem de karakterini d\u00fczg\u00fcn oyuncular\u0131 aram\u0131za kataca\u011f\u0131z\u201d ifadelerini kulland\u0131.<\/p>\n","protected":false},"excerpt":{"rendered":"<p>SPOR TOTO 1. L\u0130G\u0130NCE M\u00dcCADELE VERECEK OLAN AKH\u0130SARSPOR, 2019-2020 SEZONU \u00c7ALI\u015eMALARINA TEKN\u0130K D\u0130REKT\u00d6R MEHMET ALTI PARMAK \u00d6NDERL\u0130\u011e\u0130NDE AKH\u0130SAR BELED\u0130YESPOR YILMAZ ATABARUT TES\u0130SLER\u0130NDE BA\u015eLADI.<\/p>\n","protected":false},"author":1,"featured_media":177506,"comment_status":"closed","ping_status":"open","sticky":false,"template":"","format":"standard","meta":{"jetpack_post_was_ever_published":false,"_jetpack_newsletter_access":"","_jetpack_dont_email_post_to_subs":false,"_jetpack_newsletter_tier_id":0,"_jetpack_memberships_contains_paywalled_content":false,"_jetpack_memberships_contains_paid_content":false,"footnotes":"","jetpack_publicize_message":"","jetpack_publicize_feature_enabled":true,"jetpack_social_post_already_shared":true,"jetpack_social_options":{"image_generator_settings":{"template":"highway","default_image_id":0,"font":"","enabled":false},"version":2}},"categories":[657],"tags":[1284,55,778,4954,87],"class_list":["post-177505","post","type-post","status-publish","format-standard","has-post-thumbnail","hentry","category-spor","tag-akhisarspor","tag-basladi","tag-hazirliklarina","tag-sezon","tag-yeni"],"jetpack_publicize_connections":[],"jetpack_featured_media_url":"https:\/\/i0.wp.com\/www.tvturk.com\/wp-content\/uploads\/2019\/07\/akhisarspor-yeni-sezon-hazirliklarina-basladi_033cf94.jpg?fit=1000%2C666","jetpack_sharing_enabled":true,"jetpack_shortlink":"https:\/\/wp.me\/paKIfm-KaZ","_links":{"self":[{"href":"http:\/\/www.tvturk.com\/index.php\/wp-json\/wp\/v2\/posts\/177505","targetHints":{"allow":["GET"]}}],"collection":[{"href":"http:\/\/www.tvturk.com\/index.php\/wp-json\/wp\/v2\/posts"}],"about":[{"href":"http:\/\/www.tvturk.com\/index.php\/wp-json\/wp\/v2\/types\/post"}],"author":[{"embeddable":true,"href":"http:\/\/www.tvturk.com\/index.php\/wp-json\/wp\/v2\/users\/1"}],"replies":[{"embeddable":true,"href":"http:\/\/www.tvturk.com\/index.php\/wp-json\/wp\/v2\/comments?post=177505"}],"version-history":[{"count":0,"href":"http:\/\/www.tvturk.com\/index.php\/wp-json\/wp\/v2\/posts\/177505\/revisions"}],"wp:featuredmedia":[{"embeddable":true,"href":"http:\/\/www.tvturk.com\/index.php\/wp-json\/wp\/v2\/media\/177506"}],"wp:attachment":[{"href":"http:\/\/www.tvturk.com\/index.php\/wp-json\/wp\/v2\/media?parent=177505"}],"wp:term":[{"taxonomy":"category","embeddable":true,"href":"http:\/\/www.tvturk.com\/index.php\/wp-json\/wp\/v2\/categories?post=177505"},{"taxonomy":"post_tag","embeddable":true,"href":"http:\/\/www.tvturk.com\/index.php\/wp-json\/wp\/v2\/tags?post=177505"}],"curies":[{"name":"wp","href":"https:\/\/api.w.org\/{rel}","templated":true}]}}