{"id":177507,"date":"2019-07-03T21:02:29","date_gmt":"2019-07-03T18:02:29","guid":{"rendered":"http:\/\/www.tvturk.com\/index.php\/trabzonspor-spor-toto-super-lig-cemil-usta-sezonu-hazirliklarina-basladi\/"},"modified":"2019-07-03T21:02:29","modified_gmt":"2019-07-03T18:02:29","slug":"trabzonspor-spor-toto-super-lig-cemil-usta-sezonu-hazirliklarina-basladi","status":"publish","type":"post","link":"http:\/\/www.tvturk.com\/index.php\/trabzonspor-spor-toto-super-lig-cemil-usta-sezonu-hazirliklarina-basladi\/","title":{"rendered":"Trabzonspor, Spor Toto S\u00fcper Lig Cemil Usta Sezonu haz\u0131rl\u0131klar\u0131na ba\u015flad\u0131"},"content":{"rendered":"<p>Trabzonspor, Spor Toto S\u00fcper Lig 2019-2020 Cemil Usta sezonu haz\u0131rl\u0131klar\u0131na bug\u00fcn yapt\u0131\u011f\u0131 antrenmanla ba\u015flad\u0131.<\/p>\n<p>Mehmet Ali Y\u0131lmaz Tesisleri\u2019nde Teknik Direkt\u00f6r \u00dcnal Karaman y\u00f6netiminde 18.30\u2019da Kaptan Cemil (Dozer) Usta Sahas\u0131\u2019nda yap\u0131lan antrenmanda rejenerasyon \u00e7al\u0131\u015fmalar\u0131 ger\u00e7ekle\u015ftirildi. Antrenmanda \u00fclkelerinin milli tak\u0131mlar\u0131nda bulunan Caleb Ekuban ve Obi Mikel\u2019in yan\u0131 s\u0131ra izinli olan Yusuf Yaz\u0131c\u0131, Abdulkadir \u00d6m\u00fcr, U\u011furcan \u00c7ak\u0131r, Filip Novak, Vahid Amiri ve Zargo Toure ile sakat olan Ogenyi Onazi yer almad\u0131. Majid Hosseini ise salonda \u00e7al\u0131\u015fmalar\u0131n\u0131 s\u00fcrd\u00fcrd\u00fc.<\/p>\n<p>Antrenman\u0131n bir b\u00f6l\u00fcm\u00fcn\u00fc Ba\u015fkan Ahmet A\u011fao\u011flu ve y\u00f6netim kurulu \u00fcyelerinin yan\u0131 s\u0131ra T\u00fcrkiye Futbol Federasyonu Y\u00f6netim Kurulu \u00dcyeleri Y\u0131lmaz B\u00fcy\u00fckayd\u0131n ve Mustafa Hac\u0131kerimo\u011flu da takip etti.<\/p>\n<p>Bordo-mavililer, yar\u0131n 10.00\u2019da bas\u0131na ve taraftara kapal\u0131 olarak, 18.00\u2019de ise bas\u0131n mensuplar\u0131na ve taraftara a\u00e7\u0131k olarak yapaca\u011f\u0131 antrenmanlarla haz\u0131rl\u0131klar\u0131n\u0131 s\u00fcrd\u00fcrecek.<\/p>\n","protected":false},"excerpt":{"rendered":"<p>TRABZONSPOR, SPOR TOTO S\u00dcPER L\u0130G 2019-2020 CEM\u0130L USTA SEZONU HAZIRLIKLARINA BUG\u00dcN YAPTI\u011eI ANTRENMANLA BA\u015eLADI.<\/p>\n","protected":false},"author":1,"featured_media":177508,"comment_status":"closed","ping_status":"open","sticky":false,"template":"","format":"standard","meta":{"jetpack_post_was_ever_published":false,"_jetpack_newsletter_access":"","_jetpack_dont_email_post_to_subs":false,"_jetpack_newsletter_tier_id":0,"_jetpack_memberships_contains_paywalled_content":false,"_jetpack_memberships_contains_paid_content":false,"footnotes":"","jetpack_publicize_message":"","jetpack_publicize_feature_enabled":true,"jetpack_social_post_already_shared":true,"jetpack_social_options":{"image_generator_settings":{"template":"highway","default_image_id":0,"font":"","enabled":false},"version":2}},"categories":[657],"tags":[55,5496,778,905,6296,1619,1463,6945,916,1258],"class_list":["post-177507","post","type-post","status-publish","format-standard","has-post-thumbnail","hentry","category-spor","tag-basladi","tag-cemil","tag-hazirliklarina","tag-lig","tag-sezonu","tag-spor","tag-super","tag-toto","tag-trabzonspor","tag-usta"],"jetpack_publicize_connections":[],"jetpack_featured_media_url":"https:\/\/i0.wp.com\/www.tvturk.com\/wp-content\/uploads\/2019\/07\/trabzonspor-spor-toto-super-lig-cemil-usta-sezonu-hazirliklarina-basladi_ab14322.jpg?fit=1000%2C700","jetpack_sharing_enabled":true,"jetpack_shortlink":"https:\/\/wp.me\/paKIfm-Kb1","_links":{"self":[{"href":"http:\/\/www.tvturk.com\/index.php\/wp-json\/wp\/v2\/posts\/177507","targetHints":{"allow":["GET"]}}],"collection":[{"href":"http:\/\/www.tvturk.com\/index.php\/wp-json\/wp\/v2\/posts"}],"about":[{"href":"http:\/\/www.tvturk.com\/index.php\/wp-json\/wp\/v2\/types\/post"}],"author":[{"embeddable":true,"href":"http:\/\/www.tvturk.com\/index.php\/wp-json\/wp\/v2\/users\/1"}],"replies":[{"embeddable":true,"href":"http:\/\/www.tvturk.com\/index.php\/wp-json\/wp\/v2\/comments?post=177507"}],"version-history":[{"count":0,"href":"http:\/\/www.tvturk.com\/index.php\/wp-json\/wp\/v2\/posts\/177507\/revisions"}],"wp:featuredmedia":[{"embeddable":true,"href":"http:\/\/www.tvturk.com\/index.php\/wp-json\/wp\/v2\/media\/177508"}],"wp:attachment":[{"href":"http:\/\/www.tvturk.com\/index.php\/wp-json\/wp\/v2\/media?parent=177507"}],"wp:term":[{"taxonomy":"category","embeddable":true,"href":"http:\/\/www.tvturk.com\/index.php\/wp-json\/wp\/v2\/categories?post=177507"},{"taxonomy":"post_tag","embeddable":true,"href":"http:\/\/www.tvturk.com\/index.php\/wp-json\/wp\/v2\/tags?post=177507"}],"curies":[{"name":"wp","href":"https:\/\/api.w.org\/{rel}","templated":true}]}}