{"id":177509,"date":"2019-07-03T21:16:30","date_gmt":"2019-07-03T18:16:30","guid":{"rendered":"http:\/\/www.tvturk.com\/index.php\/uluslararasi-ogrenciler-mezuniyet-toreni\/"},"modified":"2019-07-03T21:16:30","modified_gmt":"2019-07-03T18:16:30","slug":"uluslararasi-ogrenciler-mezuniyet-toreni","status":"publish","type":"post","link":"http:\/\/www.tvturk.com\/index.php\/uluslararasi-ogrenciler-mezuniyet-toreni\/","title":{"rendered":"Uluslararas\u0131 \u00d6\u011frenciler Mezuniyet T\u00f6reni"},"content":{"rendered":"<p>Yurtd\u0131\u015f\u0131 T\u00fcrkler ve Akraba Topluluklar Ba\u015fkanl\u0131\u011f\u0131 ile T\u00fcrkiye Burslar\u0131 taraf\u0131ndan bu y\u0131l 8\u2019incisi d\u00fczenlenen \u2018Uluslararas\u0131 \u00d6\u011frenciler Mezuniyet T\u00f6reni\u2019 ger\u00e7ekle\u015ftirildi.<\/p>\n<p>Ankara Ticaret Odas\u0131 (ATO) Congresium konferans salonunda d\u00fczenlenen \u20188\u2019inci Uluslararas\u0131 \u00d6\u011frenciler Mezuniyet T\u00f6reni\u2019 T\u00fcrkiye\u2019de e\u011fitim g\u00f6ren ve bu sene lisans ve y\u00fcksek lisans alanlar\u0131nda mezuniyet sevinci ya\u015fayan bin 500 \u00f6\u011frencinin kat\u0131l\u0131m\u0131yla ger\u00e7ekle\u015fti.<\/p>\n<p>ATO Congresium konferans salonunda ger\u00e7ekle\u015ftirilen mezuniyet t\u00f6renine Cumhurba\u015fkan\u0131 Recep Tayyip Erdo\u011fan\u2019\u0131n yan\u0131 s\u0131ra eski Ba\u015fbakan Binali Y\u0131ld\u0131r\u0131m, D\u0131\u015fi\u015fleri Bakan\u0131 Mevl\u00fct \u00c7avu\u015fo\u011flu, K\u00fclt\u00fcr ve Turizm Bakan\u0131 Mehmet Nuri Ersoy, YTB Ba\u015fkan\u0131 Abdullah Eren, Y\u00d6K Ba\u015fkan\u0131 Yekta Sara\u00e7, Yozgat Milletvekili Bekir Bozda\u011f ve \u00fcniversitelerinden mezun olan \u00f6\u011frenciler kat\u0131ld\u0131.<\/p>\n<p>\u201cD\u00fcnya 5\u2019ten b\u00fcy\u00fckt\u00fcr d\u00fcsturunun temsilcilerisiniz\u201d<\/p>\n<p>T\u00fcrkiye\u2019de ald\u0131\u011f\u0131 e\u011fitimlerini tamamlayan \u00f6\u011frencilere hitap eden K\u00fclt\u00fcr ve Turizm Bakan\u0131 Mehmet Nuri Ersoy, \u201cSevgili gen\u00e7ler, ne mutlu sizlere ki T\u00fcrkiye\u2019de alm\u0131\u015f oldu\u011funuz e\u011fitimi tamamlam\u0131\u015f ve mezun olmaya hak kazanm\u0131\u015f bulunuyorsunuz. Evinizden ayr\u0131l\u0131p ba\u015fka bir \u00fclkede mezun olabilmek hi\u00e7 de kolay bir \u015fey de\u011fildir. Bunu ba\u015farabildi\u011finiz i\u00e7in bizler sizlerle iftihar ediyoruz, siz de kendinizle iftihar ediniz. \u00dcniversite mezunu olarak art\u0131k hayat\u0131n bizzat i\u00e7erisinde yer al\u0131yorsunuz. G\u00f6rd\u00fc\u011f\u00fcn\u00fcz dersler, okudu\u011funuz kitaplar, kurdu\u011funuz arkada\u015fl\u0131klar hayata bak\u0131\u015f\u0131n\u0131zda \u00f6nemli bir etken olacak. Sizlerin fark\u0131; sizler en de\u011ferli y\u0131llar\u0131n\u0131zda a\u011f\u0131rl\u0131klar\u0131ndan kurtulan ve yery\u00fcz\u00fcn\u00fcn her noktas\u0131na kanat a\u00e7an T\u00fcrkiye\u2019nin tecr\u00fcbelerine birebir \u015fahit oldunuz. T\u00fcrkiye\u2019nin son y\u0131llardaki bu at\u0131l\u0131mlar\u0131n\u0131n sayesindedir ki bug\u00fcn burada say\u0131s\u0131z \u00fclkeden gelen \u00f6\u011frenciler ayn\u0131 \u00e7at\u0131 alt\u0131nda mezuniyetlerini kutluyorlar. Sizlerin hayat\u0131n\u0131z boyunca unutamayaca\u011f\u0131z an\u0131lar\u0131n\u0131zda bu \u015fekilde yer alabilmek T\u00fcrkiye\u2019nin en \u00f6nemli kazan\u0131mlar\u0131d\u0131r. Mezun olmak, eski T\u00fcrk\u00e7e\u2019de sadece diploma sahibi olmak de\u011fil, ayn\u0131 zamanda bir \u015fey yapmak i\u00e7in izinli olmak anlam\u0131na da gelir. Bir meslek sahibi olman\u0131n, olu\u015fturman\u0131n, yapman\u0131n, in\u015fa etmenin, emek harcaman\u0131n sizler i\u00e7in zaman\u0131 gelmi\u015ftir. T\u00fcrkiye\u2019de e\u011fitim alm\u0131\u015f insanlar olarak, istihdam edilebilme \u015fans\u0131n\u0131z \u015fimdi daha y\u00fcksektir. \u00c7\u00fcnk\u00fc T\u00fcrkiye Burslar\u0131 sizlerin kariyer planlamalar\u0131n\u0131z\u0131n yan\u0131 s\u0131ra \u00fclkelerinizin ihtiya\u00e7lar\u0131n\u0131 da g\u00f6z \u00f6n\u00fcnde bulundurmu\u015f ve sizlere de bu do\u011frultuda burs vermi\u015ftir. \u00dclkenizin; doktor, m\u00fchendis, iktisat\u00e7\u0131, muhasebeci, sanat\u00e7\u0131 ve daha bir\u00e7ok kadrolar\u0131n\u0131 sizler te\u015fkil edeceksiniz. T\u00fcrkiye\u2019de ald\u0131\u011f\u0131n\u0131z e\u011fitimin yan\u0131 s\u0131ra hepinizin T\u00fcrk\u00e7eyi en iyi \u015fekilde \u00f6\u011frendi\u011finizi biliyorum. D\u00fcnyadaki etkinli\u011fi giderek artan T\u00fcrk\u00e7emiz k\u00f6kl\u00fc ve zengin bir dildir. Uluslararas\u0131 bir dil olma \u00f6zelli\u011fiyle de sizlere pek \u00e7ok i\u015f kap\u0131lar\u0131n\u0131 aralayaca\u011f\u0131 inanc\u0131nday\u0131m. Bu ayn\u0131 zamanda T\u00fcrkiye\u2019yle ba\u011flar\u0131n\u0131z\u0131 diri tutman\u0131za ve T\u00fcrkiye\u2019yle \u00fclkeleriniz aras\u0131ndaki m\u00fcnasebetlerine sizlerin de dahil olabilmenizi sa\u011flayacakt\u0131r. Aram\u0131zdaki ileti\u015fimi mezuniyetlerinizden sonras\u0131nda da s\u00fcrd\u00fcrebilmek i\u00e7in bizler elimizden gelen \u00e7abay\u0131 g\u00f6sterece\u011fiz. Yurtd\u0131\u015f\u0131 T\u00fcrkler ve Akraba Topluluklar Ba\u015fkanl\u0131\u011f\u0131 onlarca \u00fclkede ger\u00e7ekle\u015ftirdi\u011fi mezun bulu\u015fmalar\u0131yla T\u00fcrkiye\u2019den mezun olan ancak daha \u00f6nce hi\u00e7 kar\u015f\u0131la\u015fmam\u0131\u015f insanlar\u0131 bir araya getiriyor. Bu da d\u00fcnyan\u0131n neredeyse b\u00fct\u00fcn \u00fclkelerinden sizlerle ayn\u0131 hususi tecr\u00fcbeleri payla\u015fm\u0131\u015f insanlarla k\u00fcresel bir network kurman\u0131z anlam\u0131na geliyor. Bug\u00fcn T\u00fcrkiye\u2019nin sahip oldu\u011fu uluslararas\u0131 g\u00fc\u00e7 ve liderlik vasf\u0131 nefsi i\u00e7in de\u011fil, \u00fclkesi ve milleti i\u00e7in gece g\u00fcnd\u00fcz \u00e7al\u0131\u015fanlar\u0131n eseridir. Cumhurba\u015fkan\u0131m\u0131z\u0131n liderli\u011finde T\u00fcrkiye\u2019nin k\u00fcresel \u00f6l\u00e7ekte y\u00fcr\u00fctt\u00fc\u011f\u00fc insan merkezli politikalar kurtard\u0131\u011f\u0131 ve iyiye, g\u00fczele do\u011fru de\u011fi\u015ftirdi\u011fi milyonlarca hayat\u0131 unutmay\u0131n. Bilin ki; bu de\u011ferlere inand\u0131\u011f\u0131n\u0131z s\u00fcrece kendi \u00fclkenizden ba\u015flayarak siz de bir\u00e7ok hayata dokunabilir, de\u011fi\u015ftirebilirsiniz. Sizler art\u0131k \u2018D\u00fcnya 5\u2019ten b\u00fcy\u00fckt\u00fcr\u2019 d\u00fcsturunun birer temsilcilerisiniz\u201d ifadelerini kulland\u0131.<\/p>\n<p>\u201cT\u00fcrkiye\u2019nin g\u00f6n\u00fcll\u00fc el\u00e7ilerisiniz\u201d<\/p>\n<p>Cumhurba\u015fkan\u0131 Recep Tayyip Erdo\u011fan\u2019\u0131n Ba\u015fbakanl\u0131\u011f\u0131 d\u00f6neminde kurulan Yurtd\u0131\u015f\u0131 T\u00fcrkler ve Akraba Topluluklar\u0131 Ba\u015fkanl\u0131\u011f\u0131, yurtd\u0131\u015f\u0131nda ya\u015fayan T\u00fcrk vatanda\u015flara hizmet \u00fcretmek i\u00e7in kuruldu diyerek s\u00f6zlerine ba\u015flayan YTB Ba\u015fkan\u0131 Abdullah Ercan, \u201cYurtd\u0131\u015f\u0131nda ya\u015fayan vatanda\u015flar\u0131m\u0131za; \u2018Nerede bir vatanda\u015f\u0131m\u0131z varsa nerede bir T\u00fcrk varsa biz oraday\u0131z\u2019 diyerek hizmet \u00fcretmeye \u00e7al\u0131\u015f\u0131yoruz. \u0130kinci faaliyet alan\u0131m\u0131z; soyda\u015f ve akraba topluluklar\u0131na y\u00f6nelik. Her ne kadar bug\u00fcn 784 bin kilometre kare bir vatan topra\u011f\u0131na sahipsek de bizler iyi biliyoruz ki g\u00f6n\u00fcl co\u011frafyas\u0131 diye tabir etti\u011fimiz esas\u0131nda hi\u00e7bir siyasi ve askeri termolojide kar\u015f\u0131l\u0131\u011f\u0131 olmayan, ba\u015fka bir \u00fclkeye de nasip olmayan, T\u00fcrkiye\u2019nin d\u0131\u015f politikas\u0131n\u0131 kurgularken faydaland\u0131\u011f\u0131 bu tabirden bu kavramsalla\u015ft\u0131r\u0131lmadan yola \u00e7\u0131karak hizmet \u00fcretmeye \u00e7al\u0131\u015f\u0131yoruz. Bug\u00fcn buraya gelmemize vesile olan uluslararas\u0131 \u00f6\u011frenci hareketlili\u011fi i\u00e7erisinde de T\u00fcrkiye Burslar\u0131 program\u0131n\u0131 da YTB, 2012 y\u0131l\u0131ndan beri devam ettirmekte. 2012 y\u0131l\u0131nda Yurtd\u0131\u015f\u0131 T\u00fcrkler ve Akraba Topluluklar Ba\u015fkanl\u0131\u011f\u0131,  T\u00fcrkiye Burslar\u0131 program\u0131 g\u00f6revini ald\u0131\u011f\u0131ndan beri Y\u00d6K\u2019le beraber T\u00fcrkiye\u2019deki uluslararas\u0131 \u00f6\u011frenci say\u0131s\u0131n\u0131 ciddi \u015fekilde artt\u0131rd\u0131. Bug\u00fcn T\u00fcrkiye\u2019de 150 bin uluslararas\u0131 \u00f6\u011frenci var. Bunun 16 bini; milletimizin vergileri, devletimizin imkanlar\u0131yla Yurtd\u0131\u015f\u0131 T\u00fcrkler Ba\u015fkanl\u0131\u011f\u0131 organizasyonunda bursland\u0131r\u0131l\u0131yor ve bir k\u0131sm\u0131 bug\u00fcn mezun oluyor. Bu sene 146 bin 600 ba\u015fvuruyla rekor bir ba\u015fvuru say\u0131s\u0131na ula\u015ft\u0131k. Yine YTB, 2012 y\u0131l\u0131ndan itibaren 27 binin \u00fczerinde \u00f6\u011frenciyi de bursland\u0131rm\u0131\u015f durumda. 1992 y\u0131l\u0131ndan itibaren 160 bin mezun \u00f6\u011frencimiz d\u00fcnyan\u0131n d\u00f6rt bir yan\u0131nda hizmet \u00fcretmeye devam ediyor. Bizler bu sene \u00f6\u011frenci kalitemizi artt\u0131rmak ad\u0131na s\u0131nav y\u00f6ntemini geli\u015ftirdik ve Afganistan\u2019da ilk defa y\u00fcz y\u00fcze m\u00fclakat\u0131n yan\u0131 s\u0131ra bir yaz\u0131l\u0131 s\u0131nav yapt\u0131k ve in\u015fallah bu s\u0131nav marifetiyle de \u00f6\u011frenci kalitemizi artt\u0131raca\u011f\u0131z. Uluslararas\u0131 \u00f6\u011frenci hareketlili\u011fi ba\u011flam\u0131nda bu sene bir d\u00fc\u015f\u00fcncemiz de oldu; biz \u00f6\u011frencilerimizi yurtd\u0131\u015f\u0131ndan getiriyoruz elbette ba\u015f\u0131m\u0131z\u0131n \u00fczerinde yerleri var ama \u00fcniversite imkan\u0131 d\u0131\u015f\u0131nda T\u00fcrkiye\u2019ye ili\u015fkin, Anadolu irfan\u0131 dedi\u011fimiz de\u011ferlerin ne kadar\u0131n\u0131 \u00f6\u011frenci karde\u015flerimize veriyoruz d\u00fc\u015f\u00fcncesiyle de Uluslararas\u0131 \u00d6\u011frenci Akademisi projesini hayata ge\u00e7irdik. Bu kapsamda bu sene 4 bin \u00f6\u011frenciyi, \u00f6n\u00fcm\u00fczdeki senelerde de daha fazla \u00f6\u011frenciyi bu akademiye dahil edece\u011fiz. Bu ekosistemin bir par\u00e7as\u0131 olarak d\u00fcnyan\u0131n farkl\u0131 yerlerinde 25 tane mezun derne\u011fi olu\u015fturduk. Bu mezun dernekleri arac\u0131l\u0131\u011f\u0131yla T\u00fcrkiye\u2019den daha \u00f6nce mezun olmu\u015f. Bulunduklar\u0131 b\u00f6lgelerde karar almaya y\u00f6nelik mekanizmalarda aktif bir \u015fekilde yer alan b\u00fcy\u00fcklerimiz ve karde\u015flerimizi de mezun derneklerine dahil ettik. Nitekim bug\u00fcn aram\u0131zda Irak\u2019\u0131n \u0130leti\u015fim Bakan\u0131, Afganistan \u00c7al\u0131\u015fma Bakan, farkl\u0131 \u00fclkelerden i\u015f adamlar\u0131, akademisyenler buradalar. Onlar da program\u0131m\u0131za i\u015ftirak ediyorlar\u201d dedi.<\/p>\n<p>YTB Ba\u015fkan\u0131 Eren, mezun olan \u00f6\u011frencilere \u00e7ok b\u00fcy\u00fck bir emaneti y\u00fckleniyorsunuz ifadelerini kullanarak, \u201cSizler bizlere annelerinizin, babalar\u0131n\u0131z\u0131n, \u00fclkelerinizin ve \u00fclkelerinizin geleceklerinin emanetleri olarak geldiniz. Bizler de bu emanetlere sahip \u00e7\u0131kmaya \u00e7al\u0131\u015ft\u0131k. \u015eimdi T\u00fcrkiye\u2019de e\u011fitiminizi tamamlad\u0131n\u0131z ve \u00fclkelerinize geri d\u00f6neceksiniz. \u00c7ok b\u00fcy\u00fck bir emaneti y\u00fcklenerek \u00fclkelerinize geri d\u00f6neceksiniz. T\u00fcrkiye\u2019nin T\u00fcrkiye\u2019den b\u00fcy\u00fck oldu\u011fu, T\u00fcrkiye\u2019nin d\u00fcnyan\u0131n umudu oldu\u011fu hususunu \u00fclkelerinizde g\u00f6n\u00fcll\u00fc birer el\u00e7ilerimiz olarak devam ettireceksiniz\u201d \u015feklinde konu\u015ftu.<\/p>\n<p>\u201cBiz kendimize iyilik yaparsak T\u00fcrk karde\u015flerimize de iyilik yapm\u0131\u015f olaca\u011f\u0131z\u201d<\/p>\n<p>Mezuniyet t\u00f6reni i\u00e7in salonda bulunan bin 500 T\u00fcrkiye burslusunu vekaleten konu\u015fan Ankara \u00dcniversitesi Tarih B\u00f6l\u00fcm\u00fc mezunu Endonezya vatanda\u015f\u0131 \u0130mam \u015eafi, \u201cOkudu\u011fum b\u00f6l\u00fcm zordu ama elimden geleni yaparak mezun oldum. Osmanl\u0131 tarihine ilgim lise y\u0131llar\u0131nda ald\u0131\u011f\u0131m \u0130slam Medeniyeti ve K\u00fclt\u00fcr Tarihi dersiyle ba\u015flad\u0131. Bu y\u00fczden liseyi bitirdikten sonra T\u00fcrkiye\u2019de tarih okumaya karar verdim. Ba\u015fvuru, m\u00fclakat ve vize i\u015flemleri derken memleketimden Endonezya\u2019n\u0131n ba\u015fkentine her seferinde 30 saatlik bir yolculuk yapt\u0131m. T\u00fcrkiye ile memleketim aras\u0131ndaki mesafe uzak oldu\u011fu i\u00e7in T\u00fcrkiye\u2019ye gelmeden \u00f6nce; \u2018Bismillah\u2019 deyip \u2018lisans e\u011fitimimi bitirmeden geri d\u00f6nmek yok\u2019 niyetiyle yola \u00e7\u0131kt\u0131m. T\u00fcrkiye\u2019ye geldikten sonra yaz aylar\u0131nda memleketime gidemedi\u011fim i\u00e7in ailemden uzak kalman\u0131n \u00fcz\u00fcnt\u00fcs\u00fcn\u00fc ya\u015fad\u0131m. Ancak T\u00fcrkiye Burslar\u0131 b\u00fcy\u00fck bir aileydi ve d\u00fcnyan\u0131n \u00e7e\u015fitli \u00fclkelerinden T\u00fcrkiye\u2019ye okumaya gelen benim gibi ki\u015filerle karde\u015flik ba\u011f\u0131 kurdum, aile olduk. Bizler \u00fclkemiz ve T\u00fcrkiye aras\u0131nda birer tarihi referans oluyoruz. \u00c7\u00fcnk\u00fc biz \u015funu \u00e7ok iyi biliyoruz; biz kendimize iyilik yaparsak T\u00fcrk karde\u015flerimize de iyilik yapm\u0131\u015f olaca\u011f\u0131z\u201d diye konu\u015ftu.<\/p>\n<p>Mezuniyet t\u00f6reninin ard\u0131ndan Cumhurba\u015fkan\u0131 Recep Tayyip Erdo\u011fan, okullar\u0131nda ba\u015far\u0131 g\u00f6stererek b\u00f6l\u00fcmlerini birinci tamamlayan 20 \u00f6\u011frenciyi tek tek tebrik ederek hediyelerini verdi. Cumhurba\u015fkan\u0131 Erdo\u011fan, kep atma t\u00f6renine de kat\u0131larak, \u201cKepleri havaya atmak adettendir. Dikkat edin keplerinizi havada kar\u0131\u015ft\u0131rmay\u0131n\u201d ifadelerini kulland\u0131.<\/p>\n","protected":false},"excerpt":{"rendered":"<p>YTB BA\u015eKANI ABDULLAH ERCAN, CUMHURBA\u015eKANI RECEP TAYY\u0130P ERDO\u011eAN\u2019IN BA\u015eBAKANLI\u011eI D\u00d6NEM\u0130NDE KURULAN YURTDI\u015eI T\u00dcRKLER VE AKRABA TOPLULUKLARI BA\u015eKANLI\u011eI, YURTDI\u015eINDA YA\u015eAYAN T\u00dcRK VATANDA\u015eLARA H\u0130ZMET \u00dcRETMEK \u0130\u00c7\u0130N KURULDU DED\u0130.<\/p>\n","protected":false},"author":1,"featured_media":177510,"comment_status":"closed","ping_status":"open","sticky":false,"template":"","format":"standard","meta":{"jetpack_post_was_ever_published":false,"_jetpack_newsletter_access":"","_jetpack_dont_email_post_to_subs":false,"_jetpack_newsletter_tier_id":0,"_jetpack_memberships_contains_paywalled_content":false,"_jetpack_memberships_contains_paid_content":false,"footnotes":"","jetpack_publicize_message":"","jetpack_publicize_feature_enabled":true,"jetpack_social_post_already_shared":true,"jetpack_social_options":{"image_generator_settings":{"template":"highway","default_image_id":0,"font":"","enabled":false},"version":2}},"categories":[1],"tags":[4839,820,1293,187],"class_list":["post-177509","post","type-post","status-publish","format-standard","has-post-thumbnail","hentry","category-genel","tag-uluslararasi","tag-mezuniyet","tag-ogrenciler","tag-toreni"],"jetpack_publicize_connections":[],"jetpack_featured_media_url":"https:\/\/i0.wp.com\/www.tvturk.com\/wp-content\/uploads\/2019\/07\/uluslararasi-ogrenciler-mezuniyet-toreni_ba68236.jpg?fit=1000%2C687","jetpack_sharing_enabled":true,"jetpack_shortlink":"https:\/\/wp.me\/paKIfm-Kb3","_links":{"self":[{"href":"http:\/\/www.tvturk.com\/index.php\/wp-json\/wp\/v2\/posts\/177509","targetHints":{"allow":["GET"]}}],"collection":[{"href":"http:\/\/www.tvturk.com\/index.php\/wp-json\/wp\/v2\/posts"}],"about":[{"href":"http:\/\/www.tvturk.com\/index.php\/wp-json\/wp\/v2\/types\/post"}],"author":[{"embeddable":true,"href":"http:\/\/www.tvturk.com\/index.php\/wp-json\/wp\/v2\/users\/1"}],"replies":[{"embeddable":true,"href":"http:\/\/www.tvturk.com\/index.php\/wp-json\/wp\/v2\/comments?post=177509"}],"version-history":[{"count":0,"href":"http:\/\/www.tvturk.com\/index.php\/wp-json\/wp\/v2\/posts\/177509\/revisions"}],"wp:featuredmedia":[{"embeddable":true,"href":"http:\/\/www.tvturk.com\/index.php\/wp-json\/wp\/v2\/media\/177510"}],"wp:attachment":[{"href":"http:\/\/www.tvturk.com\/index.php\/wp-json\/wp\/v2\/media?parent=177509"}],"wp:term":[{"taxonomy":"category","embeddable":true,"href":"http:\/\/www.tvturk.com\/index.php\/wp-json\/wp\/v2\/categories?post=177509"},{"taxonomy":"post_tag","embeddable":true,"href":"http:\/\/www.tvturk.com\/index.php\/wp-json\/wp\/v2\/tags?post=177509"}],"curies":[{"name":"wp","href":"https:\/\/api.w.org\/{rel}","templated":true}]}}