{"id":177531,"date":"2019-07-04T09:16:09","date_gmt":"2019-07-04T06:16:09","guid":{"rendered":"http:\/\/www.tvturk.com\/index.php\/osmaniyede-3-bin-yillik-duvar-kabartmasinda-cig-kofte-ve-marul-cikti\/"},"modified":"2019-07-04T09:16:09","modified_gmt":"2019-07-04T06:16:09","slug":"osmaniyede-3-bin-yillik-duvar-kabartmasinda-cig-kofte-ve-marul-cikti","status":"publish","type":"post","link":"http:\/\/www.tvturk.com\/index.php\/osmaniyede-3-bin-yillik-duvar-kabartmasinda-cig-kofte-ve-marul-cikti\/","title":{"rendered":"Osmaniye\u2019de 3 bin y\u0131ll\u0131k duvar kabartmas\u0131nda \u00e7i\u011f k\u00f6fte ve marul \u00e7\u0131kt\u0131"},"content":{"rendered":"<p>\u015eanl\u0131urfa ve Ad\u0131yaman y\u00f6resine ait olarak bilinen \u00e7i\u011f k\u00f6fteye Osmaniye\u2019nin Kadirli il\u00e7esi rakip \u00e7\u0131kt\u0131.<\/p>\n<p>\u00dcnl\u00fc tarih\u00e7i Cezmi Yurtsever, Kadirli il\u00e7esine ba\u011fl\u0131 K\u0131zyusuflu k\u00f6y\u00fcnde bulunan son Hitit \u015fehri olan Karatepe\u2019de 3 bin y\u0131ll\u0131k r\u00f6lyef duvar kabartmas\u0131nda Hitit kral\u0131n\u0131n marul yapra\u011f\u0131 ile birlikte \u00e7i\u011f k\u00f6fte yedi\u011fini iddia ederek, \u201cNe \u015eanl\u0131urfa ne Ad\u0131yaman; \u00e7i\u011f k\u00f6fte 3 bin y\u0131ld\u0131r Kadirli\u2019ye has bir yiyecektir\u201d dedi.<\/p>\n<p>M.\u00d6. 1000\u2019li y\u0131llarda kurulan ve yine M.\u00d6. 68 y\u0131l\u0131nda Asurlular taraf\u0131ndan y\u0131k\u0131lan Karatepe Hitit harabelerinde 3 bin y\u0131ll\u0131k r\u00f6lyef duvar kabartmas\u0131nda Hitit kral\u0131 Asativatas\u2019a sunulan bir ziyafet sahnesinde Hitit kral\u0131n\u0131n \u00e7i\u011f k\u00f6fte ve marul yapra\u011f\u0131 yedi\u011fini belirten tarih\u00e7i Cezmi Yurtsever, \u00e7i\u011f k\u00f6ftenin anavatan\u0131n\u0131n Kadirli il\u00e7esi oldu\u011funu iddia etti. Tarih\u00e7i Yurtsever, Karatepe Aslanta\u015f a\u00e7\u0131k hava m\u00fczesinde krala yemek sahnesinin oldu\u011fu duvar kabartmas\u0131n\u0131 bunun en b\u00fcy\u00fck kan\u0131t\u0131 oldu\u011funu belirterek, \u201c1947 y\u0131l\u0131nda Alman arkeolog Bossert ve yard\u0131mc\u0131s\u0131 Halet \u00c7ambel burada kaz\u0131 yapt\u0131lar. Toprak alt\u0131ndan Hititler d\u00f6nemine ait M.\u00d6. 750\u2019li y\u0131llarda ya\u015fam\u0131\u015f bir krall\u0131\u011f\u0131n \u015fehri ile ilgili \u00e7ok \u00f6nemli ta\u015f eserler ortaya \u00e7\u0131kt\u0131. Onlar i\u00e7erisinde bir eser var ki Hitit Kral\u0131 Asativatas sofras\u0131nda \u00e7i\u011f k\u00f6fte yiyor. Bak\u0131n hepsi burada sofras\u0131nda \u00e7i\u011f k\u00f6fte var, ona yard\u0131m eden u\u015fa\u011f\u0131n\u0131n elinde marul yapra\u011f\u0131 uzat\u0131yor. Dolay\u0131s\u0131yla tarihte \u00e7i\u011f k\u00f6ftenin yap\u0131ld\u0131\u011f\u0131 yer Kadirli Karatepe ve bu co\u011frafya, i\u015fte bu duvar resmi de bunun en b\u00fcy\u00fck kan\u0131t\u0131d\u0131r\u201d dedi.<\/p>\n<p>Son Hitit \u015fehri olan Karatepe Aslanta\u015f Kadirli il\u00e7esine ba\u011fl\u0131 K\u0131zyusuflu k\u00f6y\u00fcnde bulunuyor. Osmaniye \u015fehir merkezine 30 kilometre uzakl\u0131kta bulunan Karatepe Aslanta\u015f Hitit harabeleri, bir taraf\u0131 Hitit hiyeroglif yaz\u0131s\u0131 di\u011fer taraf\u0131 ise Finike \u00e7ivi yaz\u0131s\u0131 ile yaz\u0131lm\u0131\u015f \u00e7ift tarafl\u0131 tabletler sayesinde Hitit hiyeroglif yaz\u0131s\u0131n\u0131n ilk defa \u00e7\u00f6z\u00fcld\u00fc\u011f\u00fc yer olarak d\u00fcnyaca \u00fcn yapm\u0131\u015ft\u0131r.<\/p>\n","protected":false},"excerpt":{"rendered":"<p>\u015eANLIURFA VE ADIYAMAN Y\u00d6RES\u0130NE A\u0130T OLARAK B\u0130L\u0130NEN \u00c7\u0130\u011e K\u00d6FTEYE OSMAN\u0130YE\u2019N\u0130N KAD\u0130RL\u0130 \u0130L\u00c7ES\u0130 RAK\u0130P \u00c7IKTI.<\/p>\n","protected":false},"author":1,"featured_media":177532,"comment_status":"closed","ping_status":"open","sticky":false,"template":"","format":"standard","meta":{"jetpack_post_was_ever_published":false,"_jetpack_newsletter_access":"","_jetpack_dont_email_post_to_subs":false,"_jetpack_newsletter_tier_id":0,"_jetpack_memberships_contains_paywalled_content":false,"_jetpack_memberships_contains_paid_content":false,"footnotes":"","jetpack_publicize_message":"","jetpack_publicize_feature_enabled":true,"jetpack_social_post_already_shared":true,"jetpack_social_options":{"image_generator_settings":{"template":"highway","default_image_id":0,"font":"","enabled":false},"version":2}},"categories":[1],"tags":[213,5654,1202,10509,43427,95,22775,10083,710],"class_list":["post-177531","post","type-post","status-publish","format-standard","has-post-thumbnail","hentry","category-genel","tag-bin","tag-cig","tag-cikti","tag-duvar","tag-kabartmasinda","tag-kofte","tag-marul","tag-osmaniyede","tag-yillik"],"jetpack_publicize_connections":[],"jetpack_featured_media_url":"https:\/\/i0.wp.com\/www.tvturk.com\/wp-content\/uploads\/2019\/07\/osmaniyede-3-bin-yillik-duvar-kabartmasinda-cig-kofte-ve-marul-cikti_c0f8c9d.jpg?fit=1000%2C683","jetpack_sharing_enabled":true,"jetpack_shortlink":"https:\/\/wp.me\/paKIfm-Kbp","_links":{"self":[{"href":"http:\/\/www.tvturk.com\/index.php\/wp-json\/wp\/v2\/posts\/177531","targetHints":{"allow":["GET"]}}],"collection":[{"href":"http:\/\/www.tvturk.com\/index.php\/wp-json\/wp\/v2\/posts"}],"about":[{"href":"http:\/\/www.tvturk.com\/index.php\/wp-json\/wp\/v2\/types\/post"}],"author":[{"embeddable":true,"href":"http:\/\/www.tvturk.com\/index.php\/wp-json\/wp\/v2\/users\/1"}],"replies":[{"embeddable":true,"href":"http:\/\/www.tvturk.com\/index.php\/wp-json\/wp\/v2\/comments?post=177531"}],"version-history":[{"count":0,"href":"http:\/\/www.tvturk.com\/index.php\/wp-json\/wp\/v2\/posts\/177531\/revisions"}],"wp:featuredmedia":[{"embeddable":true,"href":"http:\/\/www.tvturk.com\/index.php\/wp-json\/wp\/v2\/media\/177532"}],"wp:attachment":[{"href":"http:\/\/www.tvturk.com\/index.php\/wp-json\/wp\/v2\/media?parent=177531"}],"wp:term":[{"taxonomy":"category","embeddable":true,"href":"http:\/\/www.tvturk.com\/index.php\/wp-json\/wp\/v2\/categories?post=177531"},{"taxonomy":"post_tag","embeddable":true,"href":"http:\/\/www.tvturk.com\/index.php\/wp-json\/wp\/v2\/tags?post=177531"}],"curies":[{"name":"wp","href":"https:\/\/api.w.org\/{rel}","templated":true}]}}