{"id":177543,"date":"2019-07-04T09:31:37","date_gmt":"2019-07-04T06:31:37","guid":{"rendered":"http:\/\/www.tvturk.com\/index.php\/ozel-haber-ankarada-voleybolcu-fabrikasi\/"},"modified":"2019-07-04T09:31:37","modified_gmt":"2019-07-04T06:31:37","slug":"ozel-haber-ankarada-voleybolcu-fabrikasi","status":"publish","type":"post","link":"http:\/\/www.tvturk.com\/index.php\/ozel-haber-ankarada-voleybolcu-fabrikasi\/","title":{"rendered":"(\u00d6zel Haber) Ankara\u2019da voleybolcu fabrikas\u0131"},"content":{"rendered":"<p>Kad\u0131nlar Voleybol 2. Lig\u2019inde alt yap\u0131s\u0131ndan \u00e7\u0131kartt\u0131\u011f\u0131 sporcular ile m\u00fccadele eden Eryaman Gen\u00e7lik Spor Kul\u00fcb\u00fc (EGS) di\u011fer kul\u00fcplere \u00f6rnek oluyor.<\/p>\n<p>2014 y\u0131l\u0131nda 15 sporcu ile yola \u00e7\u0131kan Eryaman Gen\u00e7lik Spor Kul\u00fcb\u00fc, bug\u00fcn 250 sporcu ile her kategoride A ve B liglerinde toplamda 10 tak\u0131mla m\u00fccadele ediyor. Kul\u00fcp ayr\u0131ca, 2017 y\u0131l\u0131nda basketbol tescilini de alarak U14 ve U16 tak\u0131mlar\u0131 ile alt yap\u0131 ma\u00e7lar\u0131na kat\u0131larak tam bir spor kul\u00fcb\u00fc olma yolunda emin ad\u0131mlarla ilerliyor. Altyap\u0131s\u0131ndan yeti\u015ftirdi\u011fi sporcular ile Kad\u0131nlar Voleybol 2. Ligi\u2019nde m\u00fccadele eden EGS ge\u00e7ti\u011fimiz sezonu 5. s\u0131rada tamamlayan tak\u0131m\u0131n bir \u00e7ok sporcusu ise haftal\u0131k yay\u0131nlanan Alt\u0131n Karma\u2019da yer alma ba\u015far\u0131s\u0131 g\u00f6sterdi. Kul\u00fcb\u00fcn en \u00f6nemli eksi\u011fi ise sponsor deste\u011fi.<\/p>\n<p>Mustafa D\u00fcz: \u201cAmac\u0131m\u0131z Play-Off oynayarak 1. Lige y\u00fckselmek\u201d<\/p>\n<p>\u0130kinci lige 2016 y\u0131l\u0131nda kat\u0131ld\u0131klar\u0131n\u0131 ve altyap\u0131 oyuncular\u0131 ile oynad\u0131klar\u0131n\u0131 vurgulayan Kul\u00fcp Ba\u015fkan\u0131 Mustafa D\u00fcz, \u201c\u0130lk y\u0131l\u0131m\u0131zda ligde kalabildik. Sonra ki sezonlarda derece yapmaya ba\u015flad\u0131k. Ama hedefimiz tabiki de 1. Lig\u2019e \u00e7\u0131kmak. Bunun i\u00e7in de deste\u011fe ihtiyac\u0131m\u0131z var. Bu da bir mali yap\u0131 gerektiriyor. Sponsor gerekiyor. Oyuncular\u0131m\u0131z\u0131n \u00e7o\u011fu \u00fcniversite \u00f6\u011frencisi veya lise \u00f6\u011frencisi ya\u015flar\u0131 k\u00fc\u00e7\u00fck. Onlara te\u015fvik ama\u00e7l\u0131 bir \u015feyler yapabilirsek e\u011fitimleri i\u00e7in daha g\u00fczel olur. Zaten amac\u0131m\u0131z iyi bir nesil yeti\u015ftirebilmek. Gelecek sezon ise amac\u0131m\u0131z play-off oynayarak 1. Lige y\u00fckselmek. Onun \u00e7al\u0131\u015fmas\u0131n\u0131 yap\u0131yoruz. Sponsorluk i\u00e7in giri\u015fimlerimiz oldu ama sonu\u00e7 alamad\u0131k\u201d dedi.<\/p>\n<p>H\u00fclya D\u00fcz: \u201cHedefimiz sa\u011flam karakterli sporcular yeti\u015ftirmek\u201d<\/p>\n<p>Kul\u00fcb\u00fcn koordinat\u00f6r\u00fc ve ba\u015fantren\u00f6r\u00fc olan H\u00fclya D\u00fcz, 2014 y\u0131l\u0131nda kurulduklar\u0131n\u0131 belirterek, \u201cHedefimiz sa\u011flam karakterli sporcular yeti\u015ftirmek. \u0130kinci Lige altyap\u0131 tak\u0131m\u0131m\u0131z la kat\u0131l\u0131yoruz. D\u0131\u015far\u0131dan \u00e7ok oyuncu alm\u0131yoruz. Ekonomik konuda ise kendi imkanlar\u0131m\u0131zla ayaklar\u0131m\u0131z\u0131n \u00fczerinde durmaya \u00e7al\u0131\u015f\u0131yoruz. Velilerimizin yard\u0131mlar\u0131yla. \u00c7\u0131tay\u0131 en y\u00fcksekte tutmaya \u00e7al\u0131\u015f\u0131yoruz. \u0130mkanlar do\u011frultusunda bu \u015fekilde ilerlemeye devam edece\u011fiz\u201d diye konu\u015ftu.<\/p>\n<p>Kul\u00fcb\u00fcn ilk kuruldu\u011funda 15 sporcu ile yola \u00e7\u0131kt\u0131klar\u0131n\u0131 vurgulayan D\u00fcz, \u201d\u015euan 250 sporcuya y\u00fckseldik. Amac\u0131m\u0131z alt yap\u0131dan yeti\u015ftirdi\u011fimiz \u00f6\u011frencilerimizle hedefi y\u00fcksek tutarak 1. Lige y\u00fckselmek. Gelebilece\u011fimiz en son noktaya gelmek. En ba\u015fta kaliteli sporcu yeti\u015ftirmek. Buradaki hedefimiz bu\u201d ifadelerini kulland\u0131.<\/p>\n<p>Bahar G\u00f6k\u00e7e Kaya: \u201cHedeflerimiz her sezon oldu\u011fu gibi b\u00fcy\u00fck\u201d<\/p>\n<p>Eryaman Gen\u00e7lik Spor Kul\u00fcb\u00fc Yard\u0131mc\u0131 Antren\u00f6r\u00fc Bahar G\u00f6k\u00e7e Kaya, 4 sezondur bu kul\u00fcpte oldu\u011funu ifade ederek, \u201c\u00c7ok g\u00fczel deneyimlerim var bu d\u00f6rt sezonda iyisiyle k\u00f6t\u00fcs\u00fcyle. Fakat biz her \u015feyi olumlu olarak alg\u0131l\u0131yoruz. Buradaki sporcularla \u00e7ok g\u00fczel hat\u0131ralar\u0131m\u0131z var. Hedeflerimiz her sezon oldu\u011fu gibi b\u00fcy\u00fck. Bu sezon daha iyi \u015feyler ba\u015farmak istiyoruz. Hedeflerimiz do\u011frultusunda ilerlersek e\u011fer 2019-2020 sezonu bizim i\u00e7in \u00e7ok iyi olacak\u201d dedi.<\/p>\n<p>Altyap\u0131 tak\u0131mlar\u0131n\u0131n da ba\u015fantren\u00f6rl\u00fc\u011f\u00fcn\u00fc yapt\u0131\u011f\u0131n\u0131 s\u00f6yleyen Bahar G\u00f6k\u00e7e, \u201cAlt yap\u0131da g\u00fczel ilerlemelerimiz var. Orada da hedeflerimiz y\u00fcksek. Fakat altyap\u0131da heyecan ve spor co\u015fkusu daha az oluyor. Ama biz bu heyecan\u0131 ve co\u015fkuyu y\u00fcksek tutmaya \u00e7al\u0131\u015f\u0131yoruz. Bunlar\u0131 a\u015f\u0131lamaya \u00e7al\u0131\u015f\u0131yoruz. \u00d6nemli olan bu\u201d \u015feklinde konu\u015ftu.<\/p>\n<p>\u00d6znur Kadam: \u201cHem antren\u00f6rl\u00fck yap\u0131yorum hem oyuncuyum\u201d<\/p>\n<p>Eryaman Gen\u00e7lik Spor Kul\u00fcb\u00fc Kaptan\u0131 olan ve Y\u0131ld\u0131r\u0131m Beyaz\u0131t \u00dcniversitesi\u2019nde Beden E\u011fitimi B\u00f6l\u00fcm\u00fc\u2019nde okuyan \u00d6znur Kadam, \u201cBuraya geleli iki sene oldu fakat uzun y\u0131llard\u0131r burada oynuyormu\u015fum gibi hissediyorum. \u00c7\u00fcnk\u00fc geldi\u011fimde \u00e7ok g\u00fczel birlik ve beraberlik vard\u0131. Ortam \u00e7ok g\u00fczeldi ve \u00e7ok \u00e7abuk al\u0131\u015ft\u0131m. Burada bir tecr\u00fcbe kazand\u0131m ve \u015fu an antren\u00f6r olarak da devam ediyorum. Hem antren\u00f6rl\u00fck yap\u0131yorum hem oyuncuyum. Bu benim i\u00e7in bir avantaj. Ma\u00e7larda \u00e7ok b\u00fcy\u00fck deneyimlerim oldu. Ge\u00e7ti\u011fimiz sezonu 5\u2019inci s\u0131rada bitirdik. Bizim i\u00e7in g\u00fczeli ama daha iyilerini yapabilirdik. Bu senede bunun i\u00e7in \u00e7al\u0131\u015f\u0131yoruz\u201d dedi.<\/p>\n<p>\u201cGalatasaray veya Fenerbah\u00e7e\u2019de de oynamak istiyorum\u201d<\/p>\n<p>Sporda en iyi yerlere gelmek istedi\u011fini vurgulayan Kaptan \u00d6znur Kadam, \u201cAntren\u00f6rl\u00fckte olsun oyunculukta olsun. \u0130kisinde de pes etmeyece\u011fim. Ya\u015f\u0131m ka\u00e7 olursa olsun devam edece\u011fim. \u00c7\u00fcnk\u00fc sporu seviyorum. \u00c7ocuklar\u0131 da seviyorum. O y\u00fczden antren\u00f6rl\u00fc\u011fe de devam edece\u011fim. Milli Tak\u0131ma gitmek istiyorum. Benim i\u00e7in \u00e7ok b\u00fcy\u00fck bir hedef. Buraya ula\u015fmaya \u00e7al\u0131\u015faca\u011f\u0131m. Ayr\u0131ca Galatasaray veya Fenerbah\u00e7e\u2019de de oynamak istiyorum\u201d \u015feklinde konu\u015ftu.<\/p>\n","protected":false},"excerpt":{"rendered":"<p>KADINLAR VOLEYBOL 2. L\u0130G\u2019\u0130NDE, ALT YAPISINDAN \u00c7IKARTTI\u011eI SPORCULAR \u0130LE M\u00dcCADELE EDEN ERYAMAN GEN\u00c7L\u0130K SPOR KUL\u00dcB\u00dc (EGS) D\u0130\u011eER KUL\u00dcPLERE \u00d6RNEK OLUYOR.<\/p>\n","protected":false},"author":1,"featured_media":177544,"comment_status":"closed","ping_status":"open","sticky":false,"template":"","format":"standard","meta":{"jetpack_post_was_ever_published":false,"_jetpack_newsletter_access":"","_jetpack_dont_email_post_to_subs":false,"_jetpack_newsletter_tier_id":0,"_jetpack_memberships_contains_paywalled_content":false,"_jetpack_memberships_contains_paid_content":false,"footnotes":"","jetpack_publicize_message":"","jetpack_publicize_feature_enabled":true,"jetpack_social_post_already_shared":true,"jetpack_social_options":{"image_generator_settings":{"template":"highway","default_image_id":0,"font":"","enabled":false},"version":2}},"categories":[657],"tags":[1073,5444,1188,1545,12217],"class_list":["post-177543","post","type-post","status-publish","format-standard","has-post-thumbnail","hentry","category-spor","tag-ozel","tag-ankarada","tag-fabrikasi","tag-haber","tag-voleybolcu"],"jetpack_publicize_connections":[],"jetpack_featured_media_url":"https:\/\/i0.wp.com\/www.tvturk.com\/wp-content\/uploads\/2019\/07\/ozel-haber-ankarada-voleybolcu-fabrikasi_00279ee.jpg?fit=1000%2C623","jetpack_sharing_enabled":true,"jetpack_shortlink":"https:\/\/wp.me\/paKIfm-KbB","_links":{"self":[{"href":"http:\/\/www.tvturk.com\/index.php\/wp-json\/wp\/v2\/posts\/177543","targetHints":{"allow":["GET"]}}],"collection":[{"href":"http:\/\/www.tvturk.com\/index.php\/wp-json\/wp\/v2\/posts"}],"about":[{"href":"http:\/\/www.tvturk.com\/index.php\/wp-json\/wp\/v2\/types\/post"}],"author":[{"embeddable":true,"href":"http:\/\/www.tvturk.com\/index.php\/wp-json\/wp\/v2\/users\/1"}],"replies":[{"embeddable":true,"href":"http:\/\/www.tvturk.com\/index.php\/wp-json\/wp\/v2\/comments?post=177543"}],"version-history":[{"count":0,"href":"http:\/\/www.tvturk.com\/index.php\/wp-json\/wp\/v2\/posts\/177543\/revisions"}],"wp:featuredmedia":[{"embeddable":true,"href":"http:\/\/www.tvturk.com\/index.php\/wp-json\/wp\/v2\/media\/177544"}],"wp:attachment":[{"href":"http:\/\/www.tvturk.com\/index.php\/wp-json\/wp\/v2\/media?parent=177543"}],"wp:term":[{"taxonomy":"category","embeddable":true,"href":"http:\/\/www.tvturk.com\/index.php\/wp-json\/wp\/v2\/categories?post=177543"},{"taxonomy":"post_tag","embeddable":true,"href":"http:\/\/www.tvturk.com\/index.php\/wp-json\/wp\/v2\/tags?post=177543"}],"curies":[{"name":"wp","href":"https:\/\/api.w.org\/{rel}","templated":true}]}}