{"id":177547,"date":"2019-07-04T09:46:10","date_gmt":"2019-07-04T06:46:10","guid":{"rendered":"http:\/\/www.tvturk.com\/index.php\/dunya-cocuklarini-bursa-giydiriyor\/"},"modified":"2019-07-04T09:46:10","modified_gmt":"2019-07-04T06:46:10","slug":"dunya-cocuklarini-bursa-giydiriyor","status":"publish","type":"post","link":"http:\/\/www.tvturk.com\/index.php\/dunya-cocuklarini-bursa-giydiriyor\/","title":{"rendered":"D\u00fcnya \u00e7ocuklar\u0131n\u0131 Bursa giydiriyor"},"content":{"rendered":"<p>Bursa\u2019n\u0131n Avrupa kalitesinde bebe konfeksiyonu \u00fcretti\u011fini belirten Bebe \u00c7ocuk Konfeksiyonu Sanayici ve \u0130\u015fadamlar\u0131 Derne\u011fi (BEKS\u0130AD) Ba\u015fkan\u0131 \u00d6mer Y\u0131ld\u0131z, \u201cT\u00fcrkiye\u2019nin \u00e7ocuk giyimi ihtiyac\u0131n\u0131n y\u00fczde 80\u2019ini \u00fcreten Bursa firmalar\u0131, \u00fcr\u00fcnlerinin y\u00fczde 60\u2019\u0131n\u0131 ihra\u00e7 ediyor\u201d dedi.<\/p>\n<p>Bebe ve \u00e7ocuk konfeksiyonu sekt\u00f6r\u00fcnde trendleri belirleyen \u00fcr\u00fcnlerin sergilendi\u011fi &#8220;Bursa Uluslararas\u0131 Bebe, \u00c7ocuk Haz\u0131r Giyim ve \u00c7ocuk \u0130htiya\u00e7lar\u0131 Fuar\u0131 Junioshow&#8221; a\u00e7\u0131ld\u0131. Bursa Ticaret ve Sanayi Odas\u0131\u2019n\u0131n katk\u0131lar\u0131yla d\u00fczenlenen fuar i\u00e7in 60 \u00fclkeden binden fazla i\u015f adam\u0131 Bursa\u2019ya geldi. Ge\u00e7en y\u0131la g\u00f6re i\u015ftirak\u00e7i firma say\u0131s\u0131 ve sergileme alan\u0131nda y\u00fczde 35 b\u00fcy\u00fcme kaydeden fuarda 150 firma stant a\u00e7t\u0131. Genellikle Ortado\u011fu\u2019dan gelen al\u0131m heyetlerinin bulundu\u011fu fuara bir\u00e7ok \u00fclkenin ilgi g\u00f6sterdi\u011fi g\u00f6r\u00fcld\u00fc. Sekt\u00f6r\u00fcn heyecanla bekledi\u011fi fuar ile firmalar\u0131n d\u0131\u015f ticaret hacimlerinde \u00f6nemli oranda art\u0131\u015f sa\u011flanaca\u011f\u0131na inand\u0131\u011f\u0131n\u0131 ifade eden BEKS\u0130AD Ba\u015fkan\u0131 \u00d6mer Y\u0131ld\u0131z, \u201cBu fuar\u0131m\u0131za 140 imalat\u00e7\u0131 firmam\u0131z kat\u0131ld\u0131. Bu fuarda ihracat anla\u015fmalar\u0131 yap\u0131l\u0131yor. T\u00fcrkiye\u2019deki \u00e7ocuk giyiminin y\u00fczde 80\u2019i Bursa\u2019da \u00fcretilirken, bu \u00fcretimin ise y\u00fczde 60\u2019\u0131 ihra\u00e7 edilmektedir. Bizim ihracat\u0131m\u0131z dolayl\u0131 toptanc\u0131 \u00fczerinden yap\u0131lmaktad\u0131r. Bursa\u2019da a\u011f\u0131rl\u0131kl\u0131 olarak 0-12 ya\u015f \u00fcretimi yap\u0131lmaktad\u0131r. S\u0131f\u0131r ya\u015f dedi\u011fimiz yeni do\u011fan ve hediyelik e\u015fyada Bursa \u00e7ok iyi. \u00c7\u00fcnk\u00fc do\u011fal \u00fcr\u00fcnler kullanan firmalar\u0131m\u0131z Avrupa\u2019da kendini ispatlad\u0131. Yine 0-12 ya\u015f dedi\u011fimiz konfeksiyon b\u00f6l\u00fcm\u00fcnde Bursa,  Avrupa kalitesinde \u00fcr\u00fcnler \u00fcretmektedir. 60 civar\u0131nda \u00fclkeye mal sat\u0131yoruz. Yani do\u011fudan bat\u0131ya, Afrika\u2019dan kuzeye kadar her kom\u015fumuza mal sat\u0131yoruz. Yeni hedeflerimiz, yeni pazarlar\u0131m\u0131z aras\u0131nda di\u011fer b\u00f6lgeler var\u201d dedi.<\/p>\n<p>\u0130hracat\u0131 geli\u015ftirmek ad\u0131na Ticaret Bakanl\u0131\u011f\u0131 destekli 2 tane (UR-GE) projelerinin oldu\u011funu belirten Y\u0131ld\u0131z, \u201cBir sekt\u00f6rde 2 projeyi ayn\u0131 anda y\u00fcr\u00fct\u00fcyoruz. Bu 2 projede 80 tane firmam\u0131z var. Bu firmalar\u0131m\u0131zla yurtd\u0131\u015f\u0131ndan fuarlar\u0131m\u0131za al\u0131m heyetleri getiriyoruz. Bunlar tabii ki bizim sekt\u00f6r\u00fcm\u00fczde ihracat\u0131 art\u0131ran, tetikleyen unsurlar. Ge\u00e7en y\u0131la nazaran y\u00fczde 15 art\u0131\u015f hedeflemi\u015ftik. Yaz sezonu dedi\u011fimiz y\u0131l\u0131n ilk yar\u0131s\u0131 bu hedefimiz ger\u00e7ekle\u015fti. Bu rakamlarda d\u00f6vizin etkisiyle ufak tefek oynamalar olmu\u015f olabilir, ama genel olarak biz buna yak\u0131n oranlar\u0131n y\u0131l sonunda ger\u00e7ekle\u015fece\u011fini \u00fcmit ediyoruz\u201d dedi.<\/p>\n<p>D\u00fcnyan\u0131n d\u00f6rt bir yan\u0131na ihracat yapan firmalar\u0131n yetkilileri ise, \u201cYapt\u0131\u011f\u0131m\u0131z ihracatta BTSO\u2019nun ve Ekonomi Bakanl\u0131\u011f\u0131\u2019n\u0131n b\u00fcy\u00fck katk\u0131s\u0131 var. Sa\u011f olsunlar onlar\u0131n \u00f6nc\u00fcl\u00fc\u011f\u00fcnde bizler de iyi i\u015fler yap\u0131p d\u00fcnyan\u0131n her yerine Bursa\u2019y\u0131 tan\u0131t\u0131yoruz. Faydal\u0131 \u015firketler olmaya \u00e7al\u0131\u015f\u0131yoruz. Do\u011frudan ve dolayl\u0131 olarak yakla\u015f\u0131k 2 bu\u00e7uk milyon dolar civar\u0131nda firmam\u0131z\u0131n ihracat\u0131 var. \u00dcr\u00fcnleri o \u00fclkenin \u015fartlar\u0131na destek sa\u011flayacak \u015fekilde \u00fcretiyoruz. Mesela Rusya veya di\u011fer \u00fclkelerde bebek do\u011fmadan \u00f6nce yap\u0131lan baby showerlara uygun \u00fcr\u00fcnlerimiz var. Son zamanlarda olduk\u00e7a ra\u011fbet g\u00f6r\u00fcyor. Kulland\u0131\u011f\u0131m\u0131z \u00fcr\u00fcnlerde T\u00fcrkiye\u2019yi temsil etti\u011fimiz i\u00e7in hi\u00e7bir zaman kaliteden taviz vermiyoruz. \u00c7\u00fcnk\u00fc hizmeti yapt\u0131ktan sonra en kaliteli \u015fekilde geri d\u00f6n\u00fc\u015f\u00fcm\u00fcn\u00fc d\u00fc\u015f\u00fcnmekteyiz. Kal\u0131c\u0131 bir \u00fcr\u00fcn haline gelmesi i\u00e7in bu \u00f6nemli bir husustur\u201d diye konu\u015ftu.<\/p>\n","protected":false},"excerpt":{"rendered":"<p>BURSA\u2019NIN AVRUPA KAL\u0130TES\u0130NDE \u00dcR\u00dcNLER \u00dcRETT\u0130\u011e\u0130N\u0130 BEL\u0130RTEN BEBE \u00c7OCUK KONFEKS\u0130YONU SANAY\u0130C\u0130 VE \u0130\u015eADAMLARI DERNE\u011e\u0130 (BEKS\u0130AD) BA\u015eKANI \u00d6MER YILDIZ, \u201cT\u00dcRK\u0130YE\u2019N\u0130N \u00c7OCUK G\u0130Y\u0130M\u0130 \u0130HT\u0130YACININ Y\u00dcZDE 80\u2019\u0130N\u0130 \u00dcRETEN BURSA F\u0130RMALARI, \u00dcR\u00dcNLER\u0130N\u0130N Y\u00dcZDE 60\u2019INI \u0130HRA\u00c7 ED\u0130YOR\u201d DED\u0130.<\/p>\n","protected":false},"author":1,"featured_media":177548,"comment_status":"closed","ping_status":"open","sticky":false,"template":"","format":"standard","meta":{"jetpack_post_was_ever_published":false,"_jetpack_newsletter_access":"","_jetpack_dont_email_post_to_subs":false,"_jetpack_newsletter_tier_id":0,"_jetpack_memberships_contains_paywalled_content":false,"_jetpack_memberships_contains_paid_content":false,"footnotes":"","jetpack_publicize_message":"","jetpack_publicize_feature_enabled":true,"jetpack_social_post_already_shared":true,"jetpack_social_options":{"image_generator_settings":{"template":"highway","default_image_id":0,"font":"","enabled":false},"version":2}},"categories":[19],"tags":[349,4479,7370,43436],"class_list":["post-177547","post","type-post","status-publish","format-standard","has-post-thumbnail","hentry","category-ekonomi","tag-dunya","tag-bursa","tag-cocuklarini","tag-giydiriyor"],"jetpack_publicize_connections":[],"jetpack_featured_media_url":"https:\/\/i0.wp.com\/www.tvturk.com\/wp-content\/uploads\/2019\/07\/dunya-cocuklarini-bursa-giydiriyor_05e1aea.jpg?fit=1000%2C666","jetpack_sharing_enabled":true,"jetpack_shortlink":"https:\/\/wp.me\/paKIfm-KbF","_links":{"self":[{"href":"http:\/\/www.tvturk.com\/index.php\/wp-json\/wp\/v2\/posts\/177547","targetHints":{"allow":["GET"]}}],"collection":[{"href":"http:\/\/www.tvturk.com\/index.php\/wp-json\/wp\/v2\/posts"}],"about":[{"href":"http:\/\/www.tvturk.com\/index.php\/wp-json\/wp\/v2\/types\/post"}],"author":[{"embeddable":true,"href":"http:\/\/www.tvturk.com\/index.php\/wp-json\/wp\/v2\/users\/1"}],"replies":[{"embeddable":true,"href":"http:\/\/www.tvturk.com\/index.php\/wp-json\/wp\/v2\/comments?post=177547"}],"version-history":[{"count":0,"href":"http:\/\/www.tvturk.com\/index.php\/wp-json\/wp\/v2\/posts\/177547\/revisions"}],"wp:featuredmedia":[{"embeddable":true,"href":"http:\/\/www.tvturk.com\/index.php\/wp-json\/wp\/v2\/media\/177548"}],"wp:attachment":[{"href":"http:\/\/www.tvturk.com\/index.php\/wp-json\/wp\/v2\/media?parent=177547"}],"wp:term":[{"taxonomy":"category","embeddable":true,"href":"http:\/\/www.tvturk.com\/index.php\/wp-json\/wp\/v2\/categories?post=177547"},{"taxonomy":"post_tag","embeddable":true,"href":"http:\/\/www.tvturk.com\/index.php\/wp-json\/wp\/v2\/tags?post=177547"}],"curies":[{"name":"wp","href":"https:\/\/api.w.org\/{rel}","templated":true}]}}