{"id":177551,"date":"2019-07-04T09:46:40","date_gmt":"2019-07-04T06:46:40","guid":{"rendered":"http:\/\/www.tvturk.com\/index.php\/ikude-mezuniyet-coskusu\/"},"modified":"2019-07-04T09:46:40","modified_gmt":"2019-07-04T06:46:40","slug":"ikude-mezuniyet-coskusu","status":"publish","type":"post","link":"http:\/\/www.tvturk.com\/index.php\/ikude-mezuniyet-coskusu\/","title":{"rendered":"\u0130K\u00dc\u2019de mezuniyet co\u015fkusu"},"content":{"rendered":"<p>\u0130stanbul K\u00fclt\u00fcr \u00dcniversitesi (\u0130K\u00dc), 2018-2019 Akademik Y\u0131l\u0131 Mezuniyet T\u00f6reni ile mezunlar\u0131n\u0131 gelece\u011fe u\u011furlad\u0131.<\/p>\n<p>\u0130stanbul K\u00fclt\u00fcr \u00dcniversitesi, 2018-2019 akademik y\u0131l\u0131 mezunu 2 bin 500\u2019e yak\u0131n \u00f6\u011frencisi i\u00e7in Sinan Erdem Spor Salonu\u2019nda mezuniyet t\u00f6reni d\u00fczenledi. M\u00fczik dinletisiyle ba\u015flayan renkli t\u00f6rene, \u0130K\u00dc M\u00fctevelli Heyet Ba\u015fkan\u0131 Dr. Bahar Ak\u0131ng\u00fc\u00e7 G\u00fcnver, Rekt\u00f6r Prof. Dr. Erhan G\u00fczel, akademik kadro, \u00f6\u011frenciler ve \u00f6\u011frenci velileri kat\u0131ld\u0131.<\/p>\n<p>\u201cK\u00fclt\u00fcr, sahip oldu\u011funuz en \u00f6nemli g\u00fc\u00e7t\u00fcr\u201d<\/p>\n<p>T\u00f6renin a\u00e7\u0131l\u0131\u015f konu\u015fmas\u0131n\u0131 ger\u00e7ekle\u015ftiren \u0130K\u00dc M\u00fctevelli Heyet Ba\u015fkan\u0131 Dr. Bahar Ak\u0131ng\u00fc\u00e7 G\u00fcnver, konu\u015fmas\u0131nda gen\u00e7lere seslenerek \u015fu ifadelere yer verdi:<\/p>\n<p>\u201cSevgili gen\u00e7ler, ya\u015fam, d\u00fcnyaya katt\u0131\u011f\u0131n\u0131z anlamlar\u0131n toplam\u0131d\u0131r. Bu noktada katt\u0131\u011f\u0131n\u0131z anlamlar\u0131n kalitesinde k\u00fclt\u00fcr\u00fcn\u00fcz belirleyici olacakt\u0131r. K\u00fclt\u00fcr bu ya\u015famda sahip oldu\u011funuz en \u00f6nemli g\u00fc\u00e7t\u00fcr. G\u00fcn olur size \u00f6\u011fretilen bilgiler eskir. Kulland\u0131\u011f\u0131n\u0131z teknolojiler, ilgi alanlar\u0131n\u0131z de\u011fi\u015fir. Payla\u015fmaya emek vermeye, duymaya, dik durabilmeye dair verdi\u011finiz her s\u0131nav bir deneyimdir. D\u00fcnyay\u0131 k\u00f6relten ya da y\u00fccelten insanlard\u0131r. Sizden ricam, iyi insan olmaya dair \u00e7aban\u0131za hi\u00e7bir karanl\u0131k noktan\u0131n etki etmesine izin vermeyin. Unutmay\u0131n ki; bug\u00fcn bir son de\u011fil, asl\u0131nda yeni bir ba\u015flang\u0131\u00e7t\u0131r. \u00d6\u011frenme, yeni bilgiler edinme yolunda okulumuzun kap\u0131s\u0131 her zaman size a\u00e7\u0131k. Umudunuz bol, yolunuz her zaman a\u00e7\u0131k olsun.\u201c<\/p>\n<p>\u201cYa\u015fam ser\u00fcveninizde kendi haritan\u0131z\u0131 haz\u0131rlay\u0131n\u201d<\/p>\n<p>T\u00f6rende ger\u00e7ekle\u015ftirdi\u011fi konu\u015fmas\u0131nda mezun gen\u00e7leri tebrik eden Rekt\u00f6r Prof. Dr. Erhan G\u00fczel, \u201cDe\u011ferli mezunlar\u0131m\u0131z, \u00fcniversitemizin kap\u0131s\u0131ndan i\u00e7eri ad\u0131m att\u0131\u011f\u0131n\u0131z ilk andan mezuniyetinize kadar bir\u00e7ok an\u0131 biriktirdiniz. G\u00fc\u00e7l\u00fc a\u011flarla \u00f6r\u00fclm\u00fc\u015f yeni arkada\u015fl\u0131klar kurdunuz. Yar\u0131ndan itibaren hayata kar\u015f\u0131 duru\u015funuzu sergilemede bu ili\u015fkilerin son derece \u00f6nemli oldu\u011funu g\u00f6receksiniz. \u015eimdi yeni bir ad\u0131m atma zaman\u0131. Hi\u00e7bir \u015feyin size bu ad\u0131m\u0131 atmadan al\u0131koyamayaca\u011f\u0131na eminim. Uzun ve ince bir yoldu. D\u00fcnyadaki ve \u00fclkemizdeki ekonomik, politik ve sosyal s\u00fcre\u00e7ler dikkate al\u0131nd\u0131\u011f\u0131nda s\u00fcrekli g\u00fc\u00e7l\u00fcklerle kar\u015f\u0131la\u015faca\u011f\u0131n\u0131z\u0131, s\u00fcrekli ba\u015far\u0131n\u0131n m\u00fcmk\u00fcn olmayaca\u011f\u0131n\u0131 ve hatta ba\u015far\u0131n\u0131z\u0131n engellenece\u011fini akl\u0131n\u0131zda tutun. Ancak her durumda umutsuzlu\u011fa kap\u0131lmadan, kendinize, bilginize, demokrasiye olan inanc\u0131n\u0131zla, haks\u0131zl\u0131\u011fa kar\u015f\u0131 g\u00f6sterece\u011finiz diren\u00e7le kendiniz, \u00fclkeniz ve d\u00fcnya i\u00e7in en iyisini yapaca\u011f\u0131n\u0131z\u0131 g\u00f6receksiniz. Ya\u015fam ser\u00fcveninizin bundan sonraki ba\u015flang\u0131\u00e7lar\u0131nda ba\u015fkalar\u0131n\u0131n \u00e7izdi\u011fi haritalar\u0131 bir kenara at\u0131n ve kendi haritan\u0131z\u0131 haz\u0131rlay\u0131n. Profesyonel ya\u015fam\u0131n\u0131zda b\u00fcy\u00fck de\u011ferler \u00fcretece\u011finize inan\u0131yorum ve g\u00fcveniyorum. Ald\u0131\u011f\u0131n\u0131z e\u011fitimle bunu ba\u015faracak donan\u0131m\u0131 elde ettiniz. Ulu \u00d6nder Mustafa Kemal Atat\u00fcrk\u2019\u00fcn izinde, topluma ve \u00fclkeye hizmet amac\u0131yla gelece\u011fi kurgulayaca\u011f\u0131n\u0131za olan inanc\u0131m tamd\u0131r.  Hepinize ba\u015far\u0131lar diliyorum\u201d dedi.<\/p>\n<p>\u201cEn b\u00fcy\u00fck hedefim klinik psikolog olmak\u201d<\/p>\n<p>Uluslararas\u0131 Ticaret B\u00f6l\u00fcm\u00fc mezunu ve ayn\u0131 zamanda okul birincisi Uluslararas\u0131 Ticaret B\u00f6l\u00fcm\u00fc \u00f6\u011frencisi Damla \u015eevval Erkent, duygu ve d\u00fc\u015f\u00fcncelerinde \u015fu ifadelere yer verdi:<\/p>\n<p>\u201cB\u00f6l\u00fcm\u00fcmde birinci olmay\u0131 bekliyordum ancak okul birincili\u011fi s\u00fcrpriz oldu.  \u0130\u015f yerinde ald\u0131\u011f\u0131m bir telefonla okul birincisi de oldu\u011fumu \u00f6\u011frendi\u011fim. O an hissetti\u011fim duygu tarif edilemezdi. Bu ba\u015far\u0131y\u0131 elde etmek i\u00e7in \u00e7ok \u00e7al\u0131\u015ft\u0131m. Benim i\u00e7in zorlu bir yolculuktu. G\u00fcnde 15 s\u0131nava girdi\u011fim ve sabahlad\u0131\u011f\u0131m g\u00fcnlerim oldu. Bu s\u00fcre\u00e7te ailem, hocalar\u0131m ve arkada\u015flar\u0131m her zaman en b\u00fcy\u00fck destek\u00e7im oldu. Onlar\u0131n verdi\u011fi motivasyonla ba\u015far\u0131l\u0131 oldum. Nitekim okulu yaln\u0131zca derslerden ibaret bir \u00e7at\u0131 olarak g\u00f6rmedim. Farkl\u0131 d\u00fc\u015f\u00fcncelerden farkl\u0131 bak\u0131\u015f a\u00e7\u0131lar\u0131 \u00f6\u011frendim. Bo\u015f vakitlerimde nas\u0131l dolu dolu ya\u015fayaca\u011f\u0131m\u0131 \u00f6\u011frendim. Staj ve ders a\u00e7\u0131s\u0131ndan \u00e7ok yo\u011fun bir d\u00f6nem ge\u00e7irdim. G\u00f6n\u00fcll\u00fc projelere kat\u0131ld\u0131m. Bunun yan\u0131 s\u0131ra en b\u00fcy\u00fck hedefim psikolog olmakt\u0131. Okulumuzun \u00e7ift anadal program\u0131 sayesinde Psikoloji B\u00f6l\u00fcm\u00fc\u2019ne de girdim. En b\u00fcy\u00fck hedefim klinik psikolog olmak.\u201d<\/p>\n<p>Uluslararas\u0131 Ticaret B\u00f6l\u00fcm\u00fc mezunu bir di\u011fer okul birincisi Mehmet Akg\u00fcn ise, \u201c4 sene \u00f6nce \u00e7\u0131kt\u0131\u011f\u0131m bu yolu ba\u015far\u0131l\u0131 bir \u015fekilde birincilikle bitirdim. Gururluyum,  g\u00fczel duygular hissediyorum. \u00c7ok \u00e7al\u0131\u015ft\u0131m ve ba\u015fard\u0131m. Okul hayat\u0131m boyunca 3 kez staj yapt\u0131m. Mesle\u011fimi se\u00e7mek ve hangi alanda mesle\u011fimi yapaca\u011f\u0131m\u0131 belirlemek i\u00e7in yapt\u0131\u011f\u0131m stajlar \u00e7ok yard\u0131mc\u0131 oldu. \u015eu an \u00e7al\u0131\u015f\u0131yorum. Hedefim mesle\u011fimde iyi bir yere gelip, kendimi geli\u015ftirmek\u201d \u015feklinde konu\u015ftu.<\/p>\n<p>T\u00f6ren, b\u00f6l\u00fcm birincilerine \u00f6d\u00fcllerinin takdimi ve mezunlara diplomalar\u0131n\u0131n verilmesiyle devam etti. Diplomalar\u0131n\u0131n verilmesinin ard\u0131ndan mezuniyet and\u0131n\u0131 okuyan gen\u00e7ler, keplerini co\u015fkuyla havaya atarak t\u00f6reni sonland\u0131rd\u0131.<\/p>\n","protected":false},"excerpt":{"rendered":"<p>\u0130STANBUL K\u00dcLT\u00dcR \u00dcN\u0130VERS\u0130TES\u0130 (\u0130K\u00dc), 2018-2019 AKADEM\u0130K YILI MEZUN\u0130YET T\u00d6REN\u0130 \u0130LE MEZUNLARINI GELECE\u011eE U\u011eURLADI.<\/p>\n","protected":false},"author":1,"featured_media":177552,"comment_status":"closed","ping_status":"open","sticky":false,"template":"","format":"standard","meta":{"jetpack_post_was_ever_published":false,"_jetpack_newsletter_access":"","_jetpack_dont_email_post_to_subs":false,"_jetpack_newsletter_tier_id":0,"_jetpack_memberships_contains_paywalled_content":false,"_jetpack_memberships_contains_paid_content":false,"footnotes":"","jetpack_publicize_message":"","jetpack_publicize_feature_enabled":true,"jetpack_social_post_already_shared":true,"jetpack_social_options":{"image_generator_settings":{"template":"highway","default_image_id":0,"font":"","enabled":false},"version":2}},"categories":[1],"tags":[6596,26482,820],"class_list":["post-177551","post","type-post","status-publish","format-standard","has-post-thumbnail","hentry","category-genel","tag-coskusu","tag-ikude","tag-mezuniyet"],"jetpack_publicize_connections":[],"jetpack_featured_media_url":"https:\/\/i0.wp.com\/www.tvturk.com\/wp-content\/uploads\/2019\/07\/ikude-mezuniyet-coskusu_c101daa.jpg?fit=654%2C354","jetpack_sharing_enabled":true,"jetpack_shortlink":"https:\/\/wp.me\/paKIfm-KbJ","_links":{"self":[{"href":"http:\/\/www.tvturk.com\/index.php\/wp-json\/wp\/v2\/posts\/177551","targetHints":{"allow":["GET"]}}],"collection":[{"href":"http:\/\/www.tvturk.com\/index.php\/wp-json\/wp\/v2\/posts"}],"about":[{"href":"http:\/\/www.tvturk.com\/index.php\/wp-json\/wp\/v2\/types\/post"}],"author":[{"embeddable":true,"href":"http:\/\/www.tvturk.com\/index.php\/wp-json\/wp\/v2\/users\/1"}],"replies":[{"embeddable":true,"href":"http:\/\/www.tvturk.com\/index.php\/wp-json\/wp\/v2\/comments?post=177551"}],"version-history":[{"count":0,"href":"http:\/\/www.tvturk.com\/index.php\/wp-json\/wp\/v2\/posts\/177551\/revisions"}],"wp:featuredmedia":[{"embeddable":true,"href":"http:\/\/www.tvturk.com\/index.php\/wp-json\/wp\/v2\/media\/177552"}],"wp:attachment":[{"href":"http:\/\/www.tvturk.com\/index.php\/wp-json\/wp\/v2\/media?parent=177551"}],"wp:term":[{"taxonomy":"category","embeddable":true,"href":"http:\/\/www.tvturk.com\/index.php\/wp-json\/wp\/v2\/categories?post=177551"},{"taxonomy":"post_tag","embeddable":true,"href":"http:\/\/www.tvturk.com\/index.php\/wp-json\/wp\/v2\/tags?post=177551"}],"curies":[{"name":"wp","href":"https:\/\/api.w.org\/{rel}","templated":true}]}}