{"id":177577,"date":"2019-07-04T10:31:36","date_gmt":"2019-07-04T07:31:36","guid":{"rendered":"http:\/\/www.tvturk.com\/index.php\/elazigda-81-yilin-haziran-ayi-yagis-rekoru-kirildi\/"},"modified":"2019-07-04T10:31:36","modified_gmt":"2019-07-04T07:31:36","slug":"elazigda-81-yilin-haziran-ayi-yagis-rekoru-kirildi","status":"publish","type":"post","link":"http:\/\/www.tvturk.com\/index.php\/elazigda-81-yilin-haziran-ayi-yagis-rekoru-kirildi\/","title":{"rendered":"Elaz\u0131\u011f\u2019da 81 y\u0131l\u0131n Haziran ay\u0131 ya\u011f\u0131\u015f rekoru k\u0131r\u0131ld\u0131"},"content":{"rendered":"<p>Ge\u00e7en ay metrekare ba\u015f\u0131na 55 kilogram ya\u011f\u0131\u015f alan Elaz\u0131\u011f\u2019da 81 y\u0131l\u0131n Haziran ay\u0131 ya\u011f\u0131\u015f rekoru k\u0131r\u0131ld\u0131.<\/p>\n<p>Meteoroloji Genel M\u00fcd\u00fcrl\u00fc\u011f\u00fc verilerine g\u00f6re, Elaz\u0131\u011f\u2019da 1938-2018 y\u0131llar\u0131 aras\u0131ndaki Haziran ay\u0131 toplam ya\u011f\u0131\u015f miktar\u0131 ortalamas\u0131 metrekare ba\u015f\u0131na 12 kilogram iken, en fazla ya\u011f\u0131\u015f 1998\u2019de 53 kilogram olarak \u00f6l\u00e7\u00fcld\u00fc. 2019 y\u0131l\u0131 Haziran ay\u0131nda ise metrekare ba\u015f\u0131na 55,4 kilogram ya\u011f\u0131\u015f d\u00fc\u015ft\u00fc. Bu ya\u011f\u0131\u015f ayn\u0131 zamanda 81 y\u0131l\u0131n en fazla ya\u011f\u0131\u015f\u0131 olarak kay\u0131tlara ge\u00e7ti. Elaz\u0131\u011f\u2019da Haziran ay\u0131 s\u0131cakl\u0131k de\u011ferleri de ortalamalar\u0131n \u00fczerinde meydana geldi. Uzun y\u0131llar Haziran ay\u0131 azami s\u0131cakl\u0131k ortalamas\u0131 29,7 iken, bu y\u0131l 33,6 olarak kaydedildi.<\/p>\n","protected":false},"excerpt":{"rendered":"<p>GE\u00c7EN AY METRE KARE BA\u015eINDA 55 K\u0130LOGRAM YA\u011eI\u015e ALAN ELAZI\u011e\u2019DA,  81 YILIN  HAZ\u0130RAN AYI YA\u011eI\u015e REKORU KIRILDI.<\/p>\n","protected":false},"author":1,"featured_media":177578,"comment_status":"closed","ping_status":"open","sticky":false,"template":"","format":"standard","meta":{"jetpack_post_was_ever_published":false,"_jetpack_newsletter_access":"","_jetpack_dont_email_post_to_subs":false,"_jetpack_newsletter_tier_id":0,"_jetpack_memberships_contains_paywalled_content":false,"_jetpack_memberships_contains_paid_content":false,"footnotes":"","jetpack_publicize_message":"","jetpack_publicize_feature_enabled":true,"jetpack_social_post_already_shared":true,"jetpack_social_options":{"image_generator_settings":{"template":"highway","default_image_id":0,"font":"","enabled":false},"version":2}},"categories":[1],"tags":[5791,345,2479,9558,6268,1577,1798],"class_list":["post-177577","post","type-post","status-publish","format-standard","has-post-thumbnail","hentry","category-genel","tag-haziran","tag-ayi","tag-elazigda","tag-kirildi","tag-rekoru","tag-yagis","tag-yilin"],"jetpack_publicize_connections":[],"jetpack_featured_media_url":"https:\/\/i0.wp.com\/www.tvturk.com\/wp-content\/uploads\/2019\/07\/elazigda-81-yilin-haziran-ayi-yagis-rekoru-kirildi_c1b9512.jpg?fit=1000%2C666","jetpack_sharing_enabled":true,"jetpack_shortlink":"https:\/\/wp.me\/paKIfm-Kc9","_links":{"self":[{"href":"http:\/\/www.tvturk.com\/index.php\/wp-json\/wp\/v2\/posts\/177577","targetHints":{"allow":["GET"]}}],"collection":[{"href":"http:\/\/www.tvturk.com\/index.php\/wp-json\/wp\/v2\/posts"}],"about":[{"href":"http:\/\/www.tvturk.com\/index.php\/wp-json\/wp\/v2\/types\/post"}],"author":[{"embeddable":true,"href":"http:\/\/www.tvturk.com\/index.php\/wp-json\/wp\/v2\/users\/1"}],"replies":[{"embeddable":true,"href":"http:\/\/www.tvturk.com\/index.php\/wp-json\/wp\/v2\/comments?post=177577"}],"version-history":[{"count":0,"href":"http:\/\/www.tvturk.com\/index.php\/wp-json\/wp\/v2\/posts\/177577\/revisions"}],"wp:featuredmedia":[{"embeddable":true,"href":"http:\/\/www.tvturk.com\/index.php\/wp-json\/wp\/v2\/media\/177578"}],"wp:attachment":[{"href":"http:\/\/www.tvturk.com\/index.php\/wp-json\/wp\/v2\/media?parent=177577"}],"wp:term":[{"taxonomy":"category","embeddable":true,"href":"http:\/\/www.tvturk.com\/index.php\/wp-json\/wp\/v2\/categories?post=177577"},{"taxonomy":"post_tag","embeddable":true,"href":"http:\/\/www.tvturk.com\/index.php\/wp-json\/wp\/v2\/tags?post=177577"}],"curies":[{"name":"wp","href":"https:\/\/api.w.org\/{rel}","templated":true}]}}