{"id":177597,"date":"2019-07-04T10:46:35","date_gmt":"2019-07-04T07:46:35","guid":{"rendered":"http:\/\/www.tvturk.com\/index.php\/ozel-isil-isil-ucu-bir-arada\/"},"modified":"2019-07-04T10:46:35","modified_gmt":"2019-07-04T07:46:35","slug":"ozel-isil-isil-ucu-bir-arada","status":"publish","type":"post","link":"http:\/\/www.tvturk.com\/index.php\/ozel-isil-isil-ucu-bir-arada\/","title":{"rendered":"(\u00d6zel) I\u015f\u0131l \u0131\u015f\u0131l \u00fc\u00e7\u00fc bir arada"},"content":{"rendered":"<p>Asya ve Avrupa k\u0131talar\u0131n\u0131 birbirine ba\u011flayan \u0130stanbul\u2019un k\u00f6pr\u00fcleri, gece g\u00f6ky\u00fcz\u00fcnden ayn\u0131 karede \u00e7ekilen g\u00f6r\u00fcnt\u00fcs\u00fc ile kendine hayran b\u0131rakt\u0131. K\u0131rm\u0131z\u0131 ve mavi \u0131\u015f\u0131klar\u0131yla bo\u011faz\u0131 ayd\u0131nlatan k\u00f6pr\u00fcler Bo\u011faz manzaras\u0131na renk katt\u0131.<\/p>\n<p>\u0130stanbul\u2019un simgeleri haline gelen 15 Temmuz \u015eehitler K\u00f6pr\u00fcs\u00fc, Fatih Sultan Mehmet K\u00f6pr\u00fcs\u00fc ve Yavuz Sultan Selim k\u00f6pr\u00fcs\u00fc g\u00f6ky\u00fcz\u00fcnden \u00e7ekilen foto\u011fraflar\u0131 ile kartpostall\u0131k g\u00f6r\u00fcnt\u00fcler olu\u015fturdu. Gece \u00e7ekilen foto\u011frafta \u0130stanbul\u2019u k\u0131rm\u0131z\u0131 ve mavi \u0131\u015f\u0131klar\u0131 ile ayd\u0131nlatan k\u00f6pr\u00fcler e\u015fsiz manzaralar olu\u015fturdu. U\u00e7aktan \u00e7ekilen foto\u011fraflarda \u0131\u015f\u0131l \u0131\u015f\u0131l g\u00f6z\u00fcken \u0130stanbul\u2019da k\u00f6pr\u00fclerin t\u00fcm ihti\u015fam\u0131 g\u00f6zler \u00f6n\u00fcne serildi. Yavuz Sultan Selim K\u00f6pr\u00fcs\u00fc\u2019n\u00fcn tamam\u0131 k\u0131rm\u0131z\u0131 ile ayd\u0131nlat\u0131l\u0131rken, 15 Temmuz \u015eehitler K\u00f6pr\u00fcs\u00fc ve Fatih Sultan Mehmet K\u00f6pr\u00fcs\u00fc ise k\u0131rm\u0131z\u0131 ve mavi renkleri ile ayd\u0131nlat\u0131ld\u0131. \u015eehrin \u0131\u015f\u0131klar\u0131, Karadeniz ve Marmara denizinin manzaras\u0131 e\u015fli\u011finde 3 k\u00f6pr\u00fcn\u00fcn ayn\u0131 karede g\u00f6r\u00fclmesi masals\u0131 g\u00f6r\u00fcnt\u00fcler olu\u015fturdu.<\/p>\n","protected":false},"excerpt":{"rendered":"<p>ASYA VE AVRUPA KITALARINI B\u0130RB\u0130R\u0130NE BA\u011eLAYAN \u0130STANBUL\u2019UN K\u00d6PR\u00dcLER\u0130, GECE G\u00d6KY\u00dcZ\u00dcNDEN AYNI KAREDE \u00c7EK\u0130LEN G\u00d6R\u00dcNT\u00dcS\u00dc \u0130LE KEND\u0130NE HAYRAN BIRAKTI. KIRMIZI VE MAV\u0130 I\u015eIKLARIYLA BO\u011eAZI AYDINLATAN K\u00d6PR\u00dcLER BO\u011eAZ MANZARASINA RENK KATTI.<\/p>\n","protected":false},"author":1,"featured_media":177598,"comment_status":"closed","ping_status":"open","sticky":false,"template":"","format":"standard","meta":{"jetpack_post_was_ever_published":false,"_jetpack_newsletter_access":"","_jetpack_dont_email_post_to_subs":false,"_jetpack_newsletter_tier_id":0,"_jetpack_memberships_contains_paywalled_content":false,"_jetpack_memberships_contains_paid_content":false,"footnotes":"","jetpack_publicize_message":"","jetpack_publicize_feature_enabled":true,"jetpack_social_post_already_shared":true,"jetpack_social_options":{"image_generator_settings":{"template":"highway","default_image_id":0,"font":"","enabled":false},"version":2}},"categories":[1],"tags":[42749,1073,9048,125,1477],"class_list":["post-177597","post","type-post","status-publish","format-standard","has-post-thumbnail","hentry","category-genel","tag-ucu","tag-ozel","tag-arada","tag-bir","tag-isil"],"jetpack_publicize_connections":[],"jetpack_featured_media_url":"https:\/\/i0.wp.com\/www.tvturk.com\/wp-content\/uploads\/2019\/07\/ozel-isil-isil-ucu-bir-arada_ee6f2c3.jpg?fit=1000%2C665","jetpack_sharing_enabled":true,"jetpack_shortlink":"https:\/\/wp.me\/paKIfm-Kct","_links":{"self":[{"href":"http:\/\/www.tvturk.com\/index.php\/wp-json\/wp\/v2\/posts\/177597","targetHints":{"allow":["GET"]}}],"collection":[{"href":"http:\/\/www.tvturk.com\/index.php\/wp-json\/wp\/v2\/posts"}],"about":[{"href":"http:\/\/www.tvturk.com\/index.php\/wp-json\/wp\/v2\/types\/post"}],"author":[{"embeddable":true,"href":"http:\/\/www.tvturk.com\/index.php\/wp-json\/wp\/v2\/users\/1"}],"replies":[{"embeddable":true,"href":"http:\/\/www.tvturk.com\/index.php\/wp-json\/wp\/v2\/comments?post=177597"}],"version-history":[{"count":0,"href":"http:\/\/www.tvturk.com\/index.php\/wp-json\/wp\/v2\/posts\/177597\/revisions"}],"wp:featuredmedia":[{"embeddable":true,"href":"http:\/\/www.tvturk.com\/index.php\/wp-json\/wp\/v2\/media\/177598"}],"wp:attachment":[{"href":"http:\/\/www.tvturk.com\/index.php\/wp-json\/wp\/v2\/media?parent=177597"}],"wp:term":[{"taxonomy":"category","embeddable":true,"href":"http:\/\/www.tvturk.com\/index.php\/wp-json\/wp\/v2\/categories?post=177597"},{"taxonomy":"post_tag","embeddable":true,"href":"http:\/\/www.tvturk.com\/index.php\/wp-json\/wp\/v2\/tags?post=177597"}],"curies":[{"name":"wp","href":"https:\/\/api.w.org\/{rel}","templated":true}]}}