{"id":177603,"date":"2019-07-04T10:47:00","date_gmt":"2019-07-04T07:47:00","guid":{"rendered":"http:\/\/www.tvturk.com\/index.php\/yeni-malatyaspor-yeni-sezon-hazirliklarini-boluda-surdurdu\/"},"modified":"2019-07-04T10:47:00","modified_gmt":"2019-07-04T07:47:00","slug":"yeni-malatyaspor-yeni-sezon-hazirliklarini-boluda-surdurdu","status":"publish","type":"post","link":"http:\/\/www.tvturk.com\/index.php\/yeni-malatyaspor-yeni-sezon-hazirliklarini-boluda-surdurdu\/","title":{"rendered":"Yeni Malatyaspor, yeni sezon haz\u0131rl\u0131klar\u0131n\u0131 Bolu\u2019da s\u00fcrd\u00fcrd\u00fc"},"content":{"rendered":"<p>Yeni Malatyaspor, S\u00fcper Lig\u2019in 2019-2020 sezonu \u00f6ncesinde haz\u0131rl\u0131klar\u0131n\u0131 Bolu\u2019da yapt\u0131\u011f\u0131 \u00e7al\u0131\u015fmalarla s\u00fcrd\u00fcrd\u00fc.<\/p>\n<p>S\u00fcper Lig\u2019in yeni sezonu \u00f6ncesinde Bolu\u2019da kamp yapan Yeni Malatyaspor, haz\u0131rl\u0131klar\u0131n\u0131 s\u00fcrd\u00fcrd\u00fc. Teknik Direkt\u00f6r Sergen Yal\u00e7\u0131n y\u00f6netiminde d\u00fcz ko\u015fu ve \u0131s\u0131nma \u00e7al\u0131\u015fmalar\u0131yla ba\u015flayan \u00e7al\u0131\u015fmalar 5\u2019e2 top kapma antrenman\u0131yla devam etti. Oyuncular\u0131n haz\u0131rl\u0131klar esnas\u0131nda h\u0131rslar\u0131 dikkat \u00e7ekerken, idman\u0131n son b\u00f6l\u00fcm\u00fc ise dar alanda \u00e7ift kale ma\u00e7 ile tamamlad\u0131.<\/p>\n","protected":false},"excerpt":{"rendered":"<p>YEN\u0130 MALATYASPOR, S\u00dcPER L\u0130G\u2019\u0130N 2019-2020 SEZONU \u00d6NCES\u0130NDE HAZIRLIKLARINI BOLU\u2019DA YAPTI\u011eI \u00c7ALI\u015eMALARLA S\u00dcRD\u00dcRD\u00dc.<\/p>\n","protected":false},"author":1,"featured_media":177604,"comment_status":"closed","ping_status":"open","sticky":false,"template":"","format":"standard","meta":{"jetpack_post_was_ever_published":false,"_jetpack_newsletter_access":"","_jetpack_dont_email_post_to_subs":false,"_jetpack_newsletter_tier_id":0,"_jetpack_memberships_contains_paywalled_content":false,"_jetpack_memberships_contains_paid_content":false,"footnotes":"","jetpack_publicize_message":"","jetpack_publicize_feature_enabled":true,"jetpack_social_post_already_shared":true,"jetpack_social_options":{"image_generator_settings":{"template":"highway","default_image_id":0,"font":"","enabled":false},"version":2}},"categories":[657],"tags":[2745,2628,528,4954,2629,87],"class_list":["post-177603","post","type-post","status-publish","format-standard","has-post-thumbnail","hentry","category-spor","tag-boluda","tag-hazirliklarini","tag-malatyaspor","tag-sezon","tag-surdurdu","tag-yeni"],"jetpack_publicize_connections":[],"jetpack_featured_media_url":"https:\/\/i0.wp.com\/www.tvturk.com\/wp-content\/uploads\/2019\/07\/yeni-malatyaspor-yeni-sezon-hazirliklarini-boluda-surdurdu_938fc48.jpg?fit=1000%2C562","jetpack_sharing_enabled":true,"jetpack_shortlink":"https:\/\/wp.me\/paKIfm-Kcz","_links":{"self":[{"href":"http:\/\/www.tvturk.com\/index.php\/wp-json\/wp\/v2\/posts\/177603","targetHints":{"allow":["GET"]}}],"collection":[{"href":"http:\/\/www.tvturk.com\/index.php\/wp-json\/wp\/v2\/posts"}],"about":[{"href":"http:\/\/www.tvturk.com\/index.php\/wp-json\/wp\/v2\/types\/post"}],"author":[{"embeddable":true,"href":"http:\/\/www.tvturk.com\/index.php\/wp-json\/wp\/v2\/users\/1"}],"replies":[{"embeddable":true,"href":"http:\/\/www.tvturk.com\/index.php\/wp-json\/wp\/v2\/comments?post=177603"}],"version-history":[{"count":0,"href":"http:\/\/www.tvturk.com\/index.php\/wp-json\/wp\/v2\/posts\/177603\/revisions"}],"wp:featuredmedia":[{"embeddable":true,"href":"http:\/\/www.tvturk.com\/index.php\/wp-json\/wp\/v2\/media\/177604"}],"wp:attachment":[{"href":"http:\/\/www.tvturk.com\/index.php\/wp-json\/wp\/v2\/media?parent=177603"}],"wp:term":[{"taxonomy":"category","embeddable":true,"href":"http:\/\/www.tvturk.com\/index.php\/wp-json\/wp\/v2\/categories?post=177603"},{"taxonomy":"post_tag","embeddable":true,"href":"http:\/\/www.tvturk.com\/index.php\/wp-json\/wp\/v2\/tags?post=177603"}],"curies":[{"name":"wp","href":"https:\/\/api.w.org\/{rel}","templated":true}]}}