{"id":177623,"date":"2019-07-04T11:16:39","date_gmt":"2019-07-04T08:16:39","guid":{"rendered":"http:\/\/www.tvturk.com\/index.php\/gozaltina-alinan-sucluya-takilan-kelepce-bozuldu-imdada-afad-yetisti\/"},"modified":"2019-07-04T11:16:39","modified_gmt":"2019-07-04T08:16:39","slug":"gozaltina-alinan-sucluya-takilan-kelepce-bozuldu-imdada-afad-yetisti","status":"publish","type":"post","link":"http:\/\/www.tvturk.com\/index.php\/gozaltina-alinan-sucluya-takilan-kelepce-bozuldu-imdada-afad-yetisti\/","title":{"rendered":"G\u00f6zalt\u0131na al\u0131nan su\u00e7luya tak\u0131lan kelep\u00e7e bozuldu imdada AFAD yeti\u015fti"},"content":{"rendered":"<p>Zonguldak\u2019ta, polis ekipleri taraf\u0131ndan g\u00f6zalt\u0131na al\u0131nan \u015f\u00fcpheliye tak\u0131lan kelep\u00e7enin kilidi bozuldu. AFAD  ekipleri yar\u0131m saatlik \u00e7al\u0131\u015fmada kelep\u00e7eyi keserek, \u00e7\u0131kard\u0131.<\/p>\n<p>Edinilen bilgiye g\u00f6re Zonguldak \u0130l Emniyet M\u00fcd\u00fcrl\u00fc\u011f\u00fc ekipleri, i\u015fledi\u011fi su\u00e7 nedeniyle g\u00f6zalt\u0131na al\u0131nan \u015f\u00fcpheli merkeze getirildi. Polis merkezine g\u00f6t\u00fcr\u00fclen \u015f\u00fcphelideki kelep\u00e7e, kilidi bozulunca \u00e7\u0131kar\u0131lamad\u0131. Polis ekipleri uzun u\u011fra\u015flar sonucu kelep\u00e7eyi \u00e7\u0131kartamay\u0131nca AFAD ekiplerinden yard\u0131m istedi. Polis merkezine gelen AFAD g\u00f6revlileri, yar\u0131m saatlik \u00e7al\u0131\u015fmada kelep\u00e7eyi keserek, \u015f\u00fcpheliden \u00e7\u0131kard\u0131.<\/p>\n","protected":false},"excerpt":{"rendered":"<p>ZONGULDAK&#8217;TA, POL\u0130S EK\u0130PLER\u0130 TARAFINDAN G\u00d6ZALTINA ALINAN \u015e\u00dcPHEL\u0130YE TAKILAN KELEP\u00c7EN\u0130N K\u0130L\u0130D\u0130 BOZULDU. AFAD  EK\u0130PLER\u0130 YARIM SAATL\u0130K \u00c7ALI\u015eMADA KELEP\u00c7EY\u0130 KESEREK, \u00c7IKARDI.<\/p>\n","protected":false},"author":1,"featured_media":177624,"comment_status":"closed","ping_status":"open","sticky":false,"template":"","format":"standard","meta":{"jetpack_post_was_ever_published":false,"_jetpack_newsletter_access":"","_jetpack_dont_email_post_to_subs":false,"_jetpack_newsletter_tier_id":0,"_jetpack_memberships_contains_paywalled_content":false,"_jetpack_memberships_contains_paid_content":false,"footnotes":"","jetpack_publicize_message":"","jetpack_publicize_feature_enabled":true,"jetpack_social_post_already_shared":true,"jetpack_social_options":{"image_generator_settings":{"template":"highway","default_image_id":0,"font":"","enabled":false},"version":2}},"categories":[1],"tags":[2382,3422,16638,1013,43471,43470,16591,9380,10135],"class_list":["post-177623","post","type-post","status-publish","format-standard","has-post-thumbnail","hentry","category-genel","tag-afad","tag-alinan","tag-bozuldu","tag-gozaltina","tag-imdada","tag-kelepce","tag-sucluya","tag-takilan","tag-yetisti"],"jetpack_publicize_connections":[],"jetpack_featured_media_url":"https:\/\/i0.wp.com\/www.tvturk.com\/wp-content\/uploads\/2019\/07\/gozaltina-alinan-sucluya-takilan-kelepce-bozuldu-imdada-afad-yetisti_d1da254.jpg?fit=1000%2C561","jetpack_sharing_enabled":true,"jetpack_shortlink":"https:\/\/wp.me\/paKIfm-KcT","_links":{"self":[{"href":"http:\/\/www.tvturk.com\/index.php\/wp-json\/wp\/v2\/posts\/177623","targetHints":{"allow":["GET"]}}],"collection":[{"href":"http:\/\/www.tvturk.com\/index.php\/wp-json\/wp\/v2\/posts"}],"about":[{"href":"http:\/\/www.tvturk.com\/index.php\/wp-json\/wp\/v2\/types\/post"}],"author":[{"embeddable":true,"href":"http:\/\/www.tvturk.com\/index.php\/wp-json\/wp\/v2\/users\/1"}],"replies":[{"embeddable":true,"href":"http:\/\/www.tvturk.com\/index.php\/wp-json\/wp\/v2\/comments?post=177623"}],"version-history":[{"count":0,"href":"http:\/\/www.tvturk.com\/index.php\/wp-json\/wp\/v2\/posts\/177623\/revisions"}],"wp:featuredmedia":[{"embeddable":true,"href":"http:\/\/www.tvturk.com\/index.php\/wp-json\/wp\/v2\/media\/177624"}],"wp:attachment":[{"href":"http:\/\/www.tvturk.com\/index.php\/wp-json\/wp\/v2\/media?parent=177623"}],"wp:term":[{"taxonomy":"category","embeddable":true,"href":"http:\/\/www.tvturk.com\/index.php\/wp-json\/wp\/v2\/categories?post=177623"},{"taxonomy":"post_tag","embeddable":true,"href":"http:\/\/www.tvturk.com\/index.php\/wp-json\/wp\/v2\/tags?post=177623"}],"curies":[{"name":"wp","href":"https:\/\/api.w.org\/{rel}","templated":true}]}}