{"id":177657,"date":"2019-07-04T12:01:44","date_gmt":"2019-07-04T09:01:44","guid":{"rendered":"http:\/\/www.tvturk.com\/index.php\/baskan-akgun-kibrista-bir-isgal-soz-konusu-degildir\/"},"modified":"2019-07-04T12:01:44","modified_gmt":"2019-07-04T09:01:44","slug":"baskan-akgun-kibrista-bir-isgal-soz-konusu-degildir","status":"publish","type":"post","link":"http:\/\/www.tvturk.com\/index.php\/baskan-akgun-kibrista-bir-isgal-soz-konusu-degildir\/","title":{"rendered":"Ba\u015fkan Akg\u00fcn: \u201cK\u0131br\u0131s\u2019ta bir i\u015fgal s\u00f6z konusu de\u011fildir\u201d"},"content":{"rendered":"<p>Oslo\u2019da devam eden Avrupa Konseyi Yerel ve B\u00f6lgesel \u0130zleme Komitesi Toplant\u0131s\u0131\u2019nda konu\u015fan T\u00fcrk Milli Delegasyonu ve \u0130zleme Komitesi \u00dcyesi B\u00fcy\u00fck\u00e7ekmece Belediye Ba\u015fkan\u0131 Dr. Hasan Akg\u00fcn, \u201cK\u0131br\u0131s\u2019ta bir i\u015fgal s\u00f6z konusu de\u011fildir. K\u0131br\u0131s anayasas\u0131ndan do\u011fan garant\u00f6rl\u00fck hakk\u0131yla T\u00fcrkiye K\u0131br\u0131s\u2019ta g\u00f6revini yapm\u0131\u015ft\u0131r\u201d dedi.<\/p>\n<p>T\u00fcrk Milli Delegasyonu ve \u0130zleme Komitesi \u00dcyesi B\u00fcy\u00fck\u00e7ekmece Belediye Ba\u015fkan\u0131 Dr. Hasan Akg\u00fcn, Oslo\u2019da devam eden Avrupa Konseyi Yerel ve B\u00f6lgesel \u0130zleme Komitesi Toplant\u0131s\u0131\u2019nda konu\u015ftu. Ba\u015fkan Akg\u00fcn, Kuzey K\u0131br\u0131s yerel y\u00f6netimleriyle ilgili g\u00fcndem maddeleri g\u00f6r\u00fc\u015f\u00fcl\u00fcrken \u015funlar\u0131 s\u00f6yledi: \u201cK\u0131br\u0131s\u2019ta bir i\u015fgal s\u00f6z konusu de\u011fildir. K\u0131br\u0131s anayasas\u0131ndan do\u011fan garant\u00f6rl\u00fck hakk\u0131yla T\u00fcrkiye K\u0131br\u0131s\u2019ta g\u00f6revini yapm\u0131\u015ft\u0131r. \u0130ki toplumdan olu\u015fan K\u0131br\u0131s Cumhuriyetinde Rum taraf\u0131n\u0131n T\u00fcrk halk\u0131n\u0131 sistematik bir \u015fekilde imha etmeye ba\u015flamas\u0131 1974 bar\u0131\u015f harekat\u0131na sebep olmu\u015ftur. Bizim konumuz bu de\u011fil. Kongrenin esas g\u00f6revi olan yerel y\u00f6netimler \u00f6zerklik \u015fart\u0131na g\u00f6re KKTC belediyelerine katk\u0131 sa\u011flamakt\u0131r.\u201d<\/p>\n<p>Ba\u015fkan Akg\u00fcn\u2019\u00fcn konu\u015fmas\u0131n\u0131n ard\u0131ndan izleme komitesi davet edilmeleri halinde KKTC belediyelerinin geli\u015fimleri i\u00e7in seminerlere yetkili \u00fcyelerin g\u00f6nderilebilece\u011fini s\u00f6yledi.<\/p>\n<p>T\u00fcrkiye Yerel Y\u00f6netimler Se\u00e7im \u0130zleme Raporu de\u011ferlendirildi.<\/p>\n<p>T\u00fcrk Milli Delegasyon \u00fcyesi olan Ba\u015fkan Akg\u00fcn \u0130stanbul\u2019da ger\u00e7ekle\u015fen yerel se\u00e7imler ve T\u00fcrkiye Yerel Y\u00f6netimler Se\u00e7im \u0130zleme Raporu \u00fczerindeki g\u00f6r\u00fc\u015flerini izleme komitesine sunarak ger\u00e7e\u011fe uygun olmayan b\u00f6l\u00fcmlere itirazda bulundu.<\/p>\n","protected":false},"excerpt":{"rendered":"<p>OSLO\u2019DA DEVAM EDEN AVRUPA KONSEY\u0130 YEREL VE B\u00d6LGESEL \u0130ZLEME KOM\u0130TES\u0130 TOPLANTISI\u2019NDA KONU\u015eAN T\u00dcRK M\u0130LL\u0130 DELEGASYONU VE \u0130ZLEME KOM\u0130TES\u0130 \u00dcYES\u0130 B\u00dcY\u00dcK\u00c7EKMECE BELED\u0130YE BA\u015eKANI DR. HASAN AKG\u00dcN, \u201cKIBRIS\u2019TA B\u0130R \u0130\u015eGAL S\u00d6Z KONUSU DE\u011e\u0130LD\u0130R. KIBRIS ANAYASASINDAN DO\u011eAN GARANT\u00d6RL\u00dcK HAKKIYLA T\u00dcRK\u0130YE KIBRIS\u2019TA G\u00d6REV\u0130N\u0130 YAPMI\u015eTIR\u201d DED\u0130.<\/p>\n","protected":false},"author":1,"featured_media":177658,"comment_status":"closed","ping_status":"open","sticky":false,"template":"","format":"standard","meta":{"jetpack_post_was_ever_published":false,"_jetpack_newsletter_access":"","_jetpack_dont_email_post_to_subs":false,"_jetpack_newsletter_tier_id":0,"_jetpack_memberships_contains_paywalled_content":false,"_jetpack_memberships_contains_paid_content":false,"footnotes":"","jetpack_publicize_message":"","jetpack_publicize_feature_enabled":true,"jetpack_social_post_already_shared":true,"jetpack_social_options":{"image_generator_settings":{"template":"highway","default_image_id":0,"font":"","enabled":false},"version":2}},"categories":[1],"tags":[21165,100,125,3932,29710,737,4660,1106],"class_list":["post-177657","post","type-post","status-publish","format-standard","has-post-thumbnail","hentry","category-genel","tag-akgun","tag-baskan","tag-bir","tag-degildir","tag-isgal","tag-kibrista","tag-konusu","tag-soz"],"jetpack_publicize_connections":[],"jetpack_featured_media_url":"https:\/\/i0.wp.com\/www.tvturk.com\/wp-content\/uploads\/2019\/07\/baskan-akgun-kibrista-bir-isgal-soz-konusu-degildir_2a3c144.jpg?fit=1000%2C750","jetpack_sharing_enabled":true,"jetpack_shortlink":"https:\/\/wp.me\/paKIfm-Kdr","_links":{"self":[{"href":"http:\/\/www.tvturk.com\/index.php\/wp-json\/wp\/v2\/posts\/177657","targetHints":{"allow":["GET"]}}],"collection":[{"href":"http:\/\/www.tvturk.com\/index.php\/wp-json\/wp\/v2\/posts"}],"about":[{"href":"http:\/\/www.tvturk.com\/index.php\/wp-json\/wp\/v2\/types\/post"}],"author":[{"embeddable":true,"href":"http:\/\/www.tvturk.com\/index.php\/wp-json\/wp\/v2\/users\/1"}],"replies":[{"embeddable":true,"href":"http:\/\/www.tvturk.com\/index.php\/wp-json\/wp\/v2\/comments?post=177657"}],"version-history":[{"count":0,"href":"http:\/\/www.tvturk.com\/index.php\/wp-json\/wp\/v2\/posts\/177657\/revisions"}],"wp:featuredmedia":[{"embeddable":true,"href":"http:\/\/www.tvturk.com\/index.php\/wp-json\/wp\/v2\/media\/177658"}],"wp:attachment":[{"href":"http:\/\/www.tvturk.com\/index.php\/wp-json\/wp\/v2\/media?parent=177657"}],"wp:term":[{"taxonomy":"category","embeddable":true,"href":"http:\/\/www.tvturk.com\/index.php\/wp-json\/wp\/v2\/categories?post=177657"},{"taxonomy":"post_tag","embeddable":true,"href":"http:\/\/www.tvturk.com\/index.php\/wp-json\/wp\/v2\/tags?post=177657"}],"curies":[{"name":"wp","href":"https:\/\/api.w.org\/{rel}","templated":true}]}}