{"id":177665,"date":"2019-07-04T12:02:16","date_gmt":"2019-07-04T09:02:16","guid":{"rendered":"http:\/\/www.tvturk.com\/index.php\/evkur-yeni-malatyaspora-yayinci-kurulus-freni\/"},"modified":"2019-07-04T12:02:16","modified_gmt":"2019-07-04T09:02:16","slug":"evkur-yeni-malatyaspora-yayinci-kurulus-freni","status":"publish","type":"post","link":"http:\/\/www.tvturk.com\/index.php\/evkur-yeni-malatyaspora-yayinci-kurulus-freni\/","title":{"rendered":"Evkur Yeni Malatyaspor\u2019a yay\u0131nc\u0131 kurulu\u015f freni"},"content":{"rendered":"<p>Evkur Yeni Malatyaspor\u2019da transfer g\u00f6r\u00fc\u015fmeleri yay\u0131nc\u0131 kurulu\u015f ile T\u00fcrkiye Futbol Federasyonu (TFF) aras\u0131ndaki anla\u015fmazl\u0131k nedeniyle i\u00e7in yava\u015flat\u0131lm\u0131\u015f durumda.<\/p>\n<p>Teknik Direkt\u00f6r Sergen Yal\u00e7\u0131n\u2019\u0131 tak\u0131m\u0131n ba\u015f\u0131na getirdikten sonra ilk resmi imzalar\u0131 Konyaspor\u2019dan Fofana ve Jahovic\u2019e att\u0131ran sar\u0131-k\u0131rm\u0131z\u0131l\u0131 y\u00f6netimin transferde kadrosuna katmay\u0131 planlad\u0131\u011f\u0131 isimlerle yapt\u0131\u011f\u0131 g\u00f6r\u00fc\u015fmeleri yava\u015flatma karar\u0131 ald\u0131\u011f\u0131 ifade edildi. Yay\u0131nc\u0131 kurulu\u015fun \u00f6dedi\u011fi \u00fccrette y\u00fczde 35\u2019lik indirim istemesi ve bu durumun kul\u00fcpleri mali a\u00e7\u0131ndan zorlayaca\u011f\u0131 durumunu g\u00f6z \u00f6n\u00fcnde bulunduran Malatya ekibinin ya\u015fanan bu geli\u015fmeden dolay\u0131 transfer g\u00f6r\u00fc\u015fmelerini \u015fimdilik yava\u015flatt\u0131\u011f\u0131 belirtiliyor.<\/p>\n<p>\u00d6te yandan UEFA Avrupa Ligi\u2019ne kat\u0131lacak olmas\u0131ndan dolay\u0131 19 Temmuz\u2019a kadar futbolcu listesini UEFA\u2019ya teslim etmesi gereken sar\u0131-k\u0131rm\u0131z\u0131l\u0131lar\u0131n, bu tarihe kadar en az 4 oyuncuyu daha renklerine ba\u011flamay\u0131 d\u00fc\u015f\u00fcnd\u00fc\u011f\u00fc ifade ediliyor.<\/p>\n<p>Malatyaspor y\u00f6netimi, Kamara\u2019y\u0131 tekrar kiralama d\u00fc\u015f\u00fcncesinden bu oyuncunun y\u00fcksek fiyat\u0131ndan dolay\u0131 vazge\u00e7erken, Guilherme i\u00e7in ise hen\u00fcz bir sonuca varamad\u0131.<\/p>\n<p>Di\u011fer yandan Gen\u00e7lerbirli\u011fi\u2019nden Ahmet O\u011fuz ve Bursaspor\u2019dan Okan Kocuk i\u00e7in ise tekliflerin sunuldu\u011fu muhataplardan gelecek cevaplar\u0131n beklendi\u011fi \u00f6\u011frenildi.<\/p>\n","protected":false},"excerpt":{"rendered":"<p>EVKUR YEN\u0130 MALATYASPOR\u2019DA TRANSFER G\u00d6R\u00dc\u015eMELER\u0130 YAYINCI KURULU\u015e \u0130LE T\u00dcRK\u0130YE FUTBOL FEDERASYONU (TFF) ARASINDAK\u0130 ANLA\u015eMAZLIK NEDEN\u0130YLE \u015eUAN \u0130\u00c7\u0130N YAVA\u015eLATILMI\u015e DURUMDA.<\/p>\n","protected":false},"author":1,"featured_media":177666,"comment_status":"closed","ping_status":"open","sticky":false,"template":"","format":"standard","meta":{"jetpack_post_was_ever_published":false,"_jetpack_newsletter_access":"","_jetpack_dont_email_post_to_subs":false,"_jetpack_newsletter_tier_id":0,"_jetpack_memberships_contains_paywalled_content":false,"_jetpack_memberships_contains_paid_content":false,"footnotes":"","jetpack_publicize_message":"","jetpack_publicize_feature_enabled":true,"jetpack_social_post_already_shared":true,"jetpack_social_options":{"image_generator_settings":{"template":"highway","default_image_id":0,"font":"","enabled":false},"version":2}},"categories":[657],"tags":[14168,2906,4037,3916,43490,87],"class_list":["post-177665","post","type-post","status-publish","format-standard","has-post-thumbnail","hentry","category-spor","tag-evkur","tag-freni","tag-kurulus","tag-malatyaspora","tag-yayinci","tag-yeni"],"jetpack_publicize_connections":[],"jetpack_featured_media_url":"https:\/\/i0.wp.com\/www.tvturk.com\/wp-content\/uploads\/2019\/07\/evkur-yeni-malatyaspora-yayinci-kurulus-freni_a11a198.jpg?fit=1000%2C750","jetpack_sharing_enabled":true,"jetpack_shortlink":"https:\/\/wp.me\/paKIfm-Kdz","_links":{"self":[{"href":"http:\/\/www.tvturk.com\/index.php\/wp-json\/wp\/v2\/posts\/177665","targetHints":{"allow":["GET"]}}],"collection":[{"href":"http:\/\/www.tvturk.com\/index.php\/wp-json\/wp\/v2\/posts"}],"about":[{"href":"http:\/\/www.tvturk.com\/index.php\/wp-json\/wp\/v2\/types\/post"}],"author":[{"embeddable":true,"href":"http:\/\/www.tvturk.com\/index.php\/wp-json\/wp\/v2\/users\/1"}],"replies":[{"embeddable":true,"href":"http:\/\/www.tvturk.com\/index.php\/wp-json\/wp\/v2\/comments?post=177665"}],"version-history":[{"count":0,"href":"http:\/\/www.tvturk.com\/index.php\/wp-json\/wp\/v2\/posts\/177665\/revisions"}],"wp:featuredmedia":[{"embeddable":true,"href":"http:\/\/www.tvturk.com\/index.php\/wp-json\/wp\/v2\/media\/177666"}],"wp:attachment":[{"href":"http:\/\/www.tvturk.com\/index.php\/wp-json\/wp\/v2\/media?parent=177665"}],"wp:term":[{"taxonomy":"category","embeddable":true,"href":"http:\/\/www.tvturk.com\/index.php\/wp-json\/wp\/v2\/categories?post=177665"},{"taxonomy":"post_tag","embeddable":true,"href":"http:\/\/www.tvturk.com\/index.php\/wp-json\/wp\/v2\/tags?post=177665"}],"curies":[{"name":"wp","href":"https:\/\/api.w.org\/{rel}","templated":true}]}}