{"id":177667,"date":"2019-07-04T12:02:20","date_gmt":"2019-07-04T09:02:20","guid":{"rendered":"http:\/\/www.tvturk.com\/index.php\/kasimpasa-yeni-sezon-hazirliklarini-devam-ettirdi\/"},"modified":"2019-07-04T12:02:20","modified_gmt":"2019-07-04T09:02:20","slug":"kasimpasa-yeni-sezon-hazirliklarini-devam-ettirdi","status":"publish","type":"post","link":"http:\/\/www.tvturk.com\/index.php\/kasimpasa-yeni-sezon-hazirliklarini-devam-ettirdi\/","title":{"rendered":"Kas\u0131mpa\u015fa, yeni sezon haz\u0131rl\u0131klar\u0131n\u0131 devam ettirdi"},"content":{"rendered":"<p>Kas\u0131mpa\u015fa, Spor Toto S\u00fcper Lig Cemil Usta sezonu haz\u0131rl\u0131klar\u0131n\u0131 yapt\u0131\u011f\u0131 antrenmanla s\u00fcrd\u00fcrd\u00fc.<\/p>\n<p>Kas\u0131mpa\u015fa, Spor Toto S\u00fcper Lig 2019-2020 sezonu haz\u0131rl\u0131klar\u0131na Kemerburgaz Kas\u0131mpa\u015fa Spor Tesisleri\u2019nde yapt\u0131\u011f\u0131 antrenmanla devam etti. Teknik Direkt\u00f6r Kemal \u00d6zde\u015f y\u00f6netiminde yap\u0131lan antrenman diren\u00e7 egzersizleri ile ba\u015flad\u0131. Lacivert-beyazl\u0131 futbolcular yap\u0131lan pas \u00e7al\u0131\u015fmas\u0131yla idman\u0131 noktalad\u0131.<\/p>\n<p>Antrenmana Afrika Uluslar Kupas\u0131\u2019nda olan Trezeguet\u2019nin yan\u0131 s\u0131ra izinli olan Veysel, Ramazan, \u00d6zg\u00fcr \u00c7ek ve Koita kat\u0131lmad\u0131.<\/p>\n<p>Pa\u015fa, haz\u0131rl\u0131klar\u0131n\u0131 bug\u00fcn 19.00\u2019da yapaca\u011f\u0131 antrenmanla devam ettirecek.<\/p>\n","protected":false},"excerpt":{"rendered":"<p>KASIMPA\u015eA, SPOR TOTO S\u00dcPER L\u0130G CEM\u0130L USTA SEZONU HAZIRLIKLARINI YAPTI\u011eI ANTRENMANLA S\u00dcRD\u00dcRD\u00dc.<\/p>\n","protected":false},"author":1,"featured_media":177668,"comment_status":"closed","ping_status":"open","sticky":false,"template":"","format":"standard","meta":{"jetpack_post_was_ever_published":false,"_jetpack_newsletter_access":"","_jetpack_dont_email_post_to_subs":false,"_jetpack_newsletter_tier_id":0,"_jetpack_memberships_contains_paywalled_content":false,"_jetpack_memberships_contains_paid_content":false,"footnotes":"","jetpack_publicize_message":"","jetpack_publicize_feature_enabled":true,"jetpack_social_post_already_shared":true,"jetpack_social_options":{"image_generator_settings":{"template":"highway","default_image_id":0,"font":"","enabled":false},"version":2}},"categories":[657],"tags":[522,3628,2628,1789,4954,87],"class_list":["post-177667","post","type-post","status-publish","format-standard","has-post-thumbnail","hentry","category-spor","tag-devam","tag-ettirdi","tag-hazirliklarini","tag-kasimpasa","tag-sezon","tag-yeni"],"jetpack_publicize_connections":[],"jetpack_featured_media_url":"https:\/\/i0.wp.com\/www.tvturk.com\/wp-content\/uploads\/2019\/07\/kasimpasa-yeni-sezon-hazirliklarini-devam-ettirdi_c8844ba.jpg?fit=1000%2C666","jetpack_sharing_enabled":true,"jetpack_shortlink":"https:\/\/wp.me\/paKIfm-KdB","_links":{"self":[{"href":"http:\/\/www.tvturk.com\/index.php\/wp-json\/wp\/v2\/posts\/177667","targetHints":{"allow":["GET"]}}],"collection":[{"href":"http:\/\/www.tvturk.com\/index.php\/wp-json\/wp\/v2\/posts"}],"about":[{"href":"http:\/\/www.tvturk.com\/index.php\/wp-json\/wp\/v2\/types\/post"}],"author":[{"embeddable":true,"href":"http:\/\/www.tvturk.com\/index.php\/wp-json\/wp\/v2\/users\/1"}],"replies":[{"embeddable":true,"href":"http:\/\/www.tvturk.com\/index.php\/wp-json\/wp\/v2\/comments?post=177667"}],"version-history":[{"count":0,"href":"http:\/\/www.tvturk.com\/index.php\/wp-json\/wp\/v2\/posts\/177667\/revisions"}],"wp:featuredmedia":[{"embeddable":true,"href":"http:\/\/www.tvturk.com\/index.php\/wp-json\/wp\/v2\/media\/177668"}],"wp:attachment":[{"href":"http:\/\/www.tvturk.com\/index.php\/wp-json\/wp\/v2\/media?parent=177667"}],"wp:term":[{"taxonomy":"category","embeddable":true,"href":"http:\/\/www.tvturk.com\/index.php\/wp-json\/wp\/v2\/categories?post=177667"},{"taxonomy":"post_tag","embeddable":true,"href":"http:\/\/www.tvturk.com\/index.php\/wp-json\/wp\/v2\/tags?post=177667"}],"curies":[{"name":"wp","href":"https:\/\/api.w.org\/{rel}","templated":true}]}}