{"id":177675,"date":"2019-07-04T12:16:52","date_gmt":"2019-07-04T09:16:52","guid":{"rendered":"http:\/\/www.tvturk.com\/index.php\/los-vivancos-coskusu-bursayi-sardi\/"},"modified":"2019-07-04T12:16:52","modified_gmt":"2019-07-04T09:16:52","slug":"los-vivancos-coskusu-bursayi-sardi","status":"publish","type":"post","link":"http:\/\/www.tvturk.com\/index.php\/los-vivancos-coskusu-bursayi-sardi\/","title":{"rendered":"\u2018Los Vivancos\u2019 co\u015fkusu Bursa\u2019y\u0131 sard\u0131"},"content":{"rendered":"<p>Uluslararas\u0131 Bursa Festivali, d\u00fcnyaca \u00fcnl\u00fc \u0130spanyol dans grubu Los Vivancos\u2019u a\u011f\u0131rlad\u0131.<\/p>\n<p>Bursa B\u00fcy\u00fck\u015fehir Belediyesi ad\u0131na Bursa K\u00fclt\u00fcr Sanat ve Turizm Vakf\u0131 (BKSTV) taraf\u0131ndan d\u00fczenlenen \u201858. Uluslararas\u0131 Bursa Festivali\u2019nin co\u015fkusu Los Vivancos ile \u015fehri sard\u0131. Daha \u00f6nce de Bursa\u2019ya gelen ve 5 y\u0131l aradan sonra yeniden festival b\u00fcnyesinde K\u00fclt\u00fcrpark A\u00e7\u0131khava Tiyatrosu\u2019nda sahneye \u00e7\u0131kan dans\u00e7\u0131lar farkl\u0131 bir \u015fova ad\u0131n\u0131 yazd\u0131rd\u0131. Babalar\u0131ndan ald\u0131klar\u0131 ilhamla dans etmeye k\u00fc\u00e7\u00fck ya\u015flarda ba\u015flayan 7 erkek karde\u015fin kurdu\u011fu \u2018Los Vivancos\u2019, \u2018En \u0130yiler &#8211; Best Of\u2019 g\u00f6sterisi ile Bursa\u2019da izleyenlere unutulmaz bir gece ya\u015fatt\u0131.<\/p>\n<p>\u201cE\u011fer \u015fahinin yazg\u0131s\u0131 g\u00f6\u011f\u00fcn en y\u00fckseklerine u\u00e7maksa, bizim yazg\u0131m\u0131z da birlikte dans etmek\u201d slogan\u0131yla yola \u00e7\u0131kan ve d\u00fcnyada milyonlarca ki\u015fiye ula\u015fan \u2018Los Vivancos\u2019, flamenkonun tutkusunu sahneye ta\u015f\u0131d\u0131. Bursa\u2019da sanatseverlerden ilgi g\u00f6ren Los Vivancos, sahne performanslar\u0131yla izleyenleri hayran b\u0131rakt\u0131.<\/p>\n","protected":false},"excerpt":{"rendered":"<p>ULUSLARARASI BURSA FEST\u0130VAL\u0130, D\u00dcNYACA \u00dcNL\u00dc \u0130SPANYOL DANS GRUBU LOS V\u0130VANCOS\u2019U A\u011eIRLADI.<\/p>\n","protected":false},"author":1,"featured_media":177676,"comment_status":"closed","ping_status":"open","sticky":false,"template":"","format":"standard","meta":{"jetpack_post_was_ever_published":false,"_jetpack_newsletter_access":"","_jetpack_dont_email_post_to_subs":false,"_jetpack_newsletter_tier_id":0,"_jetpack_memberships_contains_paywalled_content":false,"_jetpack_memberships_contains_paid_content":false,"footnotes":"","jetpack_publicize_message":"","jetpack_publicize_feature_enabled":true,"jetpack_social_post_already_shared":true,"jetpack_social_options":{"image_generator_settings":{"template":"highway","default_image_id":0,"font":"","enabled":false},"version":2}},"categories":[1],"tags":[9403,6596,18277,27840,43492],"class_list":["post-177675","post","type-post","status-publish","format-standard","has-post-thumbnail","hentry","category-genel","tag-bursayi","tag-coskusu","tag-los","tag-sardi","tag-vivancos"],"jetpack_publicize_connections":[],"jetpack_featured_media_url":"https:\/\/i0.wp.com\/www.tvturk.com\/wp-content\/uploads\/2019\/07\/los-vivancos-coskusu-bursayi-sardi_e96fcc4.jpg?fit=1000%2C613","jetpack_sharing_enabled":true,"jetpack_shortlink":"https:\/\/wp.me\/paKIfm-KdJ","_links":{"self":[{"href":"http:\/\/www.tvturk.com\/index.php\/wp-json\/wp\/v2\/posts\/177675","targetHints":{"allow":["GET"]}}],"collection":[{"href":"http:\/\/www.tvturk.com\/index.php\/wp-json\/wp\/v2\/posts"}],"about":[{"href":"http:\/\/www.tvturk.com\/index.php\/wp-json\/wp\/v2\/types\/post"}],"author":[{"embeddable":true,"href":"http:\/\/www.tvturk.com\/index.php\/wp-json\/wp\/v2\/users\/1"}],"replies":[{"embeddable":true,"href":"http:\/\/www.tvturk.com\/index.php\/wp-json\/wp\/v2\/comments?post=177675"}],"version-history":[{"count":0,"href":"http:\/\/www.tvturk.com\/index.php\/wp-json\/wp\/v2\/posts\/177675\/revisions"}],"wp:featuredmedia":[{"embeddable":true,"href":"http:\/\/www.tvturk.com\/index.php\/wp-json\/wp\/v2\/media\/177676"}],"wp:attachment":[{"href":"http:\/\/www.tvturk.com\/index.php\/wp-json\/wp\/v2\/media?parent=177675"}],"wp:term":[{"taxonomy":"category","embeddable":true,"href":"http:\/\/www.tvturk.com\/index.php\/wp-json\/wp\/v2\/categories?post=177675"},{"taxonomy":"post_tag","embeddable":true,"href":"http:\/\/www.tvturk.com\/index.php\/wp-json\/wp\/v2\/tags?post=177675"}],"curies":[{"name":"wp","href":"https:\/\/api.w.org\/{rel}","templated":true}]}}