{"id":177696,"date":"2019-07-04T12:46:30","date_gmt":"2019-07-04T09:46:30","guid":{"rendered":"http:\/\/www.tvturk.com\/index.php\/iskur-eskisehir-rakamlari-aciklandi\/"},"modified":"2019-07-04T12:46:30","modified_gmt":"2019-07-04T09:46:30","slug":"iskur-eskisehir-rakamlari-aciklandi","status":"publish","type":"post","link":"http:\/\/www.tvturk.com\/index.php\/iskur-eskisehir-rakamlari-aciklandi\/","title":{"rendered":"\u0130\u015eKUR Eski\u015fehir rakamlar\u0131 a\u00e7\u0131kland\u0131"},"content":{"rendered":"<p>\u0130\u015eKUR Eski\u015fehir \u0130l M\u00fcd\u00fcr\u00fc Hasan Yolda\u015f, d\u00fczenlenen bas\u0131n toplant\u0131s\u0131nda kurumsal \u00e7al\u0131\u015fmalar ve devam eden projeler hakk\u0131nda a\u00e7\u0131klamalarda bulundu.<\/p>\n<p>Eski\u015fehir \u00c7al\u0131\u015fma ve \u0130\u015f Kurumu \u0130l M\u00fcd\u00fcrl\u00fc\u011f\u00fc toplant\u0131 salonunda yap\u0131lan bas\u0131n toplant\u0131s\u0131 yakla\u015f\u0131k bir saat s\u00fcrd\u00fc. \u0130l M\u00fcd\u00fcr\u00fc Hasan Yolda\u015f 1 Ocak &#8211; 30 Haziran tarihleri aras\u0131nda yap\u0131lan \u00e7al\u0131\u015fmalar\u0131 ve devam eden projeleri a\u00e7\u0131klad\u0131. Daha sonra 2018 y\u0131l\u0131 harcamalar\u0131n\u0131 payla\u015fan Yolda\u015f, bu y\u0131l ilk defa ba\u015flat\u0131lan Sosyal \u00c7al\u0131\u015fma Program\u0131 hakk\u0131nda da \u00f6nemli a\u00e7\u0131klamalarda bulundu. Toplant\u0131da Eski\u015fehir genelinde i\u015fe ba\u015fvuran ki\u015filerin y\u00fczde 75\u2019inin bir i\u015fe yerle\u015ftirildi\u011fi a\u00e7\u0131klan\u0131rken 8 bin 199 ki\u015fiye de i\u015fsizlik \u00f6dene\u011fi verildi\u011fi belirtildi.<\/p>\n<p>\u201cY\u00fczde 75\u2019i civar\u0131nda adam yerle\u015ftirdi\u011fimiz ortaya \u00e7\u0131k\u0131yor\u201d<\/p>\n<p>12 bin 602 a\u00e7\u0131k i\u015f ilan\u0131ndan 9 bin 290 ki\u015finin \u0130\u015eKUR taraf\u0131ndan i\u015fe yerle\u015ftirildi\u011fini belirten Yolda\u015f, elde edilen rakam\u0131n tatmin edici oldu\u011funu vurgulad\u0131. \u0130l M\u00fcd\u00fcr\u00fc Yolda\u015f, \u201c\u00c7al\u0131\u015fma ve \u0130\u015f Kurumu \u0130l M\u00fcd\u00fcrl\u00fc\u011f\u00fc olarak 1 Ocak\u2019tan itibaren yapm\u0131\u015f oldu\u011fumuz \u00e7al\u0131\u015fmalar\u0131n k\u0131sa bir panoramas\u0131n\u0131 yapmak \u00fczere burada topland\u0131k. 12 bin 602 a\u00e7\u0131k i\u015f ilan\u0131 alm\u0131\u015f\u0131z. Bunlar\u0131n 9 bin 290\u2019\u0131n\u0131 i\u015fe yerle\u015ftirmi\u015fiz. Alm\u0131\u015f oldu\u011fumuz a\u00e7\u0131k i\u015flerin y\u00fczde 75\u2019i civar\u0131nda adam yerle\u015ftirdi\u011fimiz ortaya \u00e7\u0131k\u0131yor. Bizim alamad\u0131\u011f\u0131m\u0131z a\u00e7\u0131k i\u015flerin de var oldu\u011funu s\u00f6yleyebilirim. \u0130\u015fba\u015f\u0131 e\u011fitim program\u0131na kat\u0131l\u0131m say\u0131s\u0131 3 bin 17. Bunlar yeni rakamlar. Mesleki e\u011fitim kursiyer say\u0131m\u0131z 466. Giri\u015fimcilik e\u011fitimi kat\u0131l\u0131mc\u0131 say\u0131s\u0131 574. Toplum Yarar\u0131na \u00c7al\u0131\u015fma Program\u0131 (TYP) kat\u0131l\u0131mc\u0131 say\u0131m\u0131z 3 bin 499. Bunlar\u0131n bir k\u0131sm\u0131 bildi\u011finiz gibi okullarda \u00e7al\u0131\u015fanlar\u0131m\u0131z\u0131n 28 Haziran itibariyle i\u015fleri bitti. Yine bin ki\u015filik bir paketimiz vard\u0131. Onlar\u0131n da 30 Haziran itibariyle i\u015fleri bitti. Ziyaret edilen okul say\u0131m\u0131z 285. Ziyaret edilen i\u015fyeri say\u0131m\u0131z 6 bin 400. Bireysel g\u00f6r\u00fc\u015fmeler ise 63 bin 783\u201d ifadelerini kulland\u0131.<\/p>\n<p>\u201c8 bin 199 ki\u015fiye i\u015fsizlik \u00f6dene\u011fi \u00f6d\u00fcyoruz\u201d<\/p>\n<p>2018 y\u0131l\u0131nda \u00f6denen i\u015fsizlik \u00f6dene\u011finin 45 milyon liralara ula\u015ft\u0131\u011f\u0131n\u0131 a\u00e7\u0131klayan \u0130l M\u00fcd\u00fcr\u00fc Hasan Yolda\u015f, bu paran\u0131n 8 bin 199 ki\u015fiye da\u011f\u0131t\u0131ld\u0131\u011f\u0131n\u0131 belirtti. Yolda\u015f, \u201c2018 y\u0131l\u0131 itibariyle baz\u0131 rakamlar\u0131m\u0131z var. Toplum Yarar\u0131na \u00c7al\u0131\u015fma Program\u0131\u2019nda a\u015fa\u011f\u0131 yukar\u0131 \u00f6demi\u015f oldu\u011fumuz para bu konuyla ilgili tahsis edilen param\u0131z\u0131n y\u00fczde 41\u2019ini olu\u015fturuyor.  51 milyon 61 bin lira gibi bir para. Toplam 3 bin 932 ki\u015fiye da\u011f\u0131t\u0131lm\u0131\u015f. \u0130\u015fba\u015f\u0131 e\u011fitim programlar\u0131na 4 bin 466 ki\u015fi kat\u0131lm\u0131\u015f. Bunlara yakla\u015f\u0131k 24 milyon lira gibi bir para \u00f6demi\u015fiz. Meslek edindirme kurslar\u0131na 987 ki\u015fi kat\u0131lm\u0131\u015f. Bunlara 4 milyon 644 bin lira gibi bir para \u00f6denmi\u015f. \u0130\u015fsizlik \u00f6dene\u011fi bu sene bildi\u011finiz gibi olduk\u00e7a y\u00fcksek bir rakama geldi. 8 bin 199 ki\u015fiye i\u015fsizlik \u00f6dene\u011fi \u00f6d\u00fcyoruz. Bu da ge\u00e7en seneki y\u0131l\u0131n neredeyse bir y\u0131ll\u0131k s\u00fcreyle verilen rakam 44 milyon 861 bin lira. Giri\u015fimcilik kurslar\u0131na bin 500 ki\u015fi kat\u0131lm\u0131\u015f. 288 bin lira verdik. \u00c7al\u0131\u015fanlar\u0131n mesleki e\u011fitimi ile ilgili 346 ki\u015fiye verilen cep har\u00e7l\u0131\u011f\u0131 niteli\u011finde 22 bin 842 lira \u00f6denmi\u015f\u201d dedi.<\/p>\n<p>\u201cEmeklili\u011fe say\u0131labilecek sigortalar\u0131 da yap\u0131lacak\u201d<\/p>\n<p>Bu y\u0131l ilk kez uygulanan bir proje olan Sosyal \u00c7al\u0131\u015fma Program\u0131\u2019n\u0131n ba\u015fvurular\u0131n\u0131n sona erdi\u011fini ve kat\u0131lacak ki\u015filerin bug\u00fcn kura ile belirlendi\u011fini ifade eden \u0130\u015eKUR Eski\u015fehir \u0130l M\u00fcd\u00fcr\u00fc Hasan Yolda\u015f, \u201c\u00c7ok \u00fczerinde durulmas\u0131 gereken bir Sosyal \u00c7al\u0131\u015fma Program\u0131 var. Bildi\u011finiz gibi bu sene ilk defa uygulanan bir proje bu. 2 y\u0131ll\u0131k ve 4 y\u0131ll\u0131k fak\u00fclte mezunlar\u0131, okullara devam eden \u00f6\u011frencilerimiz, y\u00fcksek lisans, doktora ve b\u00fct\u00fcnlemeye kalm\u0131\u015f \u00f6\u011frencilerimizin d\u0131\u015f\u0131ndakilerin m\u00fcracatlar\u0131 ge\u00e7en hafta i\u00e7erisinde al\u0131nd\u0131. Bu m\u00fcracaatlar\u0131 al\u0131nan arkada\u015flar 3 kurumu tercih ettiler. Bu tercihleri sonucunda \u015fimdi Ankara\u2019da bilgisayar ortam\u0131nda kura \u00e7ekiliyor. Bu kuradan \u00e7\u0131kan arkada\u015flar yedekleri ile birlikte bize bildirilecek. 10 Temmuz itibariyle in\u015fallah i\u015fe ba\u015flataca\u011f\u0131z. Bu arkada\u015flar\u0131m\u0131z haftada 3 g\u00fcn, genelde pazartesi, sal\u0131 ve \u00e7ar\u015famba olacak. Onun d\u0131\u015f\u0131ndaki g\u00fcnler kendilerinde kalacak. \u00c7al\u0131\u015ft\u0131klar\u0131 her g\u00fcn i\u00e7in de 67 lira 33 kuru\u015f kendilerine yevmiye verilecek. Ayn\u0131 zamanda emeklili\u011fe say\u0131labilecek sigortalar\u0131 da yap\u0131lacak. Eyl\u00fcl ay\u0131n\u0131n sonuna kadar bu proje devam edecek\u201d \u015feklinde konu\u015ftu.<\/p>\n","protected":false},"excerpt":{"rendered":"<p>\u0130\u015eKUR ESK\u0130\u015eEH\u0130R \u0130L M\u00dcD\u00dcR\u00dc HASAN YOLDA\u015e, D\u00dcZENLENEN BASIN TOPLANTISINDA YAPILAN \u00c7ALI\u015eMALAR VE DEVAM EDEN PROJELER HAKKINDA A\u00c7IKLAMALARDA BULUNDU.<\/p>\n","protected":false},"author":1,"featured_media":177697,"comment_status":"closed","ping_status":"open","sticky":false,"template":"","format":"standard","meta":{"jetpack_post_was_ever_published":false,"_jetpack_newsletter_access":"","_jetpack_dont_email_post_to_subs":false,"_jetpack_newsletter_tier_id":0,"_jetpack_memberships_contains_paywalled_content":false,"_jetpack_memberships_contains_paid_content":false,"footnotes":"","jetpack_publicize_message":"","jetpack_publicize_feature_enabled":true,"jetpack_social_post_already_shared":true,"jetpack_social_options":{"image_generator_settings":{"template":"highway","default_image_id":0,"font":"","enabled":false},"version":2}},"categories":[1],"tags":[2397,1537,2449,28673],"class_list":["post-177696","post","type-post","status-publish","format-standard","has-post-thumbnail","hentry","category-genel","tag-aciklandi","tag-eskisehir","tag-iskur","tag-rakamlari"],"jetpack_publicize_connections":[],"jetpack_featured_media_url":"https:\/\/i0.wp.com\/www.tvturk.com\/wp-content\/uploads\/2019\/07\/iskur-eskisehir-rakamlari-aciklandi_d7fbadf.jpg?fit=1000%2C666","jetpack_sharing_enabled":true,"jetpack_shortlink":"https:\/\/wp.me\/paKIfm-Ke4","_links":{"self":[{"href":"http:\/\/www.tvturk.com\/index.php\/wp-json\/wp\/v2\/posts\/177696","targetHints":{"allow":["GET"]}}],"collection":[{"href":"http:\/\/www.tvturk.com\/index.php\/wp-json\/wp\/v2\/posts"}],"about":[{"href":"http:\/\/www.tvturk.com\/index.php\/wp-json\/wp\/v2\/types\/post"}],"author":[{"embeddable":true,"href":"http:\/\/www.tvturk.com\/index.php\/wp-json\/wp\/v2\/users\/1"}],"replies":[{"embeddable":true,"href":"http:\/\/www.tvturk.com\/index.php\/wp-json\/wp\/v2\/comments?post=177696"}],"version-history":[{"count":0,"href":"http:\/\/www.tvturk.com\/index.php\/wp-json\/wp\/v2\/posts\/177696\/revisions"}],"wp:featuredmedia":[{"embeddable":true,"href":"http:\/\/www.tvturk.com\/index.php\/wp-json\/wp\/v2\/media\/177697"}],"wp:attachment":[{"href":"http:\/\/www.tvturk.com\/index.php\/wp-json\/wp\/v2\/media?parent=177696"}],"wp:term":[{"taxonomy":"category","embeddable":true,"href":"http:\/\/www.tvturk.com\/index.php\/wp-json\/wp\/v2\/categories?post=177696"},{"taxonomy":"post_tag","embeddable":true,"href":"http:\/\/www.tvturk.com\/index.php\/wp-json\/wp\/v2\/tags?post=177696"}],"curies":[{"name":"wp","href":"https:\/\/api.w.org\/{rel}","templated":true}]}}