{"id":177722,"date":"2019-07-04T13:01:53","date_gmt":"2019-07-04T10:01:53","guid":{"rendered":"http:\/\/www.tvturk.com\/index.php\/sehit-ailesine-darp-iddiasi\/"},"modified":"2019-07-04T13:01:53","modified_gmt":"2019-07-04T10:01:53","slug":"sehit-ailesine-darp-iddiasi","status":"publish","type":"post","link":"http:\/\/www.tvturk.com\/index.php\/sehit-ailesine-darp-iddiasi\/","title":{"rendered":"\u015eehit ailesine darp iddias\u0131"},"content":{"rendered":"<p>Dokuz y\u0131l \u00f6nce Kastamonu\u2019da g\u00f6revliyken trafik kazas\u0131 sonras\u0131 \u015fehit olan Hava Piyade Uzman \u00c7avu\u015f Ahmet Erd\u00f6nmez\u2019in annesi Havva Erd\u00f6nmez ile babas\u0131 Tahsin Erd\u00f6nmez, ayn\u0131 apartmanda oturduklar\u0131 kom\u015fular\u0131 taraf\u0131ndan darp edildiklerini iddia ederek su\u00e7 duyurusunda bulundu.<\/p>\n<p>2010 y\u0131l\u0131nda Kastamonu\u2019da g\u00f6rev s\u0131ras\u0131nda ge\u00e7irdi\u011fi trafik kazas\u0131 sonras\u0131 \u015fehit olan Hava Piyade Uzman \u00c7avu\u015f Ahmet Erd\u00f6nmez\u2019in annesi Havva Erd\u00f6nmez ile babas\u0131 Tahsin Erd\u00f6nemez kendilerini darp etti\u011fini iddia ettikleri kom\u015fular\u0131 P.E. ve N.E., hakk\u0131nda su\u00e7 duyurusunda bulundu. T\u00fcrkiye Harp Malul\u00fc Gaziler \u015eehit Dul ve Yetimleri Derne\u011fi Afyonkarahisar \u015eube Ba\u015fkan\u0131 \u0130smail Kumarta\u015fl\u0131, \u015fehit ailesini ziyaret etti. \u015eehit annesi Havva Erd\u00f6nmez, ya\u015fad\u0131\u011f\u0131 olay\u0131 g\u00f6zya\u015flar\u0131 i\u00e7erisinde anlatarak, apartman\u0131n \u00f6n\u00fcnde otururken kom\u015fular\u0131 taraf\u0131ndan darp edildi\u011fini s\u00f6yledi. Kom\u015fular\u0131n\u0131n kendisinin merdivende oturmas\u0131ndan rahats\u0131z olduklar\u0131n\u0131 belirten anne Erd\u00f6nmez; \u201cBana \u2019Buras\u0131 oturma yeri mi, ne geziyorsunuz merdivende\u2019 dedi. Ben de \u2019s\u0131\u011facak kadar yer var ya, demin de ge\u00e7tin ya\u2019 dedim. Ben elimi kald\u0131r\u0131nca vuracak sand\u0131. H\u00fccum etti bana. Kafama, g\u00f6z\u00fcme vurdu. \u015eemsiye vard\u0131 elimde \u015femsiyeyi ona vuray\u0131m dedim ama vuramad\u0131m. \u015eemsiyeyi elimden nas\u0131l bir k\u0131v\u0131rd\u0131 bir de onu k\u0131rana kadar vurdu&#8221; dedi.<\/p>\n<p>B\u0130ZDEN \u015e\u0130K\u00c2YET\u00c7\u0130 OLMU\u015eLAR<\/p>\n<p>Kendisinin darp edildi\u011fini g\u00f6ren e\u015finin yan\u0131na geldi\u011fini ifade eden Erd\u00f6nmez; \u201cKendisine \u2019Utanm\u0131yor musun Pelin\u2019 dedi. Sen bari seslenme gelin olup gittin dedi. E\u015fimin \u00f6yle deyince bo\u011faz\u0131na sar\u0131ld\u0131. E\u015fimde bo\u011faz\u0131m\u0131 bo\u011fuyor diye iteklemi\u015f. Benim bo\u011faz\u0131m\u0131 bo\u011fdu diye bizden \u015fikayet\u00e7i oluyorlarm\u0131\u015f. Sonra e\u015fimin yere d\u00fc\u015ft\u00fc\u011f\u00fcn\u00fc g\u00f6rd\u00fcm. Nas\u0131l vurdun da d\u00fc\u015ft\u00fc.&#8221;<\/p>\n<p>\u015e\u0130K\u00c2YET\u00c7\u0130 OLDUM<\/p>\n<p>72 ya\u015f\u0131ndaki Baba Tahsin Erd\u00f6nmez de,  camdan bakt\u0131\u011f\u0131nda e\u015fine \u00fc\u00e7 ki\u015fi taraf\u0131ndan darp edildi\u011fini g\u00f6rd\u00fc\u011f\u00fcn\u00fc s\u00f6yledi. Sonra hemen e\u015finin yan\u0131na giden baba Erd\u00f6nmez; &#8220;\u2019Ne yap\u0131yorsunuz burada\u2019 dedim. O k\u0131zdan ben hi\u00e7 ummazd\u0131m. Nas\u0131l kurtuldu geldi belimden sar\u0131lmas\u0131yla att\u0131\u011f\u0131 bir oldu. Hastanede g\u00f6z\u00fcm\u00fc a\u00e7t\u0131m. Yuvarland\u0131m merdivenlerden. Ben e\u015fime bakmaya gitmi\u015ftim. Elimi bile kald\u0131rmad\u0131m bir k\u00f6t\u00fc s\u00f6z bile s\u00f6ylemedim. Darp raporu ald\u0131m. Raporu da polisler ald\u0131. \u015eikayet\u00e7i oldum&#8221; dedi.<\/p>\n<p>A\u0130LEY\u0130 HEP TAC\u0130Z ED\u0130YORLAMI\u015e<\/p>\n<p>T\u00fcrkiye Harp Malul\u00fc Gaziler \u015eehit Dul ve Yetimleri Derne\u011fi Afyonkarahisar \u015eube Ba\u015fkan\u0131 \u0130smail Kumarta\u015fl\u0131 ise, \u015fehit Hava Piyade Uzman \u00c7avu\u015f Ahmet Erd\u00f6nmez 2010 y\u0131l\u0131nda trafik kazas\u0131 sonucu \u015fehit oldu\u011funu dile getirdi. \u015eehit ailesini apartmanda kom\u015fular\u0131yla s\u00fcrekli s\u0131k\u0131nt\u0131 ya\u015fand\u0131\u011f\u0131n\u0131n alt\u0131n\u0131 \u00e7izen Kumarta\u015fl\u0131, &#8220;Havva annemiz merdivende otururken kom\u015fular\u0131n\u0131n k\u0131zlar\u0131 yukar\u0131ya \u00e7\u0131km\u0131\u015f. Bir s\u00fcre sonra a\u015fa\u011f\u0131ya inmi\u015fler. A\u015fa\u011f\u0131ya inerken de aya\u011f\u0131yla iteklemi\u015f. Tekme \u015feklinde vurmu\u015f ve burada oturamazs\u0131n, ba\u015fka oturacak yer yok mu? \u015feklinde sert \u00e7\u0131k\u0131\u015fta bulunuyor. Annemizde bizde ba\u015fka nereye otural\u0131m diye k\u00f6t\u00fcl\u00fck olmadan cevap vermi\u015f. Bunun \u00fczerine neden yapt\u0131klar\u0131n\u0131 bilemedi\u011fimiz bir \u015fekilde birden annemize iki karde\u015f sald\u0131rm\u0131\u015flar yumruklarla ve merdivenden a\u015fa\u011f\u0131ya yuvarlam\u0131\u015flar. Olay\u0131 g\u00f6ren Tahsin babam\u0131z olay\u0131 yat\u0131\u015ft\u0131rmak i\u00e7in yanlar\u0131na gitmi\u015f. Niye b\u00f6yle yapt\u0131n\u0131z diye sorarken bu seferde amcam\u0131z\u0131 \u015fehit babam\u0131z\u0131 merdivenlerden yere atm\u0131\u015flar. Tahsin babam\u0131z 72 ya\u015f\u0131nda \u015fehit babas\u0131 kanser tedavisi g\u00f6r\u00fcyor. Kemoterapi ald\u0131. Birlik ve beraberli\u011fe \u00fclkemizde her zamankinden \u00e7ok fazla ihtiyac\u0131m\u0131z\u0131n oldu\u011fu bir zaman diliminde hele hele iki ya\u015fl\u0131 insana sald\u0131r\u0131lmas\u0131 su\u00e7tur. Zaten \u015fikayet\u00e7i olduk. Darp raporlar\u0131n\u0131 ald\u0131k. Annemizin anlatt\u0131\u011f\u0131na g\u00f6re hep taciz ediyorlarm\u0131\u015f&#8221; dedi.<\/p>\n","protected":false},"excerpt":{"rendered":"<p>T\u00dcRK\u0130YE HARP MALUL\u00dc GAZ\u0130LER \u015eEH\u0130T DUL VE YET\u0130MLER\u0130 DERNE\u011e\u0130 AFYONKARAH\u0130SAR \u015eUBE BA\u015eKANI \u0130SMA\u0130L KUMARTA\u015eLI (SOLDAK\u0130) \u015eEH\u0130T ANNES\u0130 VE BABASI.<\/p>\n","protected":false},"author":1,"featured_media":177723,"comment_status":"closed","ping_status":"open","sticky":false,"template":"","format":"standard","meta":{"jetpack_post_was_ever_published":false,"_jetpack_newsletter_access":"","_jetpack_dont_email_post_to_subs":false,"_jetpack_newsletter_tier_id":0,"_jetpack_memberships_contains_paywalled_content":false,"_jetpack_memberships_contains_paid_content":false,"footnotes":"","jetpack_publicize_message":"","jetpack_publicize_feature_enabled":true,"jetpack_social_post_already_shared":true,"jetpack_social_options":{"image_generator_settings":{"template":"highway","default_image_id":0,"font":"","enabled":false},"version":2}},"categories":[1],"tags":[1213,2510,3421,237],"class_list":["post-177722","post","type-post","status-publish","format-standard","has-post-thumbnail","hentry","category-genel","tag-ailesine","tag-darp","tag-iddiasi","tag-sehit"],"jetpack_publicize_connections":[],"jetpack_featured_media_url":"https:\/\/i0.wp.com\/www.tvturk.com\/wp-content\/uploads\/2019\/07\/sehit-ailesine-darp-iddiasi_a5b6365.jpg?fit=1000%2C666","jetpack_sharing_enabled":true,"jetpack_shortlink":"https:\/\/wp.me\/paKIfm-Keu","_links":{"self":[{"href":"http:\/\/www.tvturk.com\/index.php\/wp-json\/wp\/v2\/posts\/177722","targetHints":{"allow":["GET"]}}],"collection":[{"href":"http:\/\/www.tvturk.com\/index.php\/wp-json\/wp\/v2\/posts"}],"about":[{"href":"http:\/\/www.tvturk.com\/index.php\/wp-json\/wp\/v2\/types\/post"}],"author":[{"embeddable":true,"href":"http:\/\/www.tvturk.com\/index.php\/wp-json\/wp\/v2\/users\/1"}],"replies":[{"embeddable":true,"href":"http:\/\/www.tvturk.com\/index.php\/wp-json\/wp\/v2\/comments?post=177722"}],"version-history":[{"count":0,"href":"http:\/\/www.tvturk.com\/index.php\/wp-json\/wp\/v2\/posts\/177722\/revisions"}],"wp:featuredmedia":[{"embeddable":true,"href":"http:\/\/www.tvturk.com\/index.php\/wp-json\/wp\/v2\/media\/177723"}],"wp:attachment":[{"href":"http:\/\/www.tvturk.com\/index.php\/wp-json\/wp\/v2\/media?parent=177722"}],"wp:term":[{"taxonomy":"category","embeddable":true,"href":"http:\/\/www.tvturk.com\/index.php\/wp-json\/wp\/v2\/categories?post=177722"},{"taxonomy":"post_tag","embeddable":true,"href":"http:\/\/www.tvturk.com\/index.php\/wp-json\/wp\/v2\/tags?post=177722"}],"curies":[{"name":"wp","href":"https:\/\/api.w.org\/{rel}","templated":true}]}}