{"id":177740,"date":"2019-07-04T13:31:19","date_gmt":"2019-07-04T10:31:19","guid":{"rendered":"http:\/\/www.tvturk.com\/index.php\/iran-ingiliz-sarkiciyi-sinir-disi-etti\/"},"modified":"2019-07-04T13:31:19","modified_gmt":"2019-07-04T10:31:19","slug":"iran-ingiliz-sarkiciyi-sinir-disi-etti","status":"publish","type":"post","link":"http:\/\/www.tvturk.com\/index.php\/iran-ingiliz-sarkiciyi-sinir-disi-etti\/","title":{"rendered":"\u0130ran, \u0130ngiliz \u015fark\u0131c\u0131y\u0131 s\u0131n\u0131r d\u0131\u015f\u0131 etti"},"content":{"rendered":"<p>\u0130ngiliz \u015fark\u0131c\u0131 Joss Stone, \u0130ran\u2019dan s\u0131n\u0131r d\u0131\u015f\u0131 edildi\u011fini a\u00e7\u0131klayarak \u201cKalbim k\u0131r\u0131ld\u0131\u201d dedi.<\/p>\n<p>D\u00fcnya turuna \u00e7\u0131kan 32 ya\u015f\u0131ndaki \u0130ngiliz \u015fark\u0131c\u0131 Joss Stone, turne kapsam\u0131nda konser verece\u011fi \u0130ran\u2019dan s\u0131n\u0131r d\u0131\u015f\u0131 edildi\u011fini duyurdu. \u0130ranl\u0131 yetkililerin \u00fclkede performans sergileyece\u011fine inanmad\u0131\u011f\u0131n\u0131 belirten Stone, \u201c\u0130ran halka a\u00e7\u0131k bir performans g\u00f6sterece\u011fime inanmad\u0131\u201d ifadelerini kulland\u0131. Sosyal medya hesab\u0131nda yay\u0131nlad\u0131\u011f\u0131 videoda beyaz bir ba\u015f\u00f6rt\u00fcs\u00fc takan ve \u00fczg\u00fcn oldu\u011funu belirten Stone, \u201cG\u00f6zalt\u0131na al\u0131nd\u0131k, sonra da s\u0131n\u0131r d\u0131\u015f\u0131 edildik\u201d ifadelerini kulland\u0131.<\/p>\n<p>Stone, \u201cKad\u0131n oldu\u011fum i\u00e7in bu \u00fclkede yasaklanm\u0131\u015f olan bir halk konseri ger\u00e7ekle\u015ftiremeyece\u011fimin fak\u0131ndayd\u0131k. \u015eahsen, \u0130ran hapishanesine girmenin hayalini kurmuyorum. Gitti\u011fim \u00fclkelerin politikas\u0131n\u0131 de\u011fi\u015ftirmeye \u00e7al\u0131\u015fm\u0131yorum, insanlar\u0131 da tehlikeye atmak istemiyorum. Ancak yetkililer bir halk performans\u0131nda \u00e7alaca\u011f\u0131m\u0131za inanmad\u0131lar ve bizi \u2018kara liste\u2019 dedikleri bir listeye ald\u0131lar, bunu da g\u00f6\u00e7men merkezine gitti\u011fimizde anlad\u0131k\u201d \u015feklinde konu\u015ftu.<\/p>\n<p>G\u00f6revlilerin kendilerine kar\u015f\u0131 olduk\u00e7a iyi davrand\u0131\u011f\u0131n\u0131 belirten Stone, \u201cElbette hayal k\u0131r\u0131kl\u0131\u011f\u0131na u\u011frad\u0131m. Kalbim k\u0131r\u0131ld\u0131 ama do\u011fru evraklar\u0131m\u0131z olmad\u0131\u011f\u0131 i\u00e7in \u00f6z\u00fcr dilemesi gereken bizleriz\u201d ifadelerini kulland\u0131. Stone daha sonra \u0130ran\u2019\u0131n Basra K\u00f6rfezi\u2019nde yer alan Ki\u015f Adas\u0131\u2019na giden bir u\u00e7a\u011fa binerek g\u00f6r\u00fcnt\u00fclerini payla\u015ft\u0131.<\/p>\n","protected":false},"excerpt":{"rendered":"<p>\u0130NG\u0130L\u0130Z \u015eARKICI JOSS STONE, \u0130RAN&#8217;DAN SINIR DI\u015eI ED\u0130LD\u0130\u011e\u0130N\u0130 A\u00c7IKLAYARAK \u201cKALB\u0130M KIRILDI\u201d DED\u0130.<\/p>\n","protected":false},"author":1,"featured_media":177741,"comment_status":"closed","ping_status":"open","sticky":false,"template":"","format":"standard","meta":{"jetpack_post_was_ever_published":false,"_jetpack_newsletter_access":"","_jetpack_dont_email_post_to_subs":false,"_jetpack_newsletter_tier_id":0,"_jetpack_memberships_contains_paywalled_content":false,"_jetpack_memberships_contains_paid_content":false,"footnotes":"","jetpack_publicize_message":"","jetpack_publicize_feature_enabled":true,"jetpack_social_post_already_shared":true,"jetpack_social_options":{"image_generator_settings":{"template":"highway","default_image_id":0,"font":"","enabled":false},"version":2}},"categories":[10],"tags":[1852,207,4656,548,43511,1392],"class_list":["post-177740","post","type-post","status-publish","format-standard","has-post-thumbnail","hentry","category-dunya","tag-disi","tag-etti","tag-ingiliz","tag-iran","tag-sarkiciyi","tag-sinir"],"jetpack_publicize_connections":[],"jetpack_featured_media_url":"https:\/\/i0.wp.com\/www.tvturk.com\/wp-content\/uploads\/2019\/07\/iran-ingiliz-sarkiciyi-sinir-disi-etti_876e2f8.jpg?fit=1000%2C666","jetpack_sharing_enabled":true,"jetpack_shortlink":"https:\/\/wp.me\/paKIfm-KeM","_links":{"self":[{"href":"http:\/\/www.tvturk.com\/index.php\/wp-json\/wp\/v2\/posts\/177740","targetHints":{"allow":["GET"]}}],"collection":[{"href":"http:\/\/www.tvturk.com\/index.php\/wp-json\/wp\/v2\/posts"}],"about":[{"href":"http:\/\/www.tvturk.com\/index.php\/wp-json\/wp\/v2\/types\/post"}],"author":[{"embeddable":true,"href":"http:\/\/www.tvturk.com\/index.php\/wp-json\/wp\/v2\/users\/1"}],"replies":[{"embeddable":true,"href":"http:\/\/www.tvturk.com\/index.php\/wp-json\/wp\/v2\/comments?post=177740"}],"version-history":[{"count":0,"href":"http:\/\/www.tvturk.com\/index.php\/wp-json\/wp\/v2\/posts\/177740\/revisions"}],"wp:featuredmedia":[{"embeddable":true,"href":"http:\/\/www.tvturk.com\/index.php\/wp-json\/wp\/v2\/media\/177741"}],"wp:attachment":[{"href":"http:\/\/www.tvturk.com\/index.php\/wp-json\/wp\/v2\/media?parent=177740"}],"wp:term":[{"taxonomy":"category","embeddable":true,"href":"http:\/\/www.tvturk.com\/index.php\/wp-json\/wp\/v2\/categories?post=177740"},{"taxonomy":"post_tag","embeddable":true,"href":"http:\/\/www.tvturk.com\/index.php\/wp-json\/wp\/v2\/tags?post=177740"}],"curies":[{"name":"wp","href":"https:\/\/api.w.org\/{rel}","templated":true}]}}