{"id":177776,"date":"2019-07-04T14:01:47","date_gmt":"2019-07-04T11:01:47","guid":{"rendered":"http:\/\/www.tvturk.com\/index.php\/yalcin-ailesi-faruk-yalcin-hayvanat-bahcesini-kapatacak-mi\/"},"modified":"2019-07-04T14:01:47","modified_gmt":"2019-07-04T11:01:47","slug":"yalcin-ailesi-faruk-yalcin-hayvanat-bahcesini-kapatacak-mi","status":"publish","type":"post","link":"http:\/\/www.tvturk.com\/index.php\/yalcin-ailesi-faruk-yalcin-hayvanat-bahcesini-kapatacak-mi\/","title":{"rendered":"Yal\u00e7\u0131n ailesi Faruk Yal\u00e7\u0131n Hayvanat Bah\u00e7esi\u2019ni kapatacak m\u0131?"},"content":{"rendered":"<p>2008 y\u0131l\u0131nda vefat eden \u00fcnl\u00fc i\u015f adam\u0131 Faruk Yal\u00e7\u0131n\u2019\u0131n 4 milyar dolar civar\u0131ndaki miras davas\u0131n\u0131n sonu\u00e7lanmas\u0131n\u0131n ard\u0131ndan Kocaeli\u2019nin Dar\u0131ca il\u00e7esinde bulunan Yal\u00e7\u0131n ailesine ait Faruk Yal\u00e7\u0131n Hayvanat Bah\u00e7esi ve Botanik Park\u0131\u2019n\u0131n ak\u0131beti merak konusu oldu.<\/p>\n<p>Cemiyet hayat\u0131n\u0131n en bilindik isimlerinden biri olan S\u00fcreyya Yal\u00e7\u0131n\u2019\u0131n babas\u0131 ve Fenerbah\u00e7e Spor Kul\u00fcb\u00fc eski Ba\u015fkan\u0131 Aziz Y\u0131ld\u0131r\u0131m\u2019\u0131n day\u0131s\u0131 Faruk Yal\u00e7\u0131n, 1990 y\u0131l\u0131nda Dar\u0131ca Bo\u011fazi\u00e7i Hayvanat Bah\u00e7esi\u2019ni kurmu\u015f ve kendisi i\u00e7in b\u00fcy\u00fck bir hobi olan buraya adeta hayat\u0131n\u0131 adayarak d\u00fcnya markas\u0131 haline getirmi\u015fti. \u00d6l\u00fcm\u00fcn\u00fcn ard\u0131ndan Faruk Yal\u00e7\u0131n Zoo ismini alan 80 d\u00f6n\u00fcml\u00fck arazi, Yal\u00e7\u0131n ailesinin miras davas\u0131 s\u00fcresi boyunca hizmet vermeye devam etmi\u015fti.<\/p>\n<p>Miras davas\u0131 sonu\u00e7land\u0131<\/p>\n<p>2005 y\u0131l\u0131nda Forbes dergisinin 2005 y\u0131l\u0131nda yay\u0131nlad\u0131\u011f\u0131 \u2018En zenginler\u2019 listesinde 4 milyar dolar\u0131 a\u015fan servetiyle 21\u2019inci s\u0131rada yer alan i\u015f adam\u0131 Faruk Yal\u00e7\u0131n\u2019\u0131n ard\u0131nda b\u0131rakt\u0131\u011f\u0131 miras, 2010 y\u0131l\u0131nda a\u00e7\u0131lan davayla g\u00fcndeme geldi. 9 y\u0131ld\u0131r devam eden miras davas\u0131 sonu\u00e7land\u0131. Miras 20 hisseye b\u00f6l\u00fcn\u00fcrken, 8 pay alan cemiyet hayat\u0131n\u0131n en bilindik isimlerinden biri olan S\u00fcreyya Yal\u00e7\u0131n i\u015flemler i\u00e7in T\u00fcrkiye\u2019ye geldi. Sonu\u00e7lanan miras davas\u0131n\u0131n temyiz a\u015famas\u0131nda oldu\u011fu \u00f6\u011frenilirken, karar\u0131n ard\u0131ndan hisse sahiplerinin Dar\u0131ca Faruk Yal\u00e7\u0131n Hayvanat Bah\u00e7esi hakk\u0131nda verece\u011fi karar ise merak konusu oldu.<\/p>\n<p>\u201cBen \u00f6ld\u00fckten sonra ya\u015fam \u015fans\u0131 yok demi\u015fti&#8221;<\/p>\n<p>\u00dcnl\u00fc i\u015f adam\u0131 Faruk Yal\u00e7\u0131n 2005 y\u0131l\u0131nda bir gazeteye verdi\u011fi r\u00f6portaj\u0131nda Dar\u0131ca Faruk Yal\u00e7\u0131n Hayvanat Bah\u00e7esi\u2019ni kapatma karar\u0131 ald\u0131klar\u0131n\u0131 ifade ederek, \u201cBirka\u00e7 ay \u00f6nce de kapatma karar\u0131n\u0131 ald\u0131k. Neticede 82 ya\u015f\u0131nday\u0131m. Ben \u00f6ld\u00fckten sonra da buran\u0131n ya\u015fama \u015fans\u0131 hi\u00e7 yok. \u00d6lmeden bu i\u015fi halletmem gerekiyor. Envanter \u00e7\u0131karmaya ba\u015flad\u0131k\u201d demi\u015fti. Vefat\u0131n\u0131n ard\u0131ndan aile \u00fcyeleri 80 d\u00f6n\u00fcml\u00fck arazide 3 binin \u00fczerinde hayvan n\u00fcfusuna sahip alan\u0131 \u201cFaruk Yal\u00e7\u0131n Zoo\u201d ismi ile ya\u015fatmaya devam etse de, miras davas\u0131n\u0131n sonu\u00e7lanmas\u0131yla Dar\u0131ca Faruk Yal\u00e7\u0131n Hayvanat Bah\u00e7esi\u2019yle ilgili aile \u00fcyelerinden nas\u0131l bir karar\u0131n \u00e7\u0131kaca\u011f\u0131 merak ediliyor.<\/p>\n","protected":false},"excerpt":{"rendered":"<p>2008 YILINDA VEFAT EDEN \u00dcNL\u00dc \u0130\u015e ADAMI FARUK YAL\u00c7IN\u2019IN 4 M\u0130LYAR DOLAR C\u0130VARINDAK\u0130 M\u0130RAS DAVASININ SONU\u00c7LANMASININ ARDINDAN KOCAEL\u0130\u2019N\u0130N DARICA \u0130L\u00c7ES\u0130NDE BULUNAN YAL\u00c7IN A\u0130LES\u0130NE A\u0130T FARUK YAL\u00c7IN HAYVANAT BAH\u00c7ES\u0130 VE BOTAN\u0130K PARKI\u2019NIN AKIBET\u0130 MERAK KONUSU OLDU.<\/p>\n","protected":false},"author":1,"featured_media":177777,"comment_status":"closed","ping_status":"open","sticky":false,"template":"","format":"standard","meta":{"jetpack_post_was_ever_published":false,"_jetpack_newsletter_access":"","_jetpack_dont_email_post_to_subs":false,"_jetpack_newsletter_tier_id":0,"_jetpack_memberships_contains_paywalled_content":false,"_jetpack_memberships_contains_paid_content":false,"footnotes":"","jetpack_publicize_message":"","jetpack_publicize_feature_enabled":true,"jetpack_social_post_already_shared":true,"jetpack_social_options":{"image_generator_settings":{"template":"highway","default_image_id":0,"font":"","enabled":false},"version":2}},"categories":[1],"tags":[7558,33912,13519,27258,34803,10452,4888],"class_list":["post-177776","post","type-post","status-publish","format-standard","has-post-thumbnail","hentry","category-genel","tag-ailesi","tag-bahcesini","tag-faruk","tag-hayvanat","tag-kapatacak","tag-mi","tag-yalcin"],"jetpack_publicize_connections":[],"jetpack_featured_media_url":"https:\/\/i0.wp.com\/www.tvturk.com\/wp-content\/uploads\/2019\/07\/yalcin-ailesi-faruk-yalcin-hayvanat-bahcesini-kapatacak-mi_3bb002a.jpg?fit=750%2C422","jetpack_sharing_enabled":true,"jetpack_shortlink":"https:\/\/wp.me\/paKIfm-Kfm","_links":{"self":[{"href":"http:\/\/www.tvturk.com\/index.php\/wp-json\/wp\/v2\/posts\/177776","targetHints":{"allow":["GET"]}}],"collection":[{"href":"http:\/\/www.tvturk.com\/index.php\/wp-json\/wp\/v2\/posts"}],"about":[{"href":"http:\/\/www.tvturk.com\/index.php\/wp-json\/wp\/v2\/types\/post"}],"author":[{"embeddable":true,"href":"http:\/\/www.tvturk.com\/index.php\/wp-json\/wp\/v2\/users\/1"}],"replies":[{"embeddable":true,"href":"http:\/\/www.tvturk.com\/index.php\/wp-json\/wp\/v2\/comments?post=177776"}],"version-history":[{"count":0,"href":"http:\/\/www.tvturk.com\/index.php\/wp-json\/wp\/v2\/posts\/177776\/revisions"}],"wp:featuredmedia":[{"embeddable":true,"href":"http:\/\/www.tvturk.com\/index.php\/wp-json\/wp\/v2\/media\/177777"}],"wp:attachment":[{"href":"http:\/\/www.tvturk.com\/index.php\/wp-json\/wp\/v2\/media?parent=177776"}],"wp:term":[{"taxonomy":"category","embeddable":true,"href":"http:\/\/www.tvturk.com\/index.php\/wp-json\/wp\/v2\/categories?post=177776"},{"taxonomy":"post_tag","embeddable":true,"href":"http:\/\/www.tvturk.com\/index.php\/wp-json\/wp\/v2\/tags?post=177776"}],"curies":[{"name":"wp","href":"https:\/\/api.w.org\/{rel}","templated":true}]}}