{"id":177792,"date":"2019-07-04T14:31:43","date_gmt":"2019-07-04T11:31:43","guid":{"rendered":"http:\/\/www.tvturk.com\/index.php\/3-temmuz-paylasimi-yapan-sarkicinin-trabzon-konseri-iptal-edildi\/"},"modified":"2019-07-04T14:31:43","modified_gmt":"2019-07-04T11:31:43","slug":"3-temmuz-paylasimi-yapan-sarkicinin-trabzon-konseri-iptal-edildi","status":"publish","type":"post","link":"http:\/\/www.tvturk.com\/index.php\/3-temmuz-paylasimi-yapan-sarkicinin-trabzon-konseri-iptal-edildi\/","title":{"rendered":"&#8220;3 Temmuz&#8221; payla\u015f\u0131m\u0131 yapan \u015fark\u0131c\u0131n\u0131n Trabzon konseri iptal edildi"},"content":{"rendered":"<p>Pop m\u00fczik sanat\u00e7\u0131s\u0131 Derya Ulu\u011f\u2019un 3 Temmuz s\u00fcreci ile ilgili sosyal medya hesab\u0131ndan yapt\u0131\u011f\u0131 payla\u015f\u0131m, Trabzon\u2019da 19 Temmuz\u2019da verece\u011fi konserin iptal edilmesine neden oldu.<\/p>\n<p>\u015eark\u0131c\u0131 Derya Ulu\u011f, Fenerbah\u00e7e ile Trabzonspor aras\u0131nda ya\u015fanan 3 Temmuz s\u00fcreci ile ilgili, \u201c  Temmuz bir kumpast\u0131r. Ayn\u0131 zamanda dirili\u015ftir, direni\u015ftir\u201d \u015feklinde mesaj payla\u015fm\u0131\u015f, ard\u0131ndan &#8220;Ba\u015fta Aziz Y\u0131ld\u0131r\u0131m, Aykut Kocaman, y\u00f6netim ve oyuncular\u0131m\u0131z olmak \u00fczere t\u00fcm Fenerbah\u00e7e camias\u0131n\u0131n hakk\u0131 yenmi\u015ftir. Unutmad\u0131k unutmayaca\u011f\u0131z\u201d ifadelerini kullanm\u0131\u015ft\u0131. Bug\u00fcn bas\u0131n mensuplar\u0131yla bir araya gelen Ak\u00e7aabat Belediye Ba\u015fkan\u0131 Osman Nuri Ekim, \u015fark\u0131c\u0131n\u0131n yapt\u0131\u011f\u0131 talihsiz a\u00e7\u0131klamalar\u0131n\u0131n ard\u0131ndan bu y\u0131l 29\u2019uncusu d\u00fczenlenecek olan Uluslararas\u0131 Ak\u00e7aabat M\u00fczik ve Halk Oyunlar\u0131 Festivali kapsam\u0131ndaki konserinin iptal edildi\u011fini s\u00f6yledi. Ba\u015fkan Ekim, \u201c\u0130l\u00e7emizde konser verecek sanat\u00e7\u0131lar\u0131m\u0131zdan bir tanesi talihsiz bir a\u00e7\u0131klama yapm\u0131\u015f, ki tabii ki bende iyi bir Trabzonspor taraftar\u0131y\u0131m. Bu konuyla da ilgili gerekli d\u00fczenlemeyi arkada\u015flar\u0131m\u0131z yapacaklard\u0131r. Muhtemelen sanat\u00e7\u0131 de\u011fi\u015fir. Bizim sanata sayg\u0131m\u0131z sonsuz ama 3 Temmuz s\u00fcreci de bizim i\u00e7in \u00f6nemli bir s\u00fcre\u00e7 ve bu art\u0131k kan\u0131tlanm\u0131\u015f bir s\u00fcre\u00e7. Bununla ilgili Trabzon\u2019un da hassasiyetlerini biliyoruz ve bu hassasiyetler do\u011frultusunda bizde d\u00fczenlememizi yapaca\u011f\u0131z\u201d diye konu\u015ftu.<\/p>\n<p>&#8220;Se\u00e7imde s\u00f6z verdi\u011fimiz projelerin takip\u00e7isiyiz&#8221;<\/p>\n<p>Bas\u0131n toplant\u0131s\u0131nda se\u00e7im \u00f6ncesi verdikleri s\u00f6zlerin takip\u00e7isi olduklar\u0131n\u0131 da belirten Ekim, projeleri tek tek hayata ge\u00e7irmek i\u00e7in yo\u011fun bir \u00e7aba sarf ettiklerini ifade ederek, \u201cAk\u00e7aabat k\u00fclt\u00fcr, sanat, turizm, spor \u015fehri diyoruz. Bunlar\u0131n geli\u015fmesiyle ilgili belediye olarak elimizden geleni yapaca\u011f\u0131z, gayret edece\u011fiz. Se\u00e7imde verdi\u011fimiz taahh\u00fctleri in\u015fallah bu d\u00f6nem i\u00e7erisinde ger\u00e7ekle\u015ftirmeyi rabbim bize nasip eder. Yapaca\u011f\u0131m\u0131z projeleri daha \u00f6nce \u00f6zetlemi\u015ftik, bunlar\u0131 takip edece\u011fiz. N\u00fcfusumuz her ge\u00e7en g\u00fcn art\u0131yor. \u00d6zellikle bu n\u00fcfusumuz yaz\u0131n iki, \u00fc\u00e7 kat\u0131na \u00e7\u0131k\u0131yor. Ak\u00e7aabat\u2019\u0131n gelece\u011finin turizm oldu\u011funu bilen bir belediyeyiz. Bu y\u00f6nde \u00e7al\u0131\u015fmalar\u0131m\u0131z devam ediyor. Sahil kesiminde plajlar\u0131m\u0131z da \u00e7ok \u00f6nemli. Bununla ilgili \u00e7al\u0131\u015fmalar\u0131m\u0131z\u0131 devam ettirip g\u00fczel projeler ortaya koymak istiyoruz. \u00d6zellikle H\u0131d\u0131rnebi b\u00f6lgesinin planlamas\u0131yla ilgili \u00e7al\u0131\u015fmalar\u0131m\u0131z devam ediyor. Bu b\u00f6lgedeki tesislerimizin daha nitelikli hale getirilmesi konusunda \u00e7al\u0131\u015fmalar\u0131m\u0131z s\u00fcr\u00fcyor. Biz Trabzon halk\u0131n\u0131 Ak\u00e7aabat\u2019ta denizle bulu\u015fturmak istiyoruz. Bununla ilgili \u00e7al\u0131\u015fmalar\u0131m\u0131z yo\u011fun bir \u015fekilde s\u00fcr\u00fcyor\u201d dedi.<\/p>\n<p>&#8220;\u0130l\u00e7emize teleferik projesini kazand\u0131raca\u011f\u0131z&#8221;<\/p>\n<p>\u0130l\u00e7ede yap\u0131lmas\u0131 planlanan teleferik \u00e7al\u0131\u015fmalar\u0131yla ilgili de Ekim, \u201cProje anlam\u0131nda projelendirmesi tamamland\u0131. \u00d6zellikle  bal\u0131khaneden ba\u015flay\u0131p Orta Mahalle, Ak\u00e7atepe b\u00f6lgelerine gitmesi planlanan teleferik projesinden bahsediyoruz. Bu konuyla ilgili planlamam\u0131z var ancak  o planlama daha netle\u015fmedi\u011fi i\u00e7in \u015fu an konu\u015fmak do\u011fru de\u011fil. Bunu da yap-i\u015flet-devret modeliyle yat\u0131r\u0131mc\u0131s\u0131n\u0131 bekliyoruz. Bu noktada ara\u015ft\u0131rma yap\u0131yoruz. Yat\u0131r\u0131mc\u0131s\u0131, taliplisi varsa onlarla da g\u00f6r\u00fc\u015fmeye haz\u0131r\u0131z.  \u0130n\u015fallah yat\u0131r\u0131mc\u0131s\u0131n\u0131 bulup bir an evvel i\u015fletmeye alma arzusu i\u00e7erisindeyiz. \u0130n\u015fallah yapar\u0131z diye d\u00fc\u015f\u00fcn\u00fcyorum\u201d diye konu\u015ftu.<\/p>\n<p>&#8220;Sere G\u00f6l\u00fc en ge\u00e7 1 bu\u00e7uk ayda temizlenir&#8221;<\/p>\n<p>Sera G\u00f6l\u00fc temizleme \u00e7al\u0131\u015fmalar\u0131n\u0131 yak\u0131ndan takip ettiklerini, temizleme \u00e7al\u0131\u015fmas\u0131n\u0131n 1 bu\u00e7uk ay i\u00e7inde bitirilmesinin beklendi\u011fini kaydeden Ba\u015fkan Ekim, \u201cSay\u0131n valimiz ve b\u00fcy\u00fck\u015fehir belediye ba\u015fkan\u0131m\u0131z, kaymakam\u0131m\u0131z hep birlikte  koordinasyon i\u00e7erisinde \u00e7al\u0131\u015f\u0131yoruz. Say\u0131n valimizin ba\u015fkanl\u0131\u011f\u0131nda b\u00fcy\u00fck\u015fehir belediye ba\u015fkan\u0131m\u0131zla beraber bir toplant\u0131 d\u00fczenledik. Sera G\u00f6l\u00fc\u2019n\u00fcn temizlenmesiyle ilgili s\u00fcre\u00e7 zaten ya\u011fmurlar \u00f6ncesinde ba\u015flam\u0131\u015ft\u0131. Yo\u011fun bir ya\u011fmurla kar\u015f\u0131la\u015ft\u0131\u011f\u0131 i\u00e7in o b\u00f6lgede malzeme birikti. Bununla ilgili Ankara\u2019dan \u00f6zel ara\u00e7 geldi, \u015fuanda temizleme \u00e7al\u0131\u015fmalar\u0131 devam ediyor. \u0130n\u015fallah 1 ay, belki bir bu\u00e7uk ay i\u00e7erisinde oras\u0131 temizlenmi\u015f olacak. Konuyu yak\u0131ndan takip ediyoruz, in\u015fallah bir aksilik \u00e7\u0131kmaz\u201d dedi.<\/p>\n<p>\u0130l\u00e7ede 18-21 Temmuz tarihleri aras\u0131nda d\u00fczenlenecek olan Ak\u00e7aabat M\u00fczik ve Halkoyunlar\u0131 Festivali\u2019ne herkesi beklediklerini belirten Ba\u015fkan Ekim, \u201c\u0130l\u00e7emizde her y\u0131l d\u00fczenlemi\u015f oldu\u011fumuz uluslararas\u0131 bir festival. Hem yurt d\u0131\u015f\u0131ndan gelen halk oyunlar\u0131 ekipleri, hem de yerel ve b\u00f6lgelerden gelen halk oyunlar\u0131 ekipleri gece konser, g\u00fcnd\u00fcz de yayladaki programlarla g\u00fczel bir etkinlik olaca\u011f\u0131n\u0131 d\u00fc\u015f\u00fcn\u00fcyorum\u201d dedi.<\/p>\n<p>Toplant\u0131da Ak\u00e7aabat Kent Konseyi Ba\u015fkan\u0131 Mehmet Salih K\u00f6se de il\u00e7enin kendine \u00f6zg\u00fc sorunlar\u0131 bulundu\u011funa dikkat \u00e7ekerek, Ak\u00e7aabat\u2019\u0131n Trabzon\u2019un bat\u0131ya a\u00e7\u0131lan en b\u00fcy\u00fck kap\u0131s\u0131 oldu\u011funu s\u00f6yledi.<\/p>\n<p>Konu\u015fmalar\u0131n ard\u0131ndan Ak\u00e7aabat Belediye Ba\u015fkan\u0131 Osman Nuri Ekim ve Ak\u00e7aabat Kent Konseyi Ba\u015fkan\u0131 Mehmet Salih K\u00f6se, Trabzon Gazeteciler Cemiyeti Ba\u015fkan\u0131 Ersen K\u00fc\u00e7\u00fck\u2019e g\u00fcn\u00fcn an\u0131s\u0131na plaket takdim etti.<\/p>\n","protected":false},"excerpt":{"rendered":"<p>AK\u00c7AABAT BELED\u0130YEBA\u015eKANI OSMAN NUR\u0130 EK\u0130M, KONUYLA \u0130LG\u0130L\u0130 YAPTI\u011eI A\u00c7IKLAMADA SANAT\u00c7ININ TAL\u0130HS\u0130Z B\u0130R A\u00c7IKLAMA YAPTI\u011eI BEL\u0130RTEREK,  FEST\u0130VAL KAPSAMINDA AK\u00c7AABAT\u2019TA VERECE\u011e\u0130 KONSER\u0130N \u0130PTAL ED\u0130LD\u0130\u011e\u0130N\u0130  DUYURDU.<\/p>\n","protected":false},"author":1,"featured_media":177793,"comment_status":"closed","ping_status":"open","sticky":false,"template":"","format":"standard","meta":{"jetpack_post_was_ever_published":false,"_jetpack_newsletter_access":"","_jetpack_dont_email_post_to_subs":false,"_jetpack_newsletter_tier_id":0,"_jetpack_memberships_contains_paywalled_content":false,"_jetpack_memberships_contains_paid_content":false,"footnotes":"","jetpack_publicize_message":"","jetpack_publicize_feature_enabled":true,"jetpack_social_post_already_shared":true,"jetpack_social_options":{"image_generator_settings":{"template":"highway","default_image_id":0,"font":"","enabled":false},"version":2}},"categories":[1],"tags":[4605,857,3466,1952,17014,43525,1148,1420],"class_list":["post-177792","post","type-post","status-publish","format-standard","has-post-thumbnail","hentry","category-genel","tag-trabzon","tag-edildi","tag-iptal","tag-konseri","tag-paylasimi","tag-sarkicinin","tag-temmuz","tag-yapan"],"jetpack_publicize_connections":[],"jetpack_featured_media_url":"https:\/\/i0.wp.com\/www.tvturk.com\/wp-content\/uploads\/2019\/07\/3-temmuz-paylasimi-yapan-sarkicinin-trabzon-konseri-iptal-edildi_e04d92a.jpg?fit=1000%2C662","jetpack_sharing_enabled":true,"jetpack_shortlink":"https:\/\/wp.me\/paKIfm-KfC","_links":{"self":[{"href":"http:\/\/www.tvturk.com\/index.php\/wp-json\/wp\/v2\/posts\/177792","targetHints":{"allow":["GET"]}}],"collection":[{"href":"http:\/\/www.tvturk.com\/index.php\/wp-json\/wp\/v2\/posts"}],"about":[{"href":"http:\/\/www.tvturk.com\/index.php\/wp-json\/wp\/v2\/types\/post"}],"author":[{"embeddable":true,"href":"http:\/\/www.tvturk.com\/index.php\/wp-json\/wp\/v2\/users\/1"}],"replies":[{"embeddable":true,"href":"http:\/\/www.tvturk.com\/index.php\/wp-json\/wp\/v2\/comments?post=177792"}],"version-history":[{"count":0,"href":"http:\/\/www.tvturk.com\/index.php\/wp-json\/wp\/v2\/posts\/177792\/revisions"}],"wp:featuredmedia":[{"embeddable":true,"href":"http:\/\/www.tvturk.com\/index.php\/wp-json\/wp\/v2\/media\/177793"}],"wp:attachment":[{"href":"http:\/\/www.tvturk.com\/index.php\/wp-json\/wp\/v2\/media?parent=177792"}],"wp:term":[{"taxonomy":"category","embeddable":true,"href":"http:\/\/www.tvturk.com\/index.php\/wp-json\/wp\/v2\/categories?post=177792"},{"taxonomy":"post_tag","embeddable":true,"href":"http:\/\/www.tvturk.com\/index.php\/wp-json\/wp\/v2\/tags?post=177792"}],"curies":[{"name":"wp","href":"https:\/\/api.w.org\/{rel}","templated":true}]}}