{"id":177806,"date":"2019-07-04T15:01:45","date_gmt":"2019-07-04T12:01:45","guid":{"rendered":"http:\/\/www.tvturk.com\/index.php\/sanliurfadan-unlu-tarihciye-cig-kofte-tepkisi\/"},"modified":"2019-07-04T15:01:45","modified_gmt":"2019-07-04T12:01:45","slug":"sanliurfadan-unlu-tarihciye-cig-kofte-tepkisi","status":"publish","type":"post","link":"http:\/\/www.tvturk.com\/index.php\/sanliurfadan-unlu-tarihciye-cig-kofte-tepkisi\/","title":{"rendered":"\u015eanl\u0131urfa\u2019dan \u00fcnl\u00fc tarih\u00e7iye \u00e7i\u011f k\u00f6fte tepkisi"},"content":{"rendered":"<p>\u00dcnl\u00fc tarih\u00e7i Cezmi Yurtsever\u2019in Osmaniye\u2019nin Kadirli il\u00e7esine ba\u011fl\u0131 K\u0131zyusuf k\u00f6y\u00fcnde 1947 y\u0131l\u0131nda yap\u0131lan kaz\u0131larda \u00e7\u0131kan Hitit d\u00f6nemine ait 3 bin y\u0131ll\u0131k kabarman\u0131n \u00e7i\u011f k\u00f6fte oldu\u011funu belirterek \u00e7i\u011f k\u00f6ftenin anavatan\u0131n\u0131n Osmaniye oldu\u011funu iddia etmesi \u015eanl\u0131urfa\u2019da tepkiye neden oldu. \u015eanl\u0131urfal\u0131lar, 3 bin y\u0131ll\u0131k r\u00f6lyef duvar kabartmas\u0131ndaki motifin \u00e7i\u011f k\u00f6fte de\u011fil, olsa olsa Adana\u2019ya \u00f6zg\u00fc bici bici olabilece\u011fini s\u00f6yleyerek tepki g\u00f6sterdi.<\/p>\n<p>\u00dcnl\u00fc tarih\u00e7i Cezmi Yurtsever\u2019in, Osmaniye\u2019nin Kadirli il\u00e7esine ba\u011fl\u0131 K\u0131zyusuflu k\u00f6y\u00fcnde bulunan son Hitit \u015fehri olan Karatepe\u2019de 3 bin y\u0131ll\u0131k r\u00f6lyef duvar kabartmas\u0131nda Hitit kral\u0131n\u0131n marul yapra\u011f\u0131 ile birlikte \u00e7i\u011f k\u00f6fte yedi\u011fini iddia ederek, &#8220;Ne \u015eanl\u0131urfa ne Ad\u0131yaman, \u00e7i\u011f k\u00f6fte 3 bin y\u0131ld\u0131r Kadirli\u2019ye has bir yiyecektir&#8221; a\u00e7\u0131klamas\u0131nda bulunmas\u0131 uzun s\u00fcrecek bir tart\u0131\u015fman\u0131n fitilini ate\u015fledi. Yurtsever\u2019in a\u00e7\u0131klamalar\u0131na tepki g\u00f6steren \u015eanl\u0131urfal\u0131lar, \u00fcnl\u00fc tarih\u00e7inin \u00e7i\u011f k\u00f6fte ile bici biciyi kar\u0131\u015ft\u0131rd\u0131\u011f\u0131n\u0131 iddia etti.<\/p>\n<p>\u015eanl\u0131urfa\u2019da \u00e7i\u011f k\u00f6fte sat\u0131\u015f\u0131 yap\u0131lan bir i\u015f yerinde \u00e7al\u0131\u015fan Ahmet \u0130la, resimdeki yiyece\u011fin \u00e7i\u011f k\u00f6fteden \u00e7ok bici biciye benzedi\u011fini s\u00f6yledi. Bu t\u00fcr a\u00e7\u0131klamalar\u0131n \u00e7i\u011f k\u00f6fte tarihini de\u011fi\u015ftiremeyece\u011fini belirten \u0130la, Osmaniye\u2019nin kendisine ba\u015fka bir \u015fey bulmas\u0131 gerekti\u011fini s\u00f6yledi.<\/p>\n<p>Osman K\u0131l\u0131 isimli vatanda\u015f ise resimdeki \u00e7i\u011f k\u00f6fte olsa bile onu yine oraya \u015eanl\u0131urfal\u0131lar\u0131n g\u00f6t\u00fcrd\u00fc\u011f\u00fcn\u00fc s\u00f6yleyerek iddialara tepki g\u00f6sterdi.<\/p>\n","protected":false},"excerpt":{"rendered":"<p>\u015eANLIURFA\u2019DAN \u00dcNL\u00dc TAR\u0130H\u00c7\u0130YE \u00c7\u0130\u011eK\u00d6FTE TEPK\u0130S\u0130<\/p>\n","protected":false},"author":1,"featured_media":177807,"comment_status":"closed","ping_status":"open","sticky":false,"template":"","format":"standard","meta":{"jetpack_post_was_ever_published":false,"_jetpack_newsletter_access":"","_jetpack_dont_email_post_to_subs":false,"_jetpack_newsletter_tier_id":0,"_jetpack_memberships_contains_paywalled_content":false,"_jetpack_memberships_contains_paid_content":false,"footnotes":"","jetpack_publicize_message":"","jetpack_publicize_feature_enabled":true,"jetpack_social_post_already_shared":true,"jetpack_social_options":{"image_generator_settings":{"template":"highway","default_image_id":0,"font":"","enabled":false},"version":2}},"categories":[1],"tags":[5654,95,43528,37076,9601,5590],"class_list":["post-177806","post","type-post","status-publish","format-standard","has-post-thumbnail","hentry","category-genel","tag-cig","tag-kofte","tag-sanliurfadan","tag-tarihciye","tag-tepkisi","tag-unlu"],"jetpack_publicize_connections":[],"jetpack_featured_media_url":"https:\/\/i0.wp.com\/www.tvturk.com\/wp-content\/uploads\/2019\/07\/sanliurfadan-unlu-tarihciye-cig-kofte-tepkisi_ec30ad9.jpg?fit=932%2C575","jetpack_sharing_enabled":true,"jetpack_shortlink":"https:\/\/wp.me\/paKIfm-KfQ","_links":{"self":[{"href":"http:\/\/www.tvturk.com\/index.php\/wp-json\/wp\/v2\/posts\/177806","targetHints":{"allow":["GET"]}}],"collection":[{"href":"http:\/\/www.tvturk.com\/index.php\/wp-json\/wp\/v2\/posts"}],"about":[{"href":"http:\/\/www.tvturk.com\/index.php\/wp-json\/wp\/v2\/types\/post"}],"author":[{"embeddable":true,"href":"http:\/\/www.tvturk.com\/index.php\/wp-json\/wp\/v2\/users\/1"}],"replies":[{"embeddable":true,"href":"http:\/\/www.tvturk.com\/index.php\/wp-json\/wp\/v2\/comments?post=177806"}],"version-history":[{"count":0,"href":"http:\/\/www.tvturk.com\/index.php\/wp-json\/wp\/v2\/posts\/177806\/revisions"}],"wp:featuredmedia":[{"embeddable":true,"href":"http:\/\/www.tvturk.com\/index.php\/wp-json\/wp\/v2\/media\/177807"}],"wp:attachment":[{"href":"http:\/\/www.tvturk.com\/index.php\/wp-json\/wp\/v2\/media?parent=177806"}],"wp:term":[{"taxonomy":"category","embeddable":true,"href":"http:\/\/www.tvturk.com\/index.php\/wp-json\/wp\/v2\/categories?post=177806"},{"taxonomy":"post_tag","embeddable":true,"href":"http:\/\/www.tvturk.com\/index.php\/wp-json\/wp\/v2\/tags?post=177806"}],"curies":[{"name":"wp","href":"https:\/\/api.w.org\/{rel}","templated":true}]}}