{"id":177816,"date":"2019-07-04T15:16:18","date_gmt":"2019-07-04T12:16:18","guid":{"rendered":"http:\/\/www.tvturk.com\/index.php\/ihlas-vakfi-2019-kurban-vekalet-bedellerini-acikladi\/"},"modified":"2019-07-04T15:16:18","modified_gmt":"2019-07-04T12:16:18","slug":"ihlas-vakfi-2019-kurban-vekalet-bedellerini-acikladi","status":"publish","type":"post","link":"http:\/\/www.tvturk.com\/index.php\/ihlas-vakfi-2019-kurban-vekalet-bedellerini-acikladi\/","title":{"rendered":"\u0130hlas Vakf\u0131 2019 kurban vek\u00e2let bedellerini a\u00e7\u0131klad\u0131"},"content":{"rendered":"<p>\u0130hlas Vakf\u0131 2019 kurban vek\u00e2let bedellerini a\u00e7\u0131klad\u0131. Buna g\u00f6re, 2019 y\u0131l\u0131 yurti\u00e7i kurban vek\u00e2let bedelinin 950 TL, yurtd\u0131\u015f\u0131 kurban vekalet bedelinin ise 750 TL olarak belirlendi\u011fi bildirildi.<\/p>\n<p>\u2019Kamu Yarar\u0131na \u00c7al\u0131\u015fan Vak\u0131f\u2019 stat\u00fcs\u00fc kazanan ve \u2019\u2019\u0130nsanlar\u0131n hay\u0131rl\u0131s\u0131, insanlara faydal\u0131 oland\u0131r\u2019\u2019 Hadis-i \u015ferifini kendine rehber edinerek 1975\u2019te kurulan ve 44 y\u0131ld\u0131r \u00f6\u011frenci yurtlar\u0131nda anne-babas\u0131na, vatan\u0131na, milletine ve insanlara faydal\u0131 on binlerce genci yeti\u015ftirmi\u015f ve yeti\u015ftirmeye devam eden \u0130hlas Vakf\u0131, 2019 y\u0131l\u0131 Kurban vekalet bedellerini ilan etti. \u0130hlas Vakf\u0131 M\u00fctevelli Heyeti Ba\u015fkan\u0131 Ahmet Tuncer Akal\u0131n yapt\u0131\u011f\u0131 yaz\u0131l\u0131 a\u00e7\u0131klamada 2019 y\u0131l\u0131 yurti\u00e7i kurban vek\u00e2let bedelinin 950 TL, yurtd\u0131\u015f\u0131 kurban vekalet bedelinin ise 750 TL. olarak belirlediklerini s\u00f6yledi.<\/p>\n<p>Hangi \u00fclkelerde kesim yap\u0131lacak ?<\/p>\n<p>Akal\u0131n, hay\u0131rseverlerin her sene oldu\u011fu gibi bu sene de ba\u011f\u0131\u015flayaca\u011f\u0131 kurban vekaletlerinin \u00e7o\u011funlu\u011funun yurti\u00e7inde \u00f6\u011frenci yurtlar\u0131n\u0131n bulundu\u011fu \u015fehirlerde kesilece\u011fini ve yurtlarda bar\u0131nan binlerce \u00f6\u011frenciye sarf edilece\u011fini, yurt d\u0131\u015f\u0131nda ise  \u00c7ad, Afganistan, Somali, Fildi\u015fi Sahili, Uganda , Sudan, Yemen ve Gazze\u2019de  dini vecibelere uygun kesimler yapacaklar\u0131n\u0131 ve elde edilen etleri bu \u00fclkelerdeki fakir M\u00fcsl\u00fcman halka da\u011f\u0131tacaklar\u0131n\u0131 ifade etti.<\/p>\n<p>Kamu yarar\u0131na \u00e7al\u0131\u015fan vak\u0131f<\/p>\n<p>Akal\u0131n, \u0130hlas Vakf\u0131na Bakanlar Kurulu Karar\u0131 ve Cumhurba\u015fkan\u0131 Recep Tayyip Erdo\u011fan\u2019\u0131n onay\u0131 ile \u2018Kamu Yarar\u0131na \u00c7al\u0131\u015fan Vak\u0131f\u2019 stat\u00fcs\u00fc verildi\u011fini bu bilin\u00e7 ile yurt i\u00e7i ve yurt d\u0131\u015f\u0131nda hay\u0131rseverlerin ba\u011f\u0131\u015flar\u0131 ile hizmetleri y\u00fcr\u00fctt\u00fcklerini, her sene oldu\u011fu gibi bu sene de yurti\u00e7i ve yurtd\u0131\u015f\u0131nda ger\u00e7ekle\u015ftirecekleri kurban kesim organizasyonlar\u0131 ile ihtiya\u00e7 sahiplerinin y\u00fczleri g\u00fcld\u00fcrmeye devam edeceklerini a\u00e7\u0131klad\u0131.<\/p>\n<p>Kurban  vekalet ve kesim i\u015flemleri dini vecibelere uygun yap\u0131l\u0131yor<\/p>\n<p>Akal\u0131n, Kurban kesmenin bir ibadet oldu\u011funu vurgulayarak \u0130hlas Vakf\u0131na g\u00fcvenerek vekalet veren hay\u0131rseverlerin Kurban vek\u00e2letinin al\u0131nmas\u0131 esnas\u0131nda s\u00f6ylemesi gereken \u2019\u2019Kurban\u0131 almaya ald\u0131rmaya, kesmeye kestirmeye ve diledi\u011fine vermeye Tahsin Ekinci, Talip Alpsoy, \u015eaban \u00c7ak\u0131r ve \u0130brahim Dayan\u2019\u0131 her birini m\u00fcnferiden umumi vekil ettim\u2019\u2019 s\u00f6zlerini hassasiyetle s\u00f6yleterek vekaletleri ald\u0131klar\u0131n\u0131, Kurbanl\u0131k al\u0131n\u0131rken vekalet sahibi ad\u0131na niyet edilmesine, kurban kesim esnas\u0131nda da kasaba vek\u00e2let sahibinin ismini s\u00f6yleyerek vekalet verdiklerini ve  tekbir getirilerek Bismillahi Allah\u00fc Ekber diyerek kesimlerin yap\u0131ld\u0131\u011f\u0131n\u0131n alt\u0131n\u0131 \u00e7izdi.<\/p>\n<p>Elde edilen etler d\u00fcnyan\u0131n ve \u00fclkemizin d\u00f6rt bir yan\u0131ndan gelen \u00f6\u011frenciler ile yurtd\u0131\u015f\u0131ndaki ihtiya\u00e7 sahiplerine ula\u015ft\u0131r\u0131l\u0131yor<\/p>\n<p>Akal\u0131n, hay\u0131rseverlerin 44 y\u0131ldan beri g\u00f6n\u00fcl rahatl\u0131\u011f\u0131 ile \u0130hlas Vakf\u0131na ba\u011f\u0131\u015flad\u0131\u011f\u0131 kurban vek\u00e2letlerinin yurt i\u00e7inde yurtlar\u0131m\u0131z\u0131n bulundu\u011fu \u015fehirlerde kesilerek \u00f6\u011frenci yurtlar\u0131nda, \u00fclkemizin ve d\u00fcnyan\u0131n d\u00f6rt bir taraf\u0131ndan gelen ve bar\u0131nan \u00f6\u011frencilere sarf ettiklerini, yurt d\u0131\u015f\u0131nda da ise  \u00c7ad, Afganistan, Somali, Fildi\u015fi Sahili, Uganda , Sudan, Yemen ve Gazze\u2019de keserek fakir, yoksul ve yetimlere ula\u015ft\u0131racaklar\u0131n\u0131 vurgulad\u0131.<\/p>\n<p>Nas\u0131l ba\u011f\u0131\u015f yapabilirsiniz<\/p>\n<p>Akal\u0131n son olarak, hay\u0131rseverlerin kurban vekaletlerini ihlasvakfi.org.tr adresinden online olarak ya da +90 212 451 49 00 nolu telefonu arayarak vekaletlerini verebileceklerini a\u00e7\u0131klad\u0131.<\/p>\n","protected":false},"excerpt":{"rendered":"<p>\u0130HLAS VAKFI M\u00dcTEVELL\u0130 HEYET\u0130 BA\u015eKANI AHMET TUNCER AKALIN,  HAYIRSEVERLER\u0130N KURBAN VEKALETLER\u0130N\u0130 \u0130HLASVAKF\u0130.ORG.TR ADRES\u0130NDEN ONL\u0130NE OLARAK YA DA +90 212 451 49 00 NOLU TELEFONU ARAYARAK VEKALETLER\u0130N\u0130 VEREB\u0130LECEKLER\u0130N\u0130 A\u00c7IKLADI.<\/p>\n","protected":false},"author":1,"featured_media":177817,"comment_status":"closed","ping_status":"open","sticky":false,"template":"","format":"standard","meta":{"jetpack_post_was_ever_published":false,"_jetpack_newsletter_access":"","_jetpack_dont_email_post_to_subs":false,"_jetpack_newsletter_tier_id":0,"_jetpack_memberships_contains_paywalled_content":false,"_jetpack_memberships_contains_paid_content":false,"footnotes":"","jetpack_publicize_message":"","jetpack_publicize_feature_enabled":true,"jetpack_social_post_already_shared":true,"jetpack_social_options":{"image_generator_settings":{"template":"highway","default_image_id":0,"font":"","enabled":false},"version":2}},"categories":[19],"tags":[2705,3699,42562,2814,20956,6604,31503],"class_list":["post-177816","post","type-post","status-publish","format-standard","has-post-thumbnail","hentry","category-ekonomi","tag-2705","tag-acikladi","tag-bedellerini","tag-ihlas","tag-kurban","tag-vakfi","tag-vekalet"],"jetpack_publicize_connections":[],"jetpack_featured_media_url":"https:\/\/i0.wp.com\/www.tvturk.com\/wp-content\/uploads\/2019\/07\/ihlas-vakfi-2019-kurban-veklet-bedellerini-acikladi_1c4a186.jpg?fit=1000%2C666","jetpack_sharing_enabled":true,"jetpack_shortlink":"https:\/\/wp.me\/paKIfm-Kg0","_links":{"self":[{"href":"http:\/\/www.tvturk.com\/index.php\/wp-json\/wp\/v2\/posts\/177816","targetHints":{"allow":["GET"]}}],"collection":[{"href":"http:\/\/www.tvturk.com\/index.php\/wp-json\/wp\/v2\/posts"}],"about":[{"href":"http:\/\/www.tvturk.com\/index.php\/wp-json\/wp\/v2\/types\/post"}],"author":[{"embeddable":true,"href":"http:\/\/www.tvturk.com\/index.php\/wp-json\/wp\/v2\/users\/1"}],"replies":[{"embeddable":true,"href":"http:\/\/www.tvturk.com\/index.php\/wp-json\/wp\/v2\/comments?post=177816"}],"version-history":[{"count":0,"href":"http:\/\/www.tvturk.com\/index.php\/wp-json\/wp\/v2\/posts\/177816\/revisions"}],"wp:featuredmedia":[{"embeddable":true,"href":"http:\/\/www.tvturk.com\/index.php\/wp-json\/wp\/v2\/media\/177817"}],"wp:attachment":[{"href":"http:\/\/www.tvturk.com\/index.php\/wp-json\/wp\/v2\/media?parent=177816"}],"wp:term":[{"taxonomy":"category","embeddable":true,"href":"http:\/\/www.tvturk.com\/index.php\/wp-json\/wp\/v2\/categories?post=177816"},{"taxonomy":"post_tag","embeddable":true,"href":"http:\/\/www.tvturk.com\/index.php\/wp-json\/wp\/v2\/tags?post=177816"}],"curies":[{"name":"wp","href":"https:\/\/api.w.org\/{rel}","templated":true}]}}