{"id":177824,"date":"2019-07-04T15:16:40","date_gmt":"2019-07-04T12:16:40","guid":{"rendered":"http:\/\/www.tvturk.com\/index.php\/baskan-yavas-rusyada-onur-konugu\/"},"modified":"2019-07-04T15:16:40","modified_gmt":"2019-07-04T12:16:40","slug":"baskan-yavas-rusyada-onur-konugu","status":"publish","type":"post","link":"http:\/\/www.tvturk.com\/index.php\/baskan-yavas-rusyada-onur-konugu\/","title":{"rendered":"Ba\u015fkan Yava\u015f Rusya\u2019da onur konu\u011fu"},"content":{"rendered":"<p>Moskova Belediye Ba\u015fkan\u0131 Sergey Sobyanin\u2019\u0131n davetlisi olarak ilk resmi yurt d\u0131\u015f\u0131 ziyaretini Rusya\u2019ya yapan Ankara B\u00fcy\u00fck\u015fehir Belediye Ba\u015fkan\u0131 Mansur Yava\u015f, 9. Moskova Kentsel Forumu\u2019na kat\u0131ld\u0131.<\/p>\n<p>D\u00fcnyaca \u00fcnl\u00fc bir\u00e7ok belediye ba\u015fkan\u0131n\u0131n kat\u0131ld\u0131\u011f\u0131 forumda Ba\u015fkan Yava\u015f, Moskova Belediye Ba\u015fkan\u0131 Sergey Sobyanin ile 2019 ile 2021 y\u0131llar\u0131n\u0131 kapsayan i\u015f birli\u011fi protokol\u00fcn\u00fc de imzalad\u0131.<\/p>\n<p>Ankara ve Moskova hatt\u0131 canlanacak<\/p>\n<p>Karde\u015f kent olan Ankara ve Moskova, yeni i\u015f birli\u011fi protokol\u00fc ile iki y\u0131l boyunca altyap\u0131dan ula\u015f\u0131ma, ticaretten turizme kadar bir\u00e7ok alanda birlikte \u00e7al\u0131\u015facak. Moskova Kentsel Forumu\u2019nda \u00f6zellikle b\u00fcy\u00fck kentlerin kar\u015f\u0131la\u015ft\u0131klar\u0131 sorunlar ve \u00e7\u00f6z\u00fcm yollar\u0131 masaya yat\u0131r\u0131l\u0131rken, bu y\u0131l ki forumun ana temas\u0131 ise &#8220;Ya\u015fam Kalitesi\u201d ve \u201cDaha iyi bir kent i\u00e7in projeler&#8221; olarak belirlendi.<\/p>\n<p>Ba\u015fkan Yava\u015f ve Moskova Belediye Ba\u015fkan\u0131 Sobyanin taraf\u0131ndan imzalanan i\u015f birli\u011fi protokol\u00fc ile Ankara ve Moskova hatt\u0131 daha da canlanacak.<\/p>\n<p>Her iki \u015fehrin halklar\u0131 aras\u0131nda dostane ili\u015fkileri ve kar\u015f\u0131l\u0131kl\u0131 anlay\u0131\u015f\u0131 geli\u015ftirmek, e\u015fitlik ve kar\u015f\u0131l\u0131kl\u0131 yarar sa\u011flamak ilkelerine ba\u011fl\u0131 kalarak i\u015f birli\u011fi yap\u0131lmas\u0131n\u0131n ama\u00e7land\u0131\u011f\u0131 protokolde, \u00f6ncelikli i\u015f birli\u011fi alanlar\u0131 ise \u015f\u00f6yle belirlendi:<\/p>\n<p>B\u00fcy\u00fck \u015eehirlerde Toplu Ula\u015f\u0131m ve Yol Altyap\u0131lar\u0131n\u0131n Geli\u015ftirilmesi:<\/p>\n<p>Park sistemleri organizasyonu,<\/p>\n<p>G\u00fczergah ula\u015f\u0131m\u0131 i\u00e7in banliy\u00f6 merkezleri ve kesi\u015fen park yerleri in\u015fa edilmesi,<\/p>\n<p>Ak\u0131ll\u0131 ula\u015f\u0131m sistemi uygulamalar\u0131 ve bilgisayar destekli trafik ak\u0131\u015f\u0131 m\u00fchendisli\u011fi<\/p>\n<p>Kentsel Planlaman\u0131n Geli\u015ftirilmesi:<\/p>\n<p>Tasar\u0131m ve Kentsel Geli\u015fim Naz\u0131m Planlar\u0131 uygulamas\u0131 alan\u0131nda tecr\u00fcbe de\u011fi\u015fimi,<\/p>\n<p>Ye\u015fillendirme ve kentsel mekan iyile\u015ftirilmesi i\u00e7in en uygun \u015fartlar\u0131n olu\u015fturulmas\u0131 kapsam\u0131nda tecr\u00fcbe de\u011fi\u015fimi,<\/p>\n<p>Kentsel mekanlar\u0131n yeniden in\u015faat\u0131 alan\u0131nda tecr\u00fcbe de\u011fi\u015fimi<\/p>\n<p>Kentsel Geli\u015fim, Konut hizmetleri ve Kentsel Altyap\u0131 Alanlar\u0131n\u0131n Geli\u015ftirilmesi:<\/p>\n<p>Konut iyile\u015ftirmesi, altyap\u0131 hizmetleri ve sosyal tesisler \u00e7er\u00e7evesinde ortak projeler ve programlar\u0131n yap\u0131lmas\u0131,<\/p>\n<p>Spor ve end\u00fcstriyel tesislerin yeniden in\u015fas\u0131 konusunda tecr\u00fcbe payla\u015f\u0131m\u0131n\u0131n sa\u011flanmas\u0131<\/p>\n<p>\u00c7evre Koruma Alan\u0131n\u0131n Geli\u015ftirilmesi:<\/p>\n<p>\u00c7evresel konularda uzmanlar\u0131n ger\u00e7ekle\u015ftirece\u011fi g\u00f6r\u00fc\u015fmelere ve toplant\u0131lara olanak sa\u011flanacak,<\/p>\n<p>\u00c7evre koruma alan\u0131nda bilgi payla\u015f\u0131m\u0131nda bulunulacak<\/p>\n<p>K\u00fclt\u00fcr, Turizm ve Spor Alanlar\u0131n\u0131n Geli\u015ftirilmesi:<\/p>\n<p>K\u00fclt\u00fcrel miras kaynaklar\u0131n\u0131n devlet taraf\u0131ndan korunmas\u0131, ulusal muhafaza ve bu konular\u0131n kitleselle\u015fmesi \u00e7er\u00e7evesinde tecr\u00fcbe payla\u015f\u0131m\u0131n\u0131n sa\u011flanmas\u0131,<\/p>\n<p>Turist ve konaklama hizmetlerinin geli\u015ftirilmesi konular\u0131nda ileti\u015fimin tesis edilmesi,<\/p>\n<p>Taraflarca d\u00fczenlenen turizm ticaret sergileri, konferanslar ve seminerlere kat\u0131lmak,<\/p>\n<p>Belirli spor alanlar\u0131nda uzmanla\u015fm\u0131\u015f, spor heyetlerinin de\u011fi\u015fimi,<\/p>\n<p>K\u00fclt\u00fcr heyetlerinin de\u011fi\u015fimi,<\/p>\n<p>Taraflarca d\u00fczenlenen k\u00fclt\u00fcrel sergilere, konferanslara, forumlara, seminerlere kat\u0131lmak,<\/p>\n<p>K\u00fclt\u00fcr, spor ve turizm alan\u0131nda uzman de\u011fi\u015fimi,<\/p>\n<p>Gen\u00e7 restorasyon uzmanlar\u0131n\u0131n e\u011fitiminde tecr\u00fcbe payla\u015f\u0131m\u0131n\u0131n sa\u011flanmas\u0131,<\/p>\n<p>Gen\u00e7 restorasyon uzmanlar\u0131n\u0131n taraflarca d\u00fczenlenen projelere kat\u0131l\u0131m\u0131n\u0131n sa\u011flanmas\u0131.<\/p>\n<p>Bili\u015fim Teknolojileri Alan\u0131n\u0131n Geli\u015ftirilmesi:<\/p>\n<p>Vatanda\u015flar i\u00e7in devlet hizmetleri eri\u015fim programlar\u0131 geli\u015ftirilecek,<\/p>\n<p>Elektronik devlet hizmetlerinin geli\u015ftirilmesi te\u015fvik edilecek,<\/p>\n<p>Devlet makamlar\u0131 ve vatanda\u015flar aras\u0131ndaki koordinasyonun geli\u015ftirilmesine olanak sa\u011flanacak<\/p>\n<p>Ticaret, Ekonomi ve \u0130\u015f Alanlar\u0131n\u0131n Geli\u015ftirilmesi:<\/p>\n<p>Giri\u015fimcilik ve \u00f6zel te\u015febb\u00fcs\u00fcn geli\u015ftirilmesi ve desteklenmesi alan\u0131nda tecr\u00fcbe payla\u015f\u0131m\u0131n\u0131n sa\u011flanmas\u0131,<\/p>\n<p>Ticaret ve hizmetler alan\u0131nda modern kazan\u0131mlar\u0131n tetkik edilmesi i\u00e7in konuyla ilintili sergi, yar\u0131\u015fma, festival, ticaret fuar\u0131 ve yuvarlak masa toplant\u0131lar\u0131 hakk\u0131nda bilgi payla\u015f\u0131m\u0131nda bulunulmas\u0131<\/p>\n<p>Sosyal Koruma ve Sosyal G\u00fcvenlik Alan\u0131n\u0131n Geli\u015ftirilmesi:<\/p>\n<p>Sosyal koruma konusunda tecr\u00fcbe payla\u015f\u0131m\u0131n\u0131n ger\u00e7ekle\u015ftirilmesi,<\/p>\n<p>Sosyal koruma ve hukuki yard\u0131m konulu programlar kapsam\u0131nda tecr\u00fcbe payla\u015f\u0131m\u0131n\u0131n ger\u00e7ekle\u015ftirilmesi<\/p>\n<p>Ankara ve Moskova Belediyeleri, bundan sonra iki \u015fehir aras\u0131nda ortakl\u0131k ba\u011flar\u0131n\u0131n g\u00fc\u00e7lendirilmesi i\u00e7in her t\u00fcrl\u00fc katk\u0131y\u0131 ve deste\u011fi kar\u015f\u0131l\u0131kl\u0131 sa\u011flayacak.<\/p>\n","protected":false},"excerpt":{"rendered":"<p>MOSKOVA BELED\u0130YE BA\u015eKANI SERGEY SOBYAN\u0130N\u2019IN DAVETL\u0130S\u0130 OLARAK \u0130LK RESM\u0130 YURT DI\u015eI Z\u0130YARET\u0130N\u0130 RUSYA\u2019YA YAPAN ANKARA B\u00dcY\u00dcK\u015eEH\u0130R BELED\u0130YE BA\u015eKANI MANSUR YAVA\u015e, 9. MOSKOVA KENTSEL FORUMU\u2019NA KATILDI.<\/p>\n","protected":false},"author":1,"featured_media":177825,"comment_status":"closed","ping_status":"open","sticky":false,"template":"","format":"standard","meta":{"jetpack_post_was_ever_published":false,"_jetpack_newsletter_access":"","_jetpack_dont_email_post_to_subs":false,"_jetpack_newsletter_tier_id":0,"_jetpack_memberships_contains_paywalled_content":false,"_jetpack_memberships_contains_paid_content":false,"footnotes":"","jetpack_publicize_message":"","jetpack_publicize_feature_enabled":true,"jetpack_social_post_already_shared":true,"jetpack_social_options":{"image_generator_settings":{"template":"highway","default_image_id":0,"font":"","enabled":false},"version":2}},"categories":[1],"tags":[100,7542,9079,8759,16885],"class_list":["post-177824","post","type-post","status-publish","format-standard","has-post-thumbnail","hentry","category-genel","tag-baskan","tag-konugu","tag-onur","tag-rusyada","tag-yavas"],"jetpack_publicize_connections":[],"jetpack_featured_media_url":"https:\/\/i0.wp.com\/www.tvturk.com\/wp-content\/uploads\/2019\/07\/baskan-yavas-rusyada-onur-konugu_eb15875.jpg?fit=1000%2C750","jetpack_sharing_enabled":true,"jetpack_shortlink":"https:\/\/wp.me\/paKIfm-Kg8","_links":{"self":[{"href":"http:\/\/www.tvturk.com\/index.php\/wp-json\/wp\/v2\/posts\/177824","targetHints":{"allow":["GET"]}}],"collection":[{"href":"http:\/\/www.tvturk.com\/index.php\/wp-json\/wp\/v2\/posts"}],"about":[{"href":"http:\/\/www.tvturk.com\/index.php\/wp-json\/wp\/v2\/types\/post"}],"author":[{"embeddable":true,"href":"http:\/\/www.tvturk.com\/index.php\/wp-json\/wp\/v2\/users\/1"}],"replies":[{"embeddable":true,"href":"http:\/\/www.tvturk.com\/index.php\/wp-json\/wp\/v2\/comments?post=177824"}],"version-history":[{"count":0,"href":"http:\/\/www.tvturk.com\/index.php\/wp-json\/wp\/v2\/posts\/177824\/revisions"}],"wp:featuredmedia":[{"embeddable":true,"href":"http:\/\/www.tvturk.com\/index.php\/wp-json\/wp\/v2\/media\/177825"}],"wp:attachment":[{"href":"http:\/\/www.tvturk.com\/index.php\/wp-json\/wp\/v2\/media?parent=177824"}],"wp:term":[{"taxonomy":"category","embeddable":true,"href":"http:\/\/www.tvturk.com\/index.php\/wp-json\/wp\/v2\/categories?post=177824"},{"taxonomy":"post_tag","embeddable":true,"href":"http:\/\/www.tvturk.com\/index.php\/wp-json\/wp\/v2\/tags?post=177824"}],"curies":[{"name":"wp","href":"https:\/\/api.w.org\/{rel}","templated":true}]}}